{"id":3255,"date":"2022-06-14T09:59:39","date_gmt":"2022-06-14T07:59:39","guid":{"rendered":"https:\/\/www.diocesidiroma.it\/culturaeuniversita\/?p=3255"},"modified":"2022-09-27T11:27:30","modified_gmt":"2022-09-27T09:27:30","slug":"cammino-sinodale-il-28-giugno-i-vespri-con-il-cardinale-vicario","status":"publish","type":"post","link":"https:\/\/www.diocesidiroma.it\/universita\/index.php\/cammino-sinodale-il-28-giugno-i-vespri-con-il-cardinale-vicario\/","title":{"rendered":"Cammino sinodale: Il 28 giugno i Vespri con il cardinale vicario"},"content":{"rendered":"<p><img loading=\"lazy\" decoding=\"async\" class=\"alignnone size-medium wp-image-2937\" src=\"https:\/\/www.diocesidiroma.it\/culturaeuniversita\/wp-content\/uploads\/2021\/06\/gallery4-1024x597-300x175.jpg\" alt=\"\" width=\"300\" height=\"175\" srcset=\"https:\/\/www.diocesidiroma.it\/universita\/wp-content\/uploads\/2021\/06\/gallery4-1024x597-300x175.jpg 300w, https:\/\/www.diocesidiroma.it\/universita\/wp-content\/uploads\/2021\/06\/gallery4-1024x597-768x448.jpg 768w, https:\/\/www.diocesidiroma.it\/universita\/wp-content\/uploads\/2021\/06\/gallery4-1024x597-600x350.jpg 600w, https:\/\/www.diocesidiroma.it\/universita\/wp-content\/uploads\/2021\/06\/gallery4-1024x597.jpg 1024w\" sizes=\"auto, (max-width: 300px) 100vw, 300px\" \/>Un lungo lavoro di ascolto che ha coinvolto parrocchie, comunit\u00e0 religiose, scuole, carceri, ospedali, comunit\u00e0 etniche, ambienti giovanili. Compiuto da una \u201cChiesa in uscita\u201d con le \u201carmi\u201d della disponibilit\u00e0 e dell\u2019apertura agli altri. \u00c8 l\u2019itinerario sinodale della diocesi di Roma, che avr\u00e0 il punto di arrivo ufficiale della prima fase marted\u00ec 28 giugno alle ore 19, quando, nella basilica di San Giovanni in Laterano, il cardinale vicario\u00a0<strong>Angelo De Donatis<\/strong>\u00a0presieder\u00e0 la preghiera dei\u00a0<strong>primi Vespri della solennit\u00e0 dei santi Pietro e Paolo<\/strong>, patroni di Roma, con la partecipazione di una rappresentanza delle parrocchie e delle altre realt\u00e0 ecclesiali della Chiesa di Roma.\u00a0<strong>La celebrazione sar\u00e0 trasmessa in diretta su Telepace e in streaming sulla pagina Facebook della diocesi di Roma<\/strong>.<\/p>\n<p>Ad annunciarlo \u00e8 una\u00a0<strong>lettera del prelato segretario del Vicariato, monsignor Pierangelo Pedretti<\/strong>. \u00abAlla luce del percorso ecclesiale sinora svolto, in quest\u2019occasione \u2013 scrive il sacerdote \u2013 consegner\u00e0 alla comunit\u00e0 diocesana la sintesi del cammino sinodale della diocesi di Roma recentemente presentata alla Conferenza Episcopale Italiana e alcuni suggerimenti per continuare il cammino di ascolto\u00bb.<\/p>\n<p>S\u00ec, perch\u00e9 se la prima fase dell\u2019itinerario voluto dal Papa e compiuto dalla diocesi in comunione con le altre Chiese locali si \u00e8 esaurita, le comunit\u00e0 parrocchiali e le altre realt\u00e0 ecclesiali della diocesi sono invitate a proseguire in questo stile dell\u2019ascolto sinodale affinch\u00e9 possa restare come segno permanente di un impegno al servizio degli altri, non solo dei fedeli ma di tutta la citt\u00e0.<\/p>\n<p><em>Fonte: https:\/\/www.diocesidiroma.it\/il-28-giugno-i-vespri-con-il-cardinale-angelo-de-donatis\/<\/em><\/p>\n<p>14 giugno 2022<\/p>\n","protected":false},"excerpt":{"rendered":"<p>Appuntamento nella basilica lateranense il 28 giugno alle 19. La preghiera dei vespri della solennit\u00e0 dei santi Pietro e Paolo.<\/p>\n","protected":false},"author":11,"featured_media":3256,"comment_status":"closed","ping_status":"closed","sticky":false,"template":"","format":"standard","meta":{"footnotes":""},"categories":[67],"tags":[],"class_list":["post-3255","post","type-post","status-publish","format-standard","has-post-thumbnail","hentry","category-archivio-eventi"],"acf":[],"_links":{"self":[{"href":"https:\/\/www.diocesidiroma.it\/universita\/index.php\/wp-json\/wp\/v2\/posts\/3255","targetHints":{"allow":["GET"]}}],"collection":[{"href":"https:\/\/www.diocesidiroma.it\/universita\/index.php\/wp-json\/wp\/v2\/posts"}],"about":[{"href":"https:\/\/www.diocesidiroma.it\/universita\/index.php\/wp-json\/wp\/v2\/types\/post"}],"author":[{"embeddable":true,"href":"https:\/\/www.diocesidiroma.it\/universita\/index.php\/wp-json\/wp\/v2\/users\/11"}],"replies":[{"embeddable":true,"href":"https:\/\/www.diocesidiroma.it\/universita\/index.php\/wp-json\/wp\/v2\/comments?post=3255"}],"version-history":[{"count":3,"href":"https:\/\/www.diocesidiroma.it\/universita\/index.php\/wp-json\/wp\/v2\/posts\/3255\/revisions"}],"predecessor-version":[{"id":3259,"href":"https:\/\/www.diocesidiroma.it\/universita\/index.php\/wp-json\/wp\/v2\/posts\/3255\/revisions\/3259"}],"wp:featuredmedia":[{"embeddable":true,"href":"https:\/\/www.diocesidiroma.it\/universita\/index.php\/wp-json\/wp\/v2\/media\/3256"}],"wp:attachment":[{"href":"https:\/\/www.diocesidiroma.it\/universita\/index.php\/wp-json\/wp\/v2\/media?parent=3255"}],"wp:term":[{"taxonomy":"category","embeddable":true,"href":"https:\/\/www.diocesidiroma.it\/universita\/index.php\/wp-json\/wp\/v2\/categories?post=3255"},{"taxonomy":"post_tag","embeddable":true,"href":"https:\/\/www.diocesidiroma.it\/universita\/index.php\/wp-json\/wp\/v2\/tags?post=3255"}],"curies":[{"name":"wp","href":"https:\/\/api.w.org\/{rel}","templated":true}]}}