{"id":3465,"date":"2023-01-10T11:08:46","date_gmt":"2023-01-10T10:08:46","guid":{"rendered":"https:\/\/www.diocesidiroma.it\/culturaeuniversita\/?p=3465"},"modified":"2023-10-10T11:21:37","modified_gmt":"2023-10-10T09:21:37","slug":"in-ecclesiarum-communione","status":"publish","type":"post","link":"https:\/\/www.diocesidiroma.it\/universita\/index.php\/in-ecclesiarum-communione\/","title":{"rendered":"In ecclesiarum communione"},"content":{"rendered":"<h1><\/h1>\n<h1><\/h1>\n<h1 class=\"entry-title\">La nuova Costituzione apostolica sull\u2019ordinamento del Vicariato di Roma<\/h1>\n<p>&nbsp;<\/p>\n<p>&nbsp;<\/p>\n<p>&nbsp;<\/p>\n<p>&nbsp;<\/p>\n<p>&nbsp;<\/p>\n<p>&nbsp;<\/p>\n<p>&nbsp;<\/p>\n<p>&nbsp;<\/p>\n<p>\u201cNella comunione delle Chiese, alla Chiesa di Roma \u00e8 affidata la particolare responsabilit\u00e0 di accogliere la fede e la carit\u00e0 di Cristo trasmesse dagli Apostoli e di testimoniarle in modo esemplare. \u00c8 quindi primaria preoccupazione del suo Vescovo provvedere a quanto \u00e8 necessario perch\u00e9 questa Chiesa corrisponda a ci\u00f2 che le dice lo Spirito del Signore Ges\u00f9 Cristo\u2026\u201d. Queste le prime righe della nuova Costituzione Apostolica \u201cIn ecclesiarum communione\u201d firmata da Papa Francesco e che regoler\u00e0 il funzionamento del Vicariato di Roma.<\/p>\n<p>Insieme alla nuova Costituzione Apostolica, \u00e8 stato pubblicato anche il Decreto per l\u2019assegnazione dei settori, degli ambiti e servizi pastorali ai Vescovi Ausiliari della Diocesi. I Direttori degli Uffici \u2013 si legge nel documento -, i membri del Consiglio per gli Affari Economici e del Collegio dei Consultori sono prorogati <em>donec aliter provideatur<\/em>.<\/p>\n<p>Ai Vescovi Ausiliari sono stati affidati i seguenti settori, ambiti e servizi pastorali:<\/p>\n<p>\u2212 S.E. Mons. Daniele Libanori, S.I., settore centro, ambito dell\u2019educazione;<br \/>\n\u2212 S.E. Mons. Daniele Salera, settore nord, ambito della formazione cristiana;<br \/>\n\u2212 S.E. Mons. Riccardo Lamba, settore est, ambito della Chiesa ospitale e \u00abin uscita\u00bb, Servizio<br \/>\nper la tutela dei minori e delle persone vulnerabili;<br \/>\n\u2212 S.E. Mons. Dario Gervasi, settore sud, ambito per la cura delle et\u00e0 e della vita;<br \/>\n\u2212 S.E. Mons. Baldassare Reina, settore ovest, ambito dell\u2019Amministrazione dei beni, ambito<br \/>\ngiuridico, servizio della Segreteria generale, Seminari;<br \/>\n\u2212 S.E. Mons. Paolo Ricciardi, ambito per la cura del diaconato, del clero e della vita religiosa, Ordo Virginum;<br \/>\n\u2212 S.E. Mons. Benoni Ambarus, ambito della Diaconia della Carit\u00e0.<\/p>\n<p>Fonte:\u00a0<a href=\"https:\/\/www.diocesidiroma.it\/in-ecclesiarum-communione-la-nuova-costituzione-apostolica\/\">https:\/\/www.diocesidiroma.it\/in-ecclesiarum-communione-la-nuova-costituzione-apostolica\/<\/a><\/p>\n","protected":false},"excerpt":{"rendered":"<p>La nuova Costituzione apostolica sull\u2019ordinamento del Vicariato di Roma &nbsp; &nbsp; &nbsp; &nbsp; &nbsp; &nbsp; &nbsp; &nbsp; \u201cNella comunione delle Chiese, alla Chiesa di Roma \u00e8 affidata la particolare responsabilit\u00e0 <a href=\"https:\/\/www.diocesidiroma.it\/universita\/index.php\/in-ecclesiarum-communione\/\"> Read more&#8230;<\/a><\/p>\n","protected":false},"author":11,"featured_media":3466,"comment_status":"closed","ping_status":"closed","sticky":false,"template":"","format":"standard","meta":{"footnotes":""},"categories":[67],"tags":[],"class_list":["post-3465","post","type-post","status-publish","format-standard","has-post-thumbnail","hentry","category-archivio-eventi"],"acf":[],"_links":{"self":[{"href":"https:\/\/www.diocesidiroma.it\/universita\/index.php\/wp-json\/wp\/v2\/posts\/3465","targetHints":{"allow":["GET"]}}],"collection":[{"href":"https:\/\/www.diocesidiroma.it\/universita\/index.php\/wp-json\/wp\/v2\/posts"}],"about":[{"href":"https:\/\/www.diocesidiroma.it\/universita\/index.php\/wp-json\/wp\/v2\/types\/post"}],"author":[{"embeddable":true,"href":"https:\/\/www.diocesidiroma.it\/universita\/index.php\/wp-json\/wp\/v2\/users\/11"}],"replies":[{"embeddable":true,"href":"https:\/\/www.diocesidiroma.it\/universita\/index.php\/wp-json\/wp\/v2\/comments?post=3465"}],"version-history":[{"count":2,"href":"https:\/\/www.diocesidiroma.it\/universita\/index.php\/wp-json\/wp\/v2\/posts\/3465\/revisions"}],"predecessor-version":[{"id":3468,"href":"https:\/\/www.diocesidiroma.it\/universita\/index.php\/wp-json\/wp\/v2\/posts\/3465\/revisions\/3468"}],"wp:featuredmedia":[{"embeddable":true,"href":"https:\/\/www.diocesidiroma.it\/universita\/index.php\/wp-json\/wp\/v2\/media\/3466"}],"wp:attachment":[{"href":"https:\/\/www.diocesidiroma.it\/universita\/index.php\/wp-json\/wp\/v2\/media?parent=3465"}],"wp:term":[{"taxonomy":"category","embeddable":true,"href":"https:\/\/www.diocesidiroma.it\/universita\/index.php\/wp-json\/wp\/v2\/categories?post=3465"},{"taxonomy":"post_tag","embeddable":true,"href":"https:\/\/www.diocesidiroma.it\/universita\/index.php\/wp-json\/wp\/v2\/tags?post=3465"}],"curies":[{"name":"wp","href":"https:\/\/api.w.org\/{rel}","templated":true}]}}