{"id":3649,"date":"2023-06-13T12:29:32","date_gmt":"2023-06-13T10:29:32","guid":{"rendered":"https:\/\/www.diocesidiroma.it\/culturaeuniversita\/?p=3649"},"modified":"2023-10-10T11:13:59","modified_gmt":"2023-10-10T09:13:59","slug":"primi-vespri-della-solennita-della-nativita-di-san-giovanni-il-battista","status":"publish","type":"post","link":"https:\/\/www.diocesidiroma.it\/universita\/index.php\/primi-vespri-della-solennita-della-nativita-di-san-giovanni-il-battista\/","title":{"rendered":"Solennit\u00e0 della Nativit\u00e0 di San Giovanni il Battista"},"content":{"rendered":"<p>&nbsp;<\/p>\n<p>&nbsp;<\/p>\n<blockquote class=\"wp-embedded-content\" data-secret=\"GQd56uD36H\"><p><a href=\"https:\/\/www.romasette.it\/il-23-giugno-de-donatis-presenta-le-linee-del-cammino-pastorale\/\">Il 23 giugno De Donatis presenta le linee del cammino pastorale<\/a><\/p><\/blockquote>\n<p><iframe loading=\"lazy\" class=\"wp-embedded-content\" sandbox=\"allow-scripts\" security=\"restricted\" style=\"position: absolute; clip: rect(1px, 1px, 1px, 1px);\" title=\"&#8220;Il 23 giugno De Donatis presenta le linee del cammino pastorale&#8221; &#8212; RomaSette\" src=\"https:\/\/www.romasette.it\/il-23-giugno-de-donatis-presenta-le-linee-del-cammino-pastorale\/embed\/#?secret=cOIoZfQDNh#?secret=GQd56uD36H\" data-secret=\"GQd56uD36H\" width=\"600\" height=\"338\" frameborder=\"0\" marginwidth=\"0\" marginheight=\"0\" scrolling=\"no\"><\/iframe><\/p>\n<p>Venerd\u00ec <strong>23 giugno prossimo alle ore 19,00 <\/strong>nella Basilica di San Giovanni in Laterano si terr\u00e0 la preghiera dei Primi Vespri della Solennit\u00e0 della Nativit\u00e0 di San Giovanni il Battista.<\/p>\n<p>In quest\u2019occasione, il cardinale vicario e i vescovi ausiliari sveleranno le linee del cammino pastorale, sulla fase sapienziale che ci attende da settembre prossimo.<\/p>\n<p>L\u2019ingresso in Basilica \u00e8 libero e per l\u2019occasione sar\u00e0 possibile parcheggiare nella Piazza antistante il Palazzo del Vicariato e presso il parcheggio della Pontificia Universit\u00e0 Lateranense.<\/p>\n<p>La preghiera sar\u00e0 trasmessa in diretta su Telepace (Roma e Provincia canale 73) e in streaming sul Canale Youtube della Diocesi di Roma.<\/p>\n<p>&nbsp;<\/p>\n","protected":false},"excerpt":{"rendered":"<p>&nbsp; &nbsp; Il 23 giugno De Donatis presenta le linee del cammino pastorale Venerd\u00ec 23 giugno prossimo alle ore 19,00 nella Basilica di San Giovanni in Laterano si terr\u00e0 la <a href=\"https:\/\/www.diocesidiroma.it\/universita\/index.php\/primi-vespri-della-solennita-della-nativita-di-san-giovanni-il-battista\/\"> Read more&#8230;<\/a><\/p>\n","protected":false},"author":11,"featured_media":1200,"comment_status":"closed","ping_status":"closed","sticky":false,"template":"","format":"standard","meta":{"footnotes":""},"categories":[67],"tags":[],"class_list":["post-3649","post","type-post","status-publish","format-standard","has-post-thumbnail","hentry","category-archivio-eventi"],"acf":[],"_links":{"self":[{"href":"https:\/\/www.diocesidiroma.it\/universita\/index.php\/wp-json\/wp\/v2\/posts\/3649","targetHints":{"allow":["GET"]}}],"collection":[{"href":"https:\/\/www.diocesidiroma.it\/universita\/index.php\/wp-json\/wp\/v2\/posts"}],"about":[{"href":"https:\/\/www.diocesidiroma.it\/universita\/index.php\/wp-json\/wp\/v2\/types\/post"}],"author":[{"embeddable":true,"href":"https:\/\/www.diocesidiroma.it\/universita\/index.php\/wp-json\/wp\/v2\/users\/11"}],"replies":[{"embeddable":true,"href":"https:\/\/www.diocesidiroma.it\/universita\/index.php\/wp-json\/wp\/v2\/comments?post=3649"}],"version-history":[{"count":7,"href":"https:\/\/www.diocesidiroma.it\/universita\/index.php\/wp-json\/wp\/v2\/posts\/3649\/revisions"}],"predecessor-version":[{"id":3669,"href":"https:\/\/www.diocesidiroma.it\/universita\/index.php\/wp-json\/wp\/v2\/posts\/3649\/revisions\/3669"}],"wp:featuredmedia":[{"embeddable":true,"href":"https:\/\/www.diocesidiroma.it\/universita\/index.php\/wp-json\/wp\/v2\/media\/1200"}],"wp:attachment":[{"href":"https:\/\/www.diocesidiroma.it\/universita\/index.php\/wp-json\/wp\/v2\/media?parent=3649"}],"wp:term":[{"taxonomy":"category","embeddable":true,"href":"https:\/\/www.diocesidiroma.it\/universita\/index.php\/wp-json\/wp\/v2\/categories?post=3649"},{"taxonomy":"post_tag","embeddable":true,"href":"https:\/\/www.diocesidiroma.it\/universita\/index.php\/wp-json\/wp\/v2\/tags?post=3649"}],"curies":[{"name":"wp","href":"https:\/\/api.w.org\/{rel}","templated":true}]}}