{"id":4036,"date":"2024-05-28T13:21:20","date_gmt":"2024-05-28T11:21:20","guid":{"rendered":"https:\/\/www.diocesidiroma.it\/universita\/?p=4036"},"modified":"2024-06-12T11:13:55","modified_gmt":"2024-06-12T09:13:55","slug":"un-magnifico-rettore-si-e-suicidato","status":"publish","type":"post","link":"https:\/\/www.diocesidiroma.it\/universita\/index.php\/un-magnifico-rettore-si-e-suicidato\/","title":{"rendered":"Un magnifico rettore si \u00e8 suicidato."},"content":{"rendered":"<p>&nbsp;<\/p>\n<p>&nbsp;<\/p>\n<p>&nbsp;<\/p>\n<p>&nbsp;<\/p>\n<p>&nbsp;<\/p>\n<p>&nbsp;<\/p>\n<p>&nbsp;<\/p>\n<p>&nbsp;<\/p>\n<p>&nbsp;<\/p>\n<p>&nbsp;<\/p>\n<p><em>Riprendiamo sul nostro sito una nota di Andrea Lonardo.\u00a0<\/em><\/p>\n<p>Il Magnifico rettore dell\u2019Universit\u00e0 Cattolica, Franco Anelli,\u00a0<strong>si \u00e8 tolto la vita. Persona stimatissima<\/strong>, senza figli, ma con una compagna e con una mamma anziana ancora vivente. Noto per pubblicazioni e interventi e per l\u2019equilibrio delle sue posizioni sociali e politiche, appena nominato da papa Francesco consultore presso la Santa Sede.<\/p>\n<p>Eppure ognuno \u00e8 ora\u00a0<strong>dinanzi al \u201cmistero\u201d di una vita rifiutata<\/strong>, di cui nessun conosce, ad ora, le ragioni.<\/p>\n<p>Anche questo\u00a0<strong>aggiunge \u201cmistero\u201d al \u201cmistero\u201d; poich\u00e9 ognuno sa che tantissime possono essere le \u201cragioni\u201d<\/strong>.<\/p>\n<p>Ma, al contempo<strong>, ognuno sa che le \u201cragioni\u201d<\/strong>\u00a0&#8211; che forse saranno un giorno note &#8211;\u00a0<strong>non sono vere \u201cragioni\u201d<\/strong>.<\/p>\n<p>Ognuna sa che\u00a0<strong>avrebbe potuto essere diversamente. Ognuno sa che sarebbe stato pi\u00f9 bello che egli avesse invece trovato il coraggio di sperare, o di chiedere perdono, o di non sentirsi solo<\/strong>, o di vincere la tristezza, o tutto questo assieme,\u00a0<strong>o chiss\u00e0 che cosa<\/strong>.<\/p>\n<p>Nessuno, dinanzi ad un suicidio, dice semplicemente: \u201cEra libero di farlo,\u00a0<strong>battiamo le mani alla sua libert\u00e0\u201d, ma si dispiace<\/strong>.<\/p>\n<p><strong>L\u2019accademia deve fare scienza<\/strong>, ma deve sempre sapere e ancor pi\u00f9 deve &#8211; di conseguenza &#8211;\u00a0<strong>insegnare che la vita dell\u2019uomo \u00e8 \u201cmistero\u201d<\/strong>.<\/p>\n<p>Deve insegnare che tutti i titoli e le conoscenze di questo mondo\u00a0<strong>non decidono, in fondo, se valga la pena vivere o meno<\/strong>, e, al contempo,\u00a0<strong>che tale decisione deve esser presa<\/strong>.<\/p>\n<p><strong>Che un universitario studia e al contempo vuole capire se vale la pena vivere, se si pu\u00f2 affrontare una colpa o un fallimento con speranza di perdono, se vale la pena sposarsi e generare figli<\/strong>, se la vita \u00e8 benedetta, se si possono vincere tristezza e depressione.<\/p>\n<p><strong>Si comprenda bene: scienza \u2013 l\u2019accademia \u2013 e sapienza \u2013 la vita benedetta o il suicidio \u2013 non sono solo due ambiti<\/strong>\u00a0dell\u2019esistenza umana, irriducibili l\u2019uno all\u2019altro, per cui pu\u00f2 funzionare\u00a0<strong>benissimo un aspetto ed essere assolutamente manchevole l\u2019altro<\/strong>.<\/p>\n<p>Sono anche\u00a0<strong>due realt\u00e0 comunicanti<\/strong>, che si illuminano a vicenda,\u00a0<strong>che si interrogano e si sostengono<\/strong>.<\/p>\n<p><strong>Proprio una visione<\/strong>\u00a0ampia, universale,\u00a0<strong>non intollerante ed esclusiva, di universit\u00e0, favorisce e non ostacola tale dialogo<\/strong>, ponendo domande di ogni tipo.<\/p>\n<p>Ed\u00a0<strong>in particolare una domanda che non \u00e8 astratta, ma che \u00e8 assolutamente concreta: perch\u00e9 un uomo si toglie la vita? Ma anche:\u00a0<\/strong>vale la pena discutere delle \u201cragioni\u201d per cui siamo tristi che ci\u00f2 sia avvenuto e avremmo voluto\u00a0<strong>dargli \u201cragione\u201d del perch\u00e9 sperare ancora?<\/strong><\/p>\n<p>Fonte: https:\/\/www.gliscritti.it\/blog\/entry\/6577<\/p>\n","protected":false},"excerpt":{"rendered":"<p>&nbsp; &nbsp; &nbsp; &nbsp; &nbsp; &nbsp; &nbsp; &nbsp; &nbsp; &nbsp; Riprendiamo sul nostro sito una nota di Andrea Lonardo.\u00a0 Il Magnifico rettore dell\u2019Universit\u00e0 Cattolica, Franco Anelli,\u00a0si \u00e8 tolto la vita. <a href=\"https:\/\/www.diocesidiroma.it\/universita\/index.php\/un-magnifico-rettore-si-e-suicidato\/\"> Read more&#8230;<\/a><\/p>\n","protected":false},"author":11,"featured_media":4037,"comment_status":"closed","ping_status":"closed","sticky":false,"template":"","format":"standard","meta":{"footnotes":""},"categories":[67],"tags":[],"class_list":["post-4036","post","type-post","status-publish","format-standard","has-post-thumbnail","hentry","category-archivio-eventi"],"acf":[],"_links":{"self":[{"href":"https:\/\/www.diocesidiroma.it\/universita\/index.php\/wp-json\/wp\/v2\/posts\/4036","targetHints":{"allow":["GET"]}}],"collection":[{"href":"https:\/\/www.diocesidiroma.it\/universita\/index.php\/wp-json\/wp\/v2\/posts"}],"about":[{"href":"https:\/\/www.diocesidiroma.it\/universita\/index.php\/wp-json\/wp\/v2\/types\/post"}],"author":[{"embeddable":true,"href":"https:\/\/www.diocesidiroma.it\/universita\/index.php\/wp-json\/wp\/v2\/users\/11"}],"replies":[{"embeddable":true,"href":"https:\/\/www.diocesidiroma.it\/universita\/index.php\/wp-json\/wp\/v2\/comments?post=4036"}],"version-history":[{"count":2,"href":"https:\/\/www.diocesidiroma.it\/universita\/index.php\/wp-json\/wp\/v2\/posts\/4036\/revisions"}],"predecessor-version":[{"id":4039,"href":"https:\/\/www.diocesidiroma.it\/universita\/index.php\/wp-json\/wp\/v2\/posts\/4036\/revisions\/4039"}],"wp:featuredmedia":[{"embeddable":true,"href":"https:\/\/www.diocesidiroma.it\/universita\/index.php\/wp-json\/wp\/v2\/media\/4037"}],"wp:attachment":[{"href":"https:\/\/www.diocesidiroma.it\/universita\/index.php\/wp-json\/wp\/v2\/media?parent=4036"}],"wp:term":[{"taxonomy":"category","embeddable":true,"href":"https:\/\/www.diocesidiroma.it\/universita\/index.php\/wp-json\/wp\/v2\/categories?post=4036"},{"taxonomy":"post_tag","embeddable":true,"href":"https:\/\/www.diocesidiroma.it\/universita\/index.php\/wp-json\/wp\/v2\/tags?post=4036"}],"curies":[{"name":"wp","href":"https:\/\/api.w.org\/{rel}","templated":true}]}}