{"id":1197,"date":"2018-11-08T10:21:05","date_gmt":"2018-11-08T09:21:05","guid":{"rendered":"https:\/\/www.diocesidiroma.it\/utsroma\/\/?p=1197"},"modified":"2018-11-08T10:21:05","modified_gmt":"2018-11-08T09:21:05","slug":"piste-ciclabili-un-avviso-per-i-comuni-dalla-regione-lazio","status":"publish","type":"post","link":"https:\/\/www.diocesidiroma.it\/utsroma\/index.php\/piste-ciclabili-un-avviso-per-i-comuni-dalla-regione-lazio\/","title":{"rendered":"Piste ciclabili: un avviso per i Comuni dalla Regione Lazio"},"content":{"rendered":"<p id=\"abstract_pagine_dettaglio\">Mercoled\u00ec 7 novembre la Regione Lazio ha approvato la delibera che ha <strong>l&#8217;obiettivo di sostenere la promozione e la realizzazione di nuove ciclovie e mettere in rete le piste ciclabili esistenti<\/strong> o progettate a livello locale, regionale e nazionale. Le manifestazioni di interesse andranno a costituire un &#8220;parco progetti&#8221; utile per la definizione del Piano Regionale della Mobilit\u00e0 Ciclistica e per la programmazione degli interventi da finanziare.<\/p>\n<p><strong><a href=\"http:\/\/www.regione.lazio.it\/binary\/rl_main\/tbl_news\/pista_ciclabile_reg_.jpg\"><i><\/i><i><\/i><i><\/i><img loading=\"lazy\" decoding=\"async\" class=\"img_pagine_dettaglio_presidenza alignleft\" src=\"http:\/\/www.regione.lazio.it\/binary\/rl_main\/tbl_news\/pista_ciclabile_reg_.jpg\" alt=\"pista_ciclabile\" width=\"408\" height=\"210\" \/><\/a><\/strong>All&#8217;interno di essa: <b>l&#8217;avviso rivolto ai Comuni per promuovere la realizzazione di piste ciclabili all\u2019interno del Lazio. <\/b>Tra le opere che si intendono favorire attraverso questo avviso rientrano anche la <strong>&#8220;Romea Francigena&#8221;<\/strong>, la <strong>&#8220;Ciclovia del Sole&#8221;<\/strong> &#8211; itinerari della rete ciclabile transnazionale previsti dal progetto europeo <a href=\"http:\/\/www.eurovelo.com\/en\" target=\"_blank\" rel=\"noopener\">&#8220;EuroVelo&#8221;<\/a>, la <strong>&#8220;Ciclovia Tirrenica&#8221;<\/strong>, che rientra nel sistema nazionale delle ciclovie turistiche.<\/p>\n<div id=\"testo_pagine_dettaglio\">\n<p><b>Per la raccolta delle manifestazioni di interesse e per la relativa valutazione la Regione Lazio <\/b>si avvarr\u00e0 della societ\u00e0 regionale<b> Astral<\/b> che, ai fini della predisposizione di una graduatoria, <strong>dovr\u00e0 tener conto dei criteri<\/strong> di pianificazione, tra i quali <strong>l\u2019attrattivit\u00e0<\/strong>, <strong>la fruibilit\u00e0<\/strong>, <strong>l\u2019interconnessione<\/strong> e <strong>l&#8217;intermodalit\u00e0<\/strong> del percorso; dei livelli di progettazione e del cofinanziamento da parte del proponente. <strong>Verranno inoltre premiati i modelli di gestione partecipata che prevedano il coinvolgimento di associazioni e enti no profit<\/strong> per le attivit\u00e0 di manutenzione ed erogazione di servizi della pista ciclabile.<\/p>\n<p>\u00ab<em>Con l&#8217;approvazione di questa delibera<\/em> &#8211; spiega nel sito della <a href=\"http:\/\/www.regione.lazio.it\/rl_main\/?vw=newsDettaglio&amp;id=4660\" target=\"_blank\" rel=\"noopener\">Regione Lazio<\/a> l&#8217;assessore ai Lavori Pubblici, Tutela del Territorio e Mobilit\u00e0,<b> Mauro Alessandri &#8211; <\/b><em>vogliamo incentivare la realizzazione di nuove piste ciclabili e la connessione tra quelle gi\u00e0 esistenti nella nostra regione. Investire sui percorsi ciclabili significa favorire lo sviluppo di una mobilit\u00e0 sostenibile e di una intermodalit\u00e0 che consenta spostamenti pi\u00f9 agevoli e con minor impatto ambientale<\/em>\u00bb.<\/p>\n<\/div>\n","protected":false},"excerpt":{"rendered":"<p>Mercoled\u00ec 7 novembre la Regione Lazio ha approvato la delibera che ha l&#8217;obiettivo di sostenere la promozione e la realizzazione di nuove ciclovie e mettere in rete le piste ciclabili esistenti o progettate a livello locale, regionale e nazionale. Le manifestazioni di interesse andranno a costituire un &#8220;parco progetti&#8221; utile per la definizione del Piano [&hellip;]<\/p>\n","protected":false},"author":3,"featured_media":1198,"comment_status":"open","ping_status":"open","sticky":false,"template":"","format":"standard","meta":{"footnotes":""},"categories":[20,16],"tags":[69,58,80,70],"class_list":["post-1197","post","type-post","status-publish","format-standard","has-post-thumbnail","hentry","category-notizie","category-utilita-e-servizi","tag-cultura","tag-famiglia","tag-mobilita","tag-turismo"],"_links":{"self":[{"href":"https:\/\/www.diocesidiroma.it\/utsroma\/index.php\/wp-json\/wp\/v2\/posts\/1197","targetHints":{"allow":["GET"]}}],"collection":[{"href":"https:\/\/www.diocesidiroma.it\/utsroma\/index.php\/wp-json\/wp\/v2\/posts"}],"about":[{"href":"https:\/\/www.diocesidiroma.it\/utsroma\/index.php\/wp-json\/wp\/v2\/types\/post"}],"author":[{"embeddable":true,"href":"https:\/\/www.diocesidiroma.it\/utsroma\/index.php\/wp-json\/wp\/v2\/users\/3"}],"replies":[{"embeddable":true,"href":"https:\/\/www.diocesidiroma.it\/utsroma\/index.php\/wp-json\/wp\/v2\/comments?post=1197"}],"version-history":[{"count":1,"href":"https:\/\/www.diocesidiroma.it\/utsroma\/index.php\/wp-json\/wp\/v2\/posts\/1197\/revisions"}],"predecessor-version":[{"id":1199,"href":"https:\/\/www.diocesidiroma.it\/utsroma\/index.php\/wp-json\/wp\/v2\/posts\/1197\/revisions\/1199"}],"wp:featuredmedia":[{"embeddable":true,"href":"https:\/\/www.diocesidiroma.it\/utsroma\/index.php\/wp-json\/wp\/v2\/media\/1198"}],"wp:attachment":[{"href":"https:\/\/www.diocesidiroma.it\/utsroma\/index.php\/wp-json\/wp\/v2\/media?parent=1197"}],"wp:term":[{"taxonomy":"category","embeddable":true,"href":"https:\/\/www.diocesidiroma.it\/utsroma\/index.php\/wp-json\/wp\/v2\/categories?post=1197"},{"taxonomy":"post_tag","embeddable":true,"href":"https:\/\/www.diocesidiroma.it\/utsroma\/index.php\/wp-json\/wp\/v2\/tags?post=1197"}],"curies":[{"name":"wp","href":"https:\/\/api.w.org\/{rel}","templated":true}]}}