{"id":1333,"date":"2019-01-17T10:38:30","date_gmt":"2019-01-17T09:38:30","guid":{"rendered":"https:\/\/www.diocesidiroma.it\/utsroma\/\/?p=1333"},"modified":"2019-01-17T20:24:54","modified_gmt":"2019-01-17T19:24:54","slug":"corsa-di-miguel-weston-di-athletica-vaticana-la-diversita-e-valore-aggiunto","status":"publish","type":"post","link":"https:\/\/www.diocesidiroma.it\/utsroma\/index.php\/corsa-di-miguel-weston-di-athletica-vaticana-la-diversita-e-valore-aggiunto\/","title":{"rendered":"Corsa di Miguel, Weston di Athletica Vaticana: \u201cDiversit\u00e0, valore aggiunto\u201d"},"content":{"rendered":"<h2>La Corsa di Miguel<\/h2>\n<p>Era l\u2019alba del 9 gennaio 1978, proprio pochi giorni dopo la gran Corrida\u00a0San Silvestre, quando il giovane atleta <strong>Miguel Benancio S\u00e0nchez<\/strong> fu portato via dai militari dalla sua casa a Buenos Aires. Da quel momento si sono perse le sue tracce.\u00a0<em>Desaparecido<\/em>, dicono gli argentini. Scomparso. Una delle 30.000 vittime della dittatura del generale Videla. Ma le sue impronte sono rimaste.<\/p>\n<figure id=\"attachment_24416\" class=\"wp-caption alignright\"><img loading=\"lazy\" decoding=\"async\" class=\"wp-image-24416 size-medium\" title=\"Miguel Benancio S\u00e0nchez 234x300 - Corsa di Miguel, Weston di Athletica Vaticana: &quot;La diversit\u00e0 \u00e8 valore aggiunto&quot;\" src=\"https:\/\/www.radiopiu.eu\/wp-content\/uploads\/2019\/01\/Miguel-Benancio-S%C3%A0nchez-234x300.jpg\" sizes=\"auto, (max-width: 234px) 100vw, 234px\" srcset=\"https:\/\/www.radiopiu.eu\/wp-content\/uploads\/2019\/01\/Miguel-Benancio-S\u00e0nchez-234x300.jpg 234w, https:\/\/www.radiopiu.eu\/wp-content\/uploads\/2019\/01\/Miguel-Benancio-S\u00e0nchez-327x420.jpg 327w, https:\/\/www.radiopiu.eu\/wp-content\/uploads\/2019\/01\/Miguel-Benancio-S\u00e0nchez.jpg 350w\" alt=\"Miguel Benancio S\u00e0nchez 234x300 - Corsa di Miguel, Weston di Athletica Vaticana: &quot;La diversit\u00e0 \u00e8 valore aggiunto&quot;\" width=\"234\" height=\"300\" \/><figcaption class=\"wp-caption-text\">Miguel Benancio S\u00e0nchez<\/figcaption><\/figure>\n<p>Non solo sulle strade percorse con le scarpe da running ma anche nei fogli scritti a penna. Miguel aveva l\u2019abitudine di annotare sensazioni sulla vita quotidiana, sugli allenamenti e\u00a0 poesie.<\/p>\n<p>Proprio a lui \u00e8 dedicata la\u00a0<strong><em>Corsa di Miguel<\/em><\/strong>, corsa podistica nata da un\u2019idea del giornalista della\u00a0<em>Gazzetta dello sport<\/em>\u00a0Valerio Piccioni e organizzata dal Club Atletico Centrale in collaborazione con l\u2019Assessorato alle Politiche Sportive del Comune di Roma. Giunta alla sua ventesima edizione, la gara che sostiene le onlus che si impegnano ogni giorno per aiutare chi \u00e8 in difficolt\u00e0,<strong>\u00a0si svolger\u00e0 a Roma domenica 20 gennaio<\/strong>. Tre le opzioni: la competitiva e non di 10 km e la passeggiata\u00a0<em>Strantirazzismo<\/em>\u00a0di 3.<\/p>\n<h2>In gara anche Athletica Vaticana<\/h2>\n<figure id=\"attachment_24407\" class=\"wp-caption alignright\"><img loading=\"lazy\" decoding=\"async\" class=\"wp-image-24407\" title=\"Paul Gabriele Weston 225x300 - Corsa di Miguel, Weston di Athletica Vaticana: &quot;La diversit\u00e0 \u00e8 valore aggiunto&quot;\" src=\"https:\/\/www.radiopiu.eu\/wp-content\/uploads\/2019\/01\/Paul-Gabriele-Weston-225x300.jpg\" sizes=\"auto, (max-width: 450px) 100vw, 450px\" srcset=\"https:\/\/www.radiopiu.eu\/wp-content\/uploads\/2019\/01\/Paul-Gabriele-Weston-225x300.jpg 225w, https:\/\/www.radiopiu.eu\/wp-content\/uploads\/2019\/01\/Paul-Gabriele-Weston-768x1024.jpg 768w, https:\/\/www.radiopiu.eu\/wp-content\/uploads\/2019\/01\/Paul-Gabriele-Weston-696x928.jpg 696w, https:\/\/www.radiopiu.eu\/wp-content\/uploads\/2019\/01\/Paul-Gabriele-Weston-1068x1424.jpg 1068w, https:\/\/www.radiopiu.eu\/wp-content\/uploads\/2019\/01\/Paul-Gabriele-Weston-315x420.jpg 315w, https:\/\/www.radiopiu.eu\/wp-content\/uploads\/2019\/01\/Paul-Gabriele-Weston.jpg 1200w\" alt=\"Paul Gabriele Weston 225x300 - Corsa di Miguel, Weston di Athletica Vaticana: &quot;La diversit\u00e0 \u00e8 valore aggiunto&quot;\" width=\"450\" height=\"600\" \/><figcaption class=\"wp-caption-text\">Al centro Paul Gabriele Weston<\/figcaption><\/figure>\n<p>A prendere parte alla <em>Corsa di Miguel<\/em> anche\u00a0<strong>Paul Gabriele Weston\u00a0<\/strong>di\u00a0<strong>Athelica Vaticana<\/strong>, l\u2019associazione sportiva costituita, e con sede, nello Stato della Citt\u00e0 del Vaticano affiliata alla FIDAL (<a href=\"https:\/\/soundcloud.com\/radiopiu-roma\/radiopiu-sport-10-gennaio-2018\">per approfondire riascolta la puntata precedente di Radiopi\u00f9 Sport<\/a>).<\/p>\n<p>Proprio a lui, docente alla\u00a0scuola vaticana di Biblioteconomia abbiamo chiesto come, su esempio di Miguel, il corridore poeta, si conciliano due mondi, apparentemente distanti, come quelli dello\u00a0<strong>sport<\/strong>\u00a0e della\u00a0<strong>cultura.<\/strong><\/p>\n<p><strong><em>\u201cSi conciliano benissimo\u201d\u00a0<\/em><\/strong>spiega Weston<em>. \u201dQuando corro sento un particolare rilassamento dello spirito che mi invoglia a pensieri elevati come la preghiera, il ringraziamento per il privilegio di poter correre alla mia et\u00e0 e con quella voglia sempre di poter dare il massimo nelle mie possibilit\u00e0.<\/em><\/p>\n<p><em>Al tempo stesso rifletto e mi vengono delle ispirazioni per le mie ricerche. Sar\u00e0 per le endorfine o per il vento che sbatte sulla faccia, si riesce a coniugare benissimo lo sforzo atletico e il pensiero spirituale e intellettuale\u201d<\/em>.<\/p>\n<h3><strong><em>Per te, atleta, che disprezzi la guerra e sogni la pace<\/em><\/strong><\/h3>\n<p><strong><em><img loading=\"lazy\" decoding=\"async\" class=\"wp-image-24411 alignright\" title=\"la corsa di miguel 1024x576 - Corsa di Miguel, Weston di Athletica Vaticana: &quot;La diversit\u00e0 \u00e8 valore aggiunto&quot;\" src=\"https:\/\/www.radiopiu.eu\/wp-content\/uploads\/2019\/01\/la-corsa-di-miguel-1024x576.jpg\" sizes=\"auto, (max-width: 517px) 100vw, 517px\" srcset=\"https:\/\/www.radiopiu.eu\/wp-content\/uploads\/2019\/01\/la-corsa-di-miguel-1024x576.jpg 1024w, https:\/\/www.radiopiu.eu\/wp-content\/uploads\/2019\/01\/la-corsa-di-miguel-300x169.jpg 300w, https:\/\/www.radiopiu.eu\/wp-content\/uploads\/2019\/01\/la-corsa-di-miguel-768x432.jpg 768w, https:\/\/www.radiopiu.eu\/wp-content\/uploads\/2019\/01\/la-corsa-di-miguel-696x392.jpg 696w, https:\/\/www.radiopiu.eu\/wp-content\/uploads\/2019\/01\/la-corsa-di-miguel-1068x601.jpg 1068w, https:\/\/www.radiopiu.eu\/wp-content\/uploads\/2019\/01\/la-corsa-di-miguel-747x420.jpg 747w\" alt=\"la corsa di miguel 1024x576 - Corsa di Miguel, Weston di Athletica Vaticana: &quot;La diversit\u00e0 \u00e8 valore aggiunto&quot;\" width=\"517\" height=\"291\" \/>Para vos atleta.\u00a0<\/em>Per te, atleta<em>.\u00a0<\/em><\/strong>\u00c8 una poesia, un inno alla corsa, scritto da Miguel e pubblicato sulla<em>\u00a0Gazeta Esportiva<\/em>\u00a0di San Paolo, il 31 dicembre del 1977.<\/p>\n<p>Miguel diventa cos\u00ec l\u2019emblema della pace, dell\u2019uguaglianza, della libert\u00e0 di espressione, dell\u2019inclusione. Valori che anche Atlhetica Vaticana ha fatto suoi.<\/p>\n<p><em>\u201cLa pace e l\u2019inclusivit\u00e0 sono due tra le caratteristiche che dovrebbe segnare questa nostra esperienza di Atlhetica Vaticana oltre all\u2019aspetto meramente agonistico\u201d\u00a0<\/em>ci racconta ancora il professore. E lo dimostra il fatto che\u00a0<em>\u201csia un\u2019iniziativa partita dal basso, da amatori che si incontravano per correre\u201d<\/em>\u00a0con\u00a0<em>\u201cl\u2019esigenza di ritrovarsi e stare insieme\u201d.<\/em><\/p>\n<p>Poi, precisa Weston, nel caso di Athletica Vaticana\u00a0<em>\u201cinclusivit\u00e0\u201d<\/em>\u00a0vuol dire tante cose:<em>\u00a0\u201cavere nella stessa squadra\u00a0<strong>personalit\u00e0 di caratura nazionale e internazionale<\/strong>\u00a0con dei risultati in Italia e all\u2019estero di grande rilievo e\u00a0<strong>amatori<\/strong><\/em>,\u00a0<em>eppure si riesce a correre insieme\u201d<\/em>. Ma significa anche accoglienza di chi arriva da lontano.\u00a0<em>\u201cAbbiamo accolto l\u2019invito di Papa Francesco di segnare un percorso con i\u00a0<strong>migranti.<\/strong>\u00a0<strong>Questo permette di fruire della grande variet\u00e0 del mondo: la diversit\u00e0 come privilegio e valore aggiunto\u201d.\u00a0<\/strong><\/em>Ma non solo. L\u2019idea \u00e8 quella includere nella squadra anche\u00a0<strong>giovani che soffrono di vari tipi di disabilit\u00e0<\/strong>.\u00a0<em>\u201cMettersi in sintonia con loro \u00e8 una grande scuola di vita\u201d.<\/em><\/p>\n<p><em>\u201cQuando si arriva al traguardo ci si stringe la mano, ci si d\u00e0 una pacca sulla spalla, ci si abbraccia.\u00a0<strong>Ci si rende perfettamente conto in quel momento che chi sta correndo \u00e8 una persona, un atleta, non un africano, un italiano, un cattolico, un musulmano, o un ateo<\/strong>. Ma una persona che ha avuto come te la stessa forza.\u00a0<strong>Tutte le barriere vengono meno<\/strong>\u201c.\u00a0<\/em><\/p>\n<p>Ascolta il servizio integrale:<\/p>\n<p><strong>\u00a0<\/strong><iframe loading=\"lazy\" src=\"https:\/\/w.soundcloud.com\/player\/?url=https%3A\/\/api.soundcloud.com\/tracks\/560314968&amp;color=%23ff5500&amp;auto_play=false&amp;hide_related=false&amp;show_comments=true&amp;show_user=true&amp;show_reposts=false&amp;show_teaser=true&amp;visual=true\" width=\"100%\" height=\"300\" frameborder=\"no\" scrolling=\"no\" data-mce-fragment=\"1\"><\/iframe><\/p>\n<p>&nbsp;<\/p>\n","protected":false},"excerpt":{"rendered":"<p>La Corsa di Miguel Era l\u2019alba del 9 gennaio 1978, proprio pochi giorni dopo la gran Corrida\u00a0San Silvestre, quando il giovane atleta Miguel Benancio S\u00e0nchez fu portato via dai militari dalla sua casa a Buenos Aires. Da quel momento si sono perse le sue tracce.\u00a0Desaparecido, dicono gli argentini. Scomparso. Una delle 30.000 vittime della dittatura [&hellip;]<\/p>\n","protected":false},"author":6,"featured_media":1334,"comment_status":"open","ping_status":"open","sticky":false,"template":"","format":"standard","meta":{"footnotes":""},"categories":[20],"tags":[],"class_list":["post-1333","post","type-post","status-publish","format-standard","has-post-thumbnail","hentry","category-notizie"],"_links":{"self":[{"href":"https:\/\/www.diocesidiroma.it\/utsroma\/index.php\/wp-json\/wp\/v2\/posts\/1333","targetHints":{"allow":["GET"]}}],"collection":[{"href":"https:\/\/www.diocesidiroma.it\/utsroma\/index.php\/wp-json\/wp\/v2\/posts"}],"about":[{"href":"https:\/\/www.diocesidiroma.it\/utsroma\/index.php\/wp-json\/wp\/v2\/types\/post"}],"author":[{"embeddable":true,"href":"https:\/\/www.diocesidiroma.it\/utsroma\/index.php\/wp-json\/wp\/v2\/users\/6"}],"replies":[{"embeddable":true,"href":"https:\/\/www.diocesidiroma.it\/utsroma\/index.php\/wp-json\/wp\/v2\/comments?post=1333"}],"version-history":[{"count":8,"href":"https:\/\/www.diocesidiroma.it\/utsroma\/index.php\/wp-json\/wp\/v2\/posts\/1333\/revisions"}],"predecessor-version":[{"id":1348,"href":"https:\/\/www.diocesidiroma.it\/utsroma\/index.php\/wp-json\/wp\/v2\/posts\/1333\/revisions\/1348"}],"wp:featuredmedia":[{"embeddable":true,"href":"https:\/\/www.diocesidiroma.it\/utsroma\/index.php\/wp-json\/wp\/v2\/media\/1334"}],"wp:attachment":[{"href":"https:\/\/www.diocesidiroma.it\/utsroma\/index.php\/wp-json\/wp\/v2\/media?parent=1333"}],"wp:term":[{"taxonomy":"category","embeddable":true,"href":"https:\/\/www.diocesidiroma.it\/utsroma\/index.php\/wp-json\/wp\/v2\/categories?post=1333"},{"taxonomy":"post_tag","embeddable":true,"href":"https:\/\/www.diocesidiroma.it\/utsroma\/index.php\/wp-json\/wp\/v2\/tags?post=1333"}],"curies":[{"name":"wp","href":"https:\/\/api.w.org\/{rel}","templated":true}]}}