{"id":1363,"date":"2019-01-28T10:46:15","date_gmt":"2019-01-28T09:46:15","guid":{"rendered":"https:\/\/www.diocesidiroma.it\/utsroma\/\/?p=1363"},"modified":"2019-01-28T11:01:21","modified_gmt":"2019-01-28T10:01:21","slug":"la-sindone-e-bernini-nella-mostra-di-sarra","status":"publish","type":"post","link":"https:\/\/www.diocesidiroma.it\/utsroma\/index.php\/la-sindone-e-bernini-nella-mostra-di-sarra\/","title":{"rendered":"La Sindone e Bernini <br> nella mostra di Sarra"},"content":{"rendered":"<h2>La Sindone e Bernini, un connubio presentato in una mostra fotografica e in un libro, che raccoglie i frutti dello studio della fotografa romana sul busto che Bernini dedic\u00f2 al Figlio dell&#8217;uomo.<\/h2>\n<p><strong>&#8220;La Sindone e Bernini. L&#8217;uomo dei dolori, il pi\u00f9 bello dei Figli dell&#8217;uomo&#8221;<\/strong>, \u00e8 racchiuso in questo titolo il lavoro e le ricerche\u00a0 che la fotografa Daniela di Sarra ha portato avanti in questi ultimi due anni.<\/p>\n<p>L&#8217;artista romana ha indagato l&#8217;uomo che <strong>Bernini<\/strong> ha rappresentato nel busto marmoreo dedicato al <strong>Salvatore<\/strong>, raccogliendo anni di lavoro in un libro, presentato oggi, <strong>venerd\u00ec 25 gennaio<\/strong>, a stampa ed addetti ai lavori. Il libro indaga, attraverso le immagini, la ricerca artistica che il grande artista seicentesco realizz\u00f2 verso la fine della sua vita.<\/p>\n<blockquote><p>\u201cIo cerco il bello come via verso l\u2019Assoluto, come immagine di Dio\u201d<\/p><\/blockquote>\n<figure id=\"attachment_24638\" aria-describedby=\"caption-attachment-24638\" style=\"width: 259px\" class=\"wp-caption alignleft\"><img loading=\"lazy\" decoding=\"async\" class=\"wp-image-24638 size-medium\" src=\"https:\/\/www.radiopiu.eu\/wp-content\/uploads\/2019\/01\/IMG-20190125-WA0018-e1548442361912-259x300.jpg\" alt=\"\" width=\"259\" height=\"300\" \/><figcaption id=\"caption-attachment-24638\" class=\"wp-caption-text\">Daniela di Sarra<\/figcaption><\/figure>\n<p>Un busto marmoreo ritrovato dopo secoli, che ritrae il volto del Figlio dell&#8217;Uomo e che corrisponde al volto dell&#8217;uomo della Sindone. Un volto che esprime tutta la bellezza di un Re, l&#8217;incontro con il bello e la nascita di un progetto editoriale che raccoglie due anni di lavoro. Il progetto \u00e8 stato illustrato attraverso una tavola rotonda sul binomio <strong>Sindone-Bernini<\/strong> che si \u00e8 svolta alla presenza di nomi illustri del campo della <strong>sindonologia<\/strong> come: la sindonologa <strong>Emanuela Marinelli<\/strong>, <strong>don Domenico Repice<\/strong>, teologo e sindonologo, del rettore della Basilica di San Bonaventura fuori le Mura, <strong>padre Stefano Tamburro O.f.m<\/strong>., del fotografo <strong>Pietro Leonardi<\/strong> e del critico d\u2019arte <strong>prof. Francesco Petrucci<\/strong>, che nel 2001 ritrov\u00f2 il busto.<\/p>\n<p>&nbsp;<\/p>\n<p style=\"text-align: center;\"><em>Ascolta l&#8217;intera puntata di Tutte le Strade andata in onda venerd\u00ec 25 gennaio<\/em><\/p>\n<p><iframe loading=\"lazy\" width=\"696\" height=\"400\" scrolling=\"no\" frameborder=\"no\" src=\"https:\/\/w.soundcloud.com\/player\/?visual=true&#038;url=https%3A%2F%2Fapi.soundcloud.com%2Ftracks%2F564546435&#038;show_artwork=true&#038;maxwidth=696&#038;maxheight=1000&#038;dnt=1\"><\/iframe><\/p>\n<p>\u00abLa presentazione di questa piccola scoperta \u00e8 importante per un doppio motivo-, ci racconta la di Sarra \u2013 Bernini non sbagliava un ritratto, quindi siamo quasi certi che si tratti del viso dell\u2019uomo della Sindone, e poi c&#8217;\u00e8 anche una componente di fede che ci fa pensare che proprio al Cristo\u00bb.<\/p>\n<p>La mostra sar\u00e0 visibile fino a domenica <strong>27 gennaio<\/strong> presso <strong>Galleria Spazio 5<\/strong> (via Crescenzio 99), sar\u00e0 poi riproposta al grande pubblico in un secondo momento.<\/p>\n<h3>La storia<\/h3>\n<p>Questo busto, conosciuto anche come<em> Salvator Mundi,\u00a0<\/em>scolpito dal Bernini ormai ottantenne \u00e8 l\u2019ultima opera realizzata dal famoso scultore eseguita nel 1679 per la regina Cristina di Svezia. \u00a0Il busto poi venne donato a Innocenzo XI dopo la morte della regina, mentre a fine del XVIII se ne perdono le tracce. Solo dopo quasi 200 anni, in occasione della preparazione della mostra <em>\u201cPapa Albani e le arti\u201d<\/em>, \u00e8 stato identificato e quindi ritrovato dallo studioso Petrucci presso il convento adiacente alla <strong>Basilica di San Sebastiano fuori le Mura<\/strong> (zona via Appia Antica), dove \u00e8 attualmente custodito.<\/p>\n","protected":false},"excerpt":{"rendered":"<p>La Sindone e Bernini, un connubio presentato in una mostra fotografica e in un libro, che raccoglie i frutti dello studio della fotografa romana sul busto che Bernini dedic\u00f2 al Figlio dell&#8217;uomo. &#8220;La Sindone e Bernini. L&#8217;uomo dei dolori, il pi\u00f9 bello dei Figli dell&#8217;uomo&#8221;, \u00e8 racchiuso in questo titolo il lavoro e le ricerche\u00a0 [&hellip;]<\/p>\n","protected":false},"author":4,"featured_media":1365,"comment_status":"open","ping_status":"open","sticky":false,"template":"","format":"standard","meta":{"footnotes":""},"categories":[20],"tags":[],"class_list":["post-1363","post","type-post","status-publish","format-standard","has-post-thumbnail","hentry","category-notizie"],"_links":{"self":[{"href":"https:\/\/www.diocesidiroma.it\/utsroma\/index.php\/wp-json\/wp\/v2\/posts\/1363","targetHints":{"allow":["GET"]}}],"collection":[{"href":"https:\/\/www.diocesidiroma.it\/utsroma\/index.php\/wp-json\/wp\/v2\/posts"}],"about":[{"href":"https:\/\/www.diocesidiroma.it\/utsroma\/index.php\/wp-json\/wp\/v2\/types\/post"}],"author":[{"embeddable":true,"href":"https:\/\/www.diocesidiroma.it\/utsroma\/index.php\/wp-json\/wp\/v2\/users\/4"}],"replies":[{"embeddable":true,"href":"https:\/\/www.diocesidiroma.it\/utsroma\/index.php\/wp-json\/wp\/v2\/comments?post=1363"}],"version-history":[{"count":2,"href":"https:\/\/www.diocesidiroma.it\/utsroma\/index.php\/wp-json\/wp\/v2\/posts\/1363\/revisions"}],"predecessor-version":[{"id":1367,"href":"https:\/\/www.diocesidiroma.it\/utsroma\/index.php\/wp-json\/wp\/v2\/posts\/1363\/revisions\/1367"}],"wp:featuredmedia":[{"embeddable":true,"href":"https:\/\/www.diocesidiroma.it\/utsroma\/index.php\/wp-json\/wp\/v2\/media\/1365"}],"wp:attachment":[{"href":"https:\/\/www.diocesidiroma.it\/utsroma\/index.php\/wp-json\/wp\/v2\/media?parent=1363"}],"wp:term":[{"taxonomy":"category","embeddable":true,"href":"https:\/\/www.diocesidiroma.it\/utsroma\/index.php\/wp-json\/wp\/v2\/categories?post=1363"},{"taxonomy":"post_tag","embeddable":true,"href":"https:\/\/www.diocesidiroma.it\/utsroma\/index.php\/wp-json\/wp\/v2\/tags?post=1363"}],"curies":[{"name":"wp","href":"https:\/\/api.w.org\/{rel}","templated":true}]}}