{"id":1369,"date":"2019-03-25T11:18:10","date_gmt":"2019-03-25T10:18:10","guid":{"rendered":"https:\/\/www.diocesidiroma.it\/utsroma\/\/?p=1369"},"modified":"2019-03-28T11:59:00","modified_gmt":"2019-03-28T10:59:00","slug":"gioco-e-sport-il-25-aprile-la-giornata-diocesana","status":"publish","type":"post","link":"https:\/\/www.diocesidiroma.it\/utsroma\/index.php\/gioco-e-sport-il-25-aprile-la-giornata-diocesana\/","title":{"rendered":"Gioco e sport, il 25 aprile <br> la Giornata diocesana"},"content":{"rendered":"<h2>Gioco e sport: la prima Giornata diocesana al Villaggio per la Terra<\/h2>\n<p>Sar\u00e0 la cornice del <a href=\"http:\/\/www.villaggioperlaterra.it\/\">Villaggio per la Terra<\/a>, allestito per la terza edizione a Villa Borghese, a ospitare la prima <strong>Giornata diocesana del gioco e dello sport<\/strong> (<a href=\"https:\/\/goo.gl\/forms\/miVyUf1LOAJo8coC2\">iscrizioni on line<\/a> per le parrocchie). Intitolata \u201cDare il meglio di s\u00e9\u201d e rivolta a bambini e giovani fino ai 14 anni d\u2019et\u00e0, si svolger\u00e0 al Galoppatoio di Villa Borghese il prossimo <strong>25 aprile<\/strong> dalle 9.00, con l\u2019accoglienza e la partecipazione alla marcia d\u2019apertura del Villaggio, alle 13.30.<\/p>\n<p>\u00ab<em>L\u2019evento<\/em> &#8211; spiega il direttore dell\u2019Ufficio per la pastorale del tempo libero, del turismo e dello sport, <strong>don Francesco Indelicato<\/strong>, promotore della Giornata &#8211; <em>\u00e8 stato organizzato e sar\u00e0 animato da tutte le associazioni che nella diocesi di Roma si occupano della crescita e dell\u2019accompagnamento dei nostri giovani attraverso la pastorale del gioco e dello sport<\/em>\u00bb.<\/p>\n<p>Quindi, nell\u2019area del Villaggio dedicata alla diocesi di Roma, ci saranno tante postazioni di gioco quante sono le associazioni organizzatrici: dal <strong>Centro oratori romani (Cor)<\/strong> all\u2019<strong>Azione Cattolica di Roma (AC Roma)<\/strong>, dal <strong>Centro sportivo italiano (CSI)<\/strong> all\u2019<strong>Us Acli (Unione sportiva Acli)<\/strong> e poi le <strong>Polisportive Giovanili Salesiane (PGS)<\/strong>, l\u2019<strong>ANSPI (Associazione Nazionale San Paolo Italia)<\/strong>, l\u2019<strong>Associazione guide e scout cattolici italiani (Agesci)<\/strong> e gli <strong>Scout d\u2019Europa (FSE)<\/strong>.<\/p>\n<p><img loading=\"lazy\" decoding=\"async\" class=\"alignleft wp-image-1435 size-medium\" title=\"gioco e sport\" src=\"https:\/\/www.diocesidiroma.it\/utsroma\/\/wp-content\/uploads\/2019\/01\/Locandina-Giornata-diocesana-del-gioco-e-dello-sport-e1553515665799-285x300.jpg\" alt=\"gioco e sport\" width=\"285\" height=\"300\" srcset=\"https:\/\/www.diocesidiroma.it\/utsroma\/wp-content\/uploads\/2019\/01\/Locandina-Giornata-diocesana-del-gioco-e-dello-sport-e1553515665799-285x300.jpg 285w, https:\/\/www.diocesidiroma.it\/utsroma\/wp-content\/uploads\/2019\/01\/Locandina-Giornata-diocesana-del-gioco-e-dello-sport-e1553515665799-768x809.jpg 768w, https:\/\/www.diocesidiroma.it\/utsroma\/wp-content\/uploads\/2019\/01\/Locandina-Giornata-diocesana-del-gioco-e-dello-sport-e1553515665799-972x1024.jpg 972w, https:\/\/www.diocesidiroma.it\/utsroma\/wp-content\/uploads\/2019\/01\/Locandina-Giornata-diocesana-del-gioco-e-dello-sport-e1553515665799-696x733.jpg 696w, https:\/\/www.diocesidiroma.it\/utsroma\/wp-content\/uploads\/2019\/01\/Locandina-Giornata-diocesana-del-gioco-e-dello-sport-e1553515665799-1068x1125.jpg 1068w, https:\/\/www.diocesidiroma.it\/utsroma\/wp-content\/uploads\/2019\/01\/Locandina-Giornata-diocesana-del-gioco-e-dello-sport-e1553515665799-399x420.jpg 399w, https:\/\/www.diocesidiroma.it\/utsroma\/wp-content\/uploads\/2019\/01\/Locandina-Giornata-diocesana-del-gioco-e-dello-sport-e1553515665799-1920x2023.jpg 1920w, https:\/\/www.diocesidiroma.it\/utsroma\/wp-content\/uploads\/2019\/01\/Locandina-Giornata-diocesana-del-gioco-e-dello-sport-e1553515665799-72x76.jpg 72w, https:\/\/www.diocesidiroma.it\/utsroma\/wp-content\/uploads\/2019\/01\/Locandina-Giornata-diocesana-del-gioco-e-dello-sport-e1553515665799.jpg 1944w\" sizes=\"auto, (max-width: 285px) 100vw, 285px\" \/><strong>I bambini e i giovani partecipanti saranno chiamati a concludere il circuito dei giochi<\/strong> allestito tra le varie aree associative. Si cimenteranno nel bigliardino, nel tiro al bersaglio, nella pesca bendata, nel dodgeball, nel badmington, nel golf, nella corsa, nei vari percorsi a ostacoli, nel tiro a canestro, nel lancio del vortex, del fresbee, dei tappi e negli immancabili tiri in porta.<\/p>\n<p>In palio: tanto divertimento e lo stare insieme ai propri coetanei e alle proprie famiglie in un contesto pieno di sorprese quale sar\u00e0 il <strong>Villaggio per la Terra. Quest\u2019ultimo si aprir\u00e0 il 22 aprile, Earth Day, con l\u2019anteprima al Pincio del Concerto per la Terra<\/strong> e proseguir\u00e0 <strong>dal 25 al 29 aprile, tra Pincio e Galoppatoio di Villa Borghese<\/strong>, con spettacoli, talk e tante esperienze di sport, scoperta ed educazione alla sostenibilit\u00e0.<\/p>\n<h2>Gioco e sport ma anche preghiera e riflessione<\/h2>\n<p><img loading=\"lazy\" decoding=\"async\" class=\"wp-image-1436 size-medium alignright\" src=\"https:\/\/www.diocesidiroma.it\/utsroma\/\/wp-content\/uploads\/2019\/01\/Villaggio_Per_La_Terra_180421_0111-300x200.jpg\" alt=\"\" width=\"300\" height=\"200\" srcset=\"https:\/\/www.diocesidiroma.it\/utsroma\/wp-content\/uploads\/2019\/01\/Villaggio_Per_La_Terra_180421_0111-300x200.jpg 300w, https:\/\/www.diocesidiroma.it\/utsroma\/wp-content\/uploads\/2019\/01\/Villaggio_Per_La_Terra_180421_0111-768x513.jpg 768w, https:\/\/www.diocesidiroma.it\/utsroma\/wp-content\/uploads\/2019\/01\/Villaggio_Per_La_Terra_180421_0111-1024x684.jpg 1024w, https:\/\/www.diocesidiroma.it\/utsroma\/wp-content\/uploads\/2019\/01\/Villaggio_Per_La_Terra_180421_0111-696x465.jpg 696w, https:\/\/www.diocesidiroma.it\/utsroma\/wp-content\/uploads\/2019\/01\/Villaggio_Per_La_Terra_180421_0111-1068x713.jpg 1068w, https:\/\/www.diocesidiroma.it\/utsroma\/wp-content\/uploads\/2019\/01\/Villaggio_Per_La_Terra_180421_0111-629x420.jpg 629w, https:\/\/www.diocesidiroma.it\/utsroma\/wp-content\/uploads\/2019\/01\/Villaggio_Per_La_Terra_180421_0111-1920x1282.jpg 1920w, https:\/\/www.diocesidiroma.it\/utsroma\/wp-content\/uploads\/2019\/01\/Villaggio_Per_La_Terra_180421_0111-114x76.jpg 114w, https:\/\/www.diocesidiroma.it\/utsroma\/wp-content\/uploads\/2019\/01\/Villaggio_Per_La_Terra_180421_0111.jpg 2000w\" sizes=\"auto, (max-width: 300px) 100vw, 300px\" \/><\/p>\n<p><strong>Alle 12.30<\/strong> il programma della Giornata diocesana del gioco e dello sport, \u201cDare il meglio di s\u00e9\u201d, prevede <strong>la celebrazione della Messa presieduta dal vescovo Gianrico Ruzza<\/strong>, ausiliare per il settore Centro e segretario generale del Vicariato, e animata da tutte le associazioni partecipanti. Al termine, il pranzo al sacco e l\u2019invito a tutti i partecipanti a rimanere a giocare e a divertirsi nel Villaggio nonch\u00e9 a partecipare all\u2019incontro di riflessione su <strong>\u201cConflitto e rispetto\u201d che si svolger\u00e0 dalle 15 alle 16.30<\/strong> all\u2019interno della tensostruttura allestita nel Galoppatoio.<\/p>\n<p>Questo appuntamento \u00e8 stato organizzato in collaborazione con il Pontificio Consiglio della Cultura, il \u201cCortile dei Gentili\u201d e \u201cSportmeet\u201d, il dibattito \u00ab<em>verter\u00e0 sul tema del conflitto e rispetto quali fattori determinanti<\/em><img loading=\"lazy\" decoding=\"async\" class=\"wp-image-1437 size-medium alignleft\" src=\"https:\/\/www.diocesidiroma.it\/utsroma\/\/wp-content\/uploads\/2019\/01\/Villaggio_Per_La_Terra_180421_0193-300x200.jpg\" alt=\"\" width=\"300\" height=\"200\" srcset=\"https:\/\/www.diocesidiroma.it\/utsroma\/wp-content\/uploads\/2019\/01\/Villaggio_Per_La_Terra_180421_0193-300x200.jpg 300w, https:\/\/www.diocesidiroma.it\/utsroma\/wp-content\/uploads\/2019\/01\/Villaggio_Per_La_Terra_180421_0193-768x512.jpg 768w, https:\/\/www.diocesidiroma.it\/utsroma\/wp-content\/uploads\/2019\/01\/Villaggio_Per_La_Terra_180421_0193-1024x682.jpg 1024w, https:\/\/www.diocesidiroma.it\/utsroma\/wp-content\/uploads\/2019\/01\/Villaggio_Per_La_Terra_180421_0193-696x464.jpg 696w, https:\/\/www.diocesidiroma.it\/utsroma\/wp-content\/uploads\/2019\/01\/Villaggio_Per_La_Terra_180421_0193-1068x712.jpg 1068w, https:\/\/www.diocesidiroma.it\/utsroma\/wp-content\/uploads\/2019\/01\/Villaggio_Per_La_Terra_180421_0193-630x420.jpg 630w, https:\/\/www.diocesidiroma.it\/utsroma\/wp-content\/uploads\/2019\/01\/Villaggio_Per_La_Terra_180421_0193-1920x1280.jpg 1920w, https:\/\/www.diocesidiroma.it\/utsroma\/wp-content\/uploads\/2019\/01\/Villaggio_Per_La_Terra_180421_0193-114x76.jpg 114w, https:\/\/www.diocesidiroma.it\/utsroma\/wp-content\/uploads\/2019\/01\/Villaggio_Per_La_Terra_180421_0193.jpg 2000w\" sizes=\"auto, (max-width: 300px) 100vw, 300px\" \/> <em>nella disciplina sportiva<\/em>\u00bb, spiegano gli organizzatori. Inoltre, \u00ab<em>tratter\u00e0 le tematiche della competizione, fattore determinante in ambito sportivo, dell\u2019integrazione, intesa come inclusione sociale e culturale, dello sport con la salute, quali strumenti necessari per il mantenimento del benessere personale dal punto di vista fisico e mentale<\/em>\u00bb. Molti i testimonial che vi prenderanno parte. Tra essi le campionesse olimpioniche <strong>Valentina Vezzali<\/strong> e <strong>Fiona May<\/strong>, la campionessa paralimpica <strong>Giusy Versace<\/strong>, il Presidente della Federazione Canottaggio <strong>Giuseppe Abbagnale<\/strong>, inoltre ci sar\u00e0 anche la testimonianza del Presidente dell\u2019Associazione vittime dell\u2019Heisel, <strong>Andrea Lorentini<\/strong>, e rappresentanti delle due squadre calcistiche capitoline di Serie A, tra cui <strong>Damiano Tommasi<\/strong> per l\u2019AS Roma.<\/p>\n<p><img loading=\"lazy\" decoding=\"async\" class=\"aligncenter wp-image-1438 size-large\" src=\"https:\/\/www.diocesidiroma.it\/utsroma\/\/wp-content\/uploads\/2019\/01\/Villaggio_Per_La_Terra_180424_0014-1024x684.jpg\" alt=\"\" width=\"696\" height=\"465\" srcset=\"https:\/\/www.diocesidiroma.it\/utsroma\/wp-content\/uploads\/2019\/01\/Villaggio_Per_La_Terra_180424_0014-1024x684.jpg 1024w, https:\/\/www.diocesidiroma.it\/utsroma\/wp-content\/uploads\/2019\/01\/Villaggio_Per_La_Terra_180424_0014-300x200.jpg 300w, https:\/\/www.diocesidiroma.it\/utsroma\/wp-content\/uploads\/2019\/01\/Villaggio_Per_La_Terra_180424_0014-768x513.jpg 768w, https:\/\/www.diocesidiroma.it\/utsroma\/wp-content\/uploads\/2019\/01\/Villaggio_Per_La_Terra_180424_0014-696x465.jpg 696w, https:\/\/www.diocesidiroma.it\/utsroma\/wp-content\/uploads\/2019\/01\/Villaggio_Per_La_Terra_180424_0014-1068x713.jpg 1068w, https:\/\/www.diocesidiroma.it\/utsroma\/wp-content\/uploads\/2019\/01\/Villaggio_Per_La_Terra_180424_0014-629x420.jpg 629w, https:\/\/www.diocesidiroma.it\/utsroma\/wp-content\/uploads\/2019\/01\/Villaggio_Per_La_Terra_180424_0014-1920x1282.jpg 1920w, https:\/\/www.diocesidiroma.it\/utsroma\/wp-content\/uploads\/2019\/01\/Villaggio_Per_La_Terra_180424_0014-114x76.jpg 114w, https:\/\/www.diocesidiroma.it\/utsroma\/wp-content\/uploads\/2019\/01\/Villaggio_Per_La_Terra_180424_0014.jpg 2000w\" sizes=\"auto, (max-width: 696px) 100vw, 696px\" \/><\/p>\n<h2>Gioco e sport, la festa nella condivisione e nell&#8217;armonia<\/h2>\n<p>\u00ab<em>Lo sport <\/em>&#8211; spiega don Francesco Indelicato &#8211;<em>, come dice <strong>Papa Francesco<\/strong> sulla scia di \u201cGaudete et Exsultate\u201d, \u00e8 anche una chiamata ad aspirare alla santit\u00e0. Non solo, lo sport \u00e8 al contempo regole e creativit\u00e0, <a href=\"https:\/\/www.diocesidiroma.it\/utsroma\/\/andrea-lanfri-la-mia-scalata-piu-grande-il-ritorno-alla-vita-di-tutti-i-giorni\/\">sacrificio e armonia<\/a>, umilt\u00e0 e coraggio secondo quanto si apprende dal recente documento <a href=\"https:\/\/www.radiopiu.eu\/dare-il-meglio-di-se-papa-francesco-lo-sport-e-luogo-di-incontro\/\">\u201cDare il meglio di s\u00e9\u201d<\/a>, curato dal Dicastero per i Laici, la Famiglia e la Vita allo scopo di offrire uno sguardo cristiano sulla pratica dell\u2019attivit\u00e0 sportiva. Ma lo sport \u00e8 prima di tutto gioco, gioia di vivere, festa, come affermava Papa Giovanni Paolo II, santo con la passione per lo sci e il contatto con la natura. Nasce cos\u00ec la prima Giornata diocesana del Gioco e dello Sport<\/em>\u00bb.<\/p>\n<p>Per<strong> David Lo Bascio, presidente del COR<\/strong>, la parola d\u2019ordine della Giornata sar\u00e0 <img loading=\"lazy\" decoding=\"async\" class=\"alignright size-medium wp-image-1439\" src=\"https:\/\/www.diocesidiroma.it\/utsroma\/\/wp-content\/uploads\/2019\/01\/Villaggio_Per_La_Terra_180422_0062-200x300.jpg\" alt=\"\" width=\"200\" height=\"300\" srcset=\"https:\/\/www.diocesidiroma.it\/utsroma\/wp-content\/uploads\/2019\/01\/Villaggio_Per_La_Terra_180422_0062-200x300.jpg 200w, https:\/\/www.diocesidiroma.it\/utsroma\/wp-content\/uploads\/2019\/01\/Villaggio_Per_La_Terra_180422_0062-768x1151.jpg 768w, https:\/\/www.diocesidiroma.it\/utsroma\/wp-content\/uploads\/2019\/01\/Villaggio_Per_La_Terra_180422_0062-684x1024.jpg 684w, https:\/\/www.diocesidiroma.it\/utsroma\/wp-content\/uploads\/2019\/01\/Villaggio_Per_La_Terra_180422_0062-696x1043.jpg 696w, https:\/\/www.diocesidiroma.it\/utsroma\/wp-content\/uploads\/2019\/01\/Villaggio_Per_La_Terra_180422_0062-1068x1600.jpg 1068w, https:\/\/www.diocesidiroma.it\/utsroma\/wp-content\/uploads\/2019\/01\/Villaggio_Per_La_Terra_180422_0062-280x420.jpg 280w, https:\/\/www.diocesidiroma.it\/utsroma\/wp-content\/uploads\/2019\/01\/Villaggio_Per_La_Terra_180422_0062-51x76.jpg 51w, https:\/\/www.diocesidiroma.it\/utsroma\/wp-content\/uploads\/2019\/01\/Villaggio_Per_La_Terra_180422_0062.jpg 1335w\" sizes=\"auto, (max-width: 200px) 100vw, 200px\" \/>condivisione: \u00ab<em>Viviamo in un tempo di forti divisioni e contrasti<\/em> &#8211; afferma &#8211;<em>, quindi penso sia importante dare come diocesi di Roma un segnale alla citt\u00e0. Proprio perch\u00e9 lo sport \u00e8 quel linguaggio che \u00e8 capace di unire, trovare punti in comune, di farci condividere dei valori. Il messaggio che si vuole dare \u00e8 dunque quello della sana competizione e non della sfida a tutti i costi<\/em>\u00bb. E aggiunge: \u00ab<em>In questo contesto un aspetto molto bello \u00e8 che per la Giornata diocesana del gioco e dello sport si siano messe insieme a lavoro diverse realt\u00e0, diverse associazioni con l\u2019unico fine di testimoniare, al di l\u00e0 delle proprie specificit\u00e0, dei propri carismi e delle proprie metodologie pastorali, innanzitutto la passione educativa per i ragazzi<\/em>\u00bb.<\/p>\n<p><img loading=\"lazy\" decoding=\"async\" class=\"alignleft size-medium wp-image-1440\" src=\"https:\/\/www.diocesidiroma.it\/utsroma\/\/wp-content\/uploads\/2019\/01\/Villaggio_Per_La_Terra_180425_0319-300x200.jpg\" alt=\"\" width=\"300\" height=\"200\" srcset=\"https:\/\/www.diocesidiroma.it\/utsroma\/wp-content\/uploads\/2019\/01\/Villaggio_Per_La_Terra_180425_0319-300x200.jpg 300w, https:\/\/www.diocesidiroma.it\/utsroma\/wp-content\/uploads\/2019\/01\/Villaggio_Per_La_Terra_180425_0319-768x512.jpg 768w, https:\/\/www.diocesidiroma.it\/utsroma\/wp-content\/uploads\/2019\/01\/Villaggio_Per_La_Terra_180425_0319-1024x682.jpg 1024w, https:\/\/www.diocesidiroma.it\/utsroma\/wp-content\/uploads\/2019\/01\/Villaggio_Per_La_Terra_180425_0319-696x464.jpg 696w, https:\/\/www.diocesidiroma.it\/utsroma\/wp-content\/uploads\/2019\/01\/Villaggio_Per_La_Terra_180425_0319-1068x712.jpg 1068w, https:\/\/www.diocesidiroma.it\/utsroma\/wp-content\/uploads\/2019\/01\/Villaggio_Per_La_Terra_180425_0319-630x420.jpg 630w, https:\/\/www.diocesidiroma.it\/utsroma\/wp-content\/uploads\/2019\/01\/Villaggio_Per_La_Terra_180425_0319-1920x1280.jpg 1920w, https:\/\/www.diocesidiroma.it\/utsroma\/wp-content\/uploads\/2019\/01\/Villaggio_Per_La_Terra_180425_0319-114x76.jpg 114w, https:\/\/www.diocesidiroma.it\/utsroma\/wp-content\/uploads\/2019\/01\/Villaggio_Per_La_Terra_180425_0319.jpg 2000w\" sizes=\"auto, (max-width: 300px) 100vw, 300px\" \/>\u00ab<em>Compito della diocesi di Roma<\/em> &#8211; gli fa eco il direttore dell\u2019Ufficio per la pastorale del tempo libero, turismo, sport di Roma &#8211; <em>\u00e8 quello di sensibilizzare i giovani e gli educatori ai valori cristiani dello sport, perch\u00e9 le attivit\u00e0 parrocchiali e associative si confermino sempre pi\u00f9 una palestra di vita, un modo per imparare a crescere nel rispetto dell\u2019altro, nella pazienza, nella solidariet\u00e0, nel coraggio e nella tenacia di fronte alle piccole e grandi difficolt\u00e0 di ogni giorno<\/em>\u00bb. Valori ritenuti centrali nella vita dei ragazzi e per questo assi portanti del <strong><em>Sussidio per la pastorale dello sport<\/em><\/strong> che sar\u00e0 distribuito per la prima volta durante il grande evento del 25 aprile. Intitolato <strong>\u201c<em>Un solo corpo, un solo spirito. Uguaglianza e rispetto nelle attivit\u00e0 ludiche e sportive<\/em>\u201d, \u00e8 stato realizzato da tutte le sigle associative organizzatrici della Giornata diocesana del gioco e dello sport<\/strong> come strumento di riflessione e preghiera da utilizzare con i giovani all\u2019interno del proprio gruppo sportivo, dell\u2019oratorio o durante un\u2019uscita scout.<\/p>\n<p>&nbsp;<\/p>\n<p>Ascolta la puntata di\u00a0<strong>Radiopi\u00f9 Sport\u00a0<\/strong>del<strong>\u00a031\/01\/2019<\/strong><\/p>\n<p><iframe loading=\"lazy\" src=\"https:\/\/w.soundcloud.com\/player\/?url=https%3A\/\/api.soundcloud.com\/tracks\/567582645&amp;color=%23ff5500&amp;auto_play=false&amp;hide_related=false&amp;show_comments=true&amp;show_user=true&amp;show_reposts=false&amp;show_teaser=true&amp;visual=true\" width=\"100%\" height=\"300\" frameborder=\"no\" scrolling=\"no\"><\/iframe><\/p>\n","protected":false},"excerpt":{"rendered":"<p>Gioco e sport: la prima Giornata diocesana al Villaggio per la Terra Sar\u00e0 la cornice del Villaggio per la Terra, allestito per la terza edizione a Villa Borghese, a ospitare la prima Giornata diocesana del gioco e dello sport (iscrizioni on line per le parrocchie). Intitolata \u201cDare il meglio di s\u00e9\u201d e rivolta a bambini [&hellip;]<\/p>\n","protected":false},"author":6,"featured_media":1441,"comment_status":"open","ping_status":"open","sticky":false,"template":"","format":"standard","meta":{"footnotes":""},"categories":[26],"tags":[],"class_list":["post-1369","post","type-post","status-publish","format-standard","has-post-thumbnail","hentry","category-in-evidenza"],"_links":{"self":[{"href":"https:\/\/www.diocesidiroma.it\/utsroma\/index.php\/wp-json\/wp\/v2\/posts\/1369","targetHints":{"allow":["GET"]}}],"collection":[{"href":"https:\/\/www.diocesidiroma.it\/utsroma\/index.php\/wp-json\/wp\/v2\/posts"}],"about":[{"href":"https:\/\/www.diocesidiroma.it\/utsroma\/index.php\/wp-json\/wp\/v2\/types\/post"}],"author":[{"embeddable":true,"href":"https:\/\/www.diocesidiroma.it\/utsroma\/index.php\/wp-json\/wp\/v2\/users\/6"}],"replies":[{"embeddable":true,"href":"https:\/\/www.diocesidiroma.it\/utsroma\/index.php\/wp-json\/wp\/v2\/comments?post=1369"}],"version-history":[{"count":26,"href":"https:\/\/www.diocesidiroma.it\/utsroma\/index.php\/wp-json\/wp\/v2\/posts\/1369\/revisions"}],"predecessor-version":[{"id":1462,"href":"https:\/\/www.diocesidiroma.it\/utsroma\/index.php\/wp-json\/wp\/v2\/posts\/1369\/revisions\/1462"}],"wp:featuredmedia":[{"embeddable":true,"href":"https:\/\/www.diocesidiroma.it\/utsroma\/index.php\/wp-json\/wp\/v2\/media\/1441"}],"wp:attachment":[{"href":"https:\/\/www.diocesidiroma.it\/utsroma\/index.php\/wp-json\/wp\/v2\/media?parent=1369"}],"wp:term":[{"taxonomy":"category","embeddable":true,"href":"https:\/\/www.diocesidiroma.it\/utsroma\/index.php\/wp-json\/wp\/v2\/categories?post=1369"},{"taxonomy":"post_tag","embeddable":true,"href":"https:\/\/www.diocesidiroma.it\/utsroma\/index.php\/wp-json\/wp\/v2\/tags?post=1369"}],"curies":[{"name":"wp","href":"https:\/\/api.w.org\/{rel}","templated":true}]}}