{"id":1398,"date":"2019-02-21T09:35:00","date_gmt":"2019-02-21T08:35:00","guid":{"rendered":"https:\/\/www.diocesidiroma.it\/utsroma\/\/?p=1398"},"modified":"2019-02-21T12:34:46","modified_gmt":"2019-02-21T11:34:46","slug":"pantani-un-uomo-in-fuga-a-un-passo-dal-cielo-lo-spettacolo-al-san-paolo","status":"publish","type":"post","link":"https:\/\/www.diocesidiroma.it\/utsroma\/index.php\/pantani-un-uomo-in-fuga-a-un-passo-dal-cielo-lo-spettacolo-al-san-paolo\/","title":{"rendered":"Pantani, un uomo in fuga a un passo <br>dal cielo. Lo spettacolo al San Paolo"},"content":{"rendered":"<h2>Pantani, un uomo in fuga<\/h2>\n<p><em>&#8220;Chi \u00e8 Marco Pantani? Uno che ha sofferto tanto. E che in bici si \u00e8 divertito e, soprattutto, ha divertito&#8221;<\/em>. Si autodefiniva cos\u00ec la leggenda del ciclismo,\u00a0il\u00a0<strong>Pirata, con la <img loading=\"lazy\" decoding=\"async\" class=\"alignright wp-image-25007 \" src=\"https:\/\/www.radiopiu.eu\/wp-content\/uploads\/2019\/02\/51577594_357521551509630_2116520447079088128_n.jpg\" alt=\"\" width=\"406\" height=\"573\" \/>sua immancabile\u00a0<\/strong>bandana, l\u2019orecchino e il pizzetto, che nel 1998 trionf\u00f2 sia al Giro d&#8217;Italia che al Tour de France. La sua vita, tra salite e discese, \u00e8, a 15 anni dalla sua morte, al centro dello spettacolo teatrale <strong><em>Pantani &#8211;<\/em>\u00a0<\/strong><strong><em>Un uomo in fuga<\/em><\/strong> scritto da <strong>Giancarlo Porcari<\/strong>.<\/p>\n<p>Uno <em>storytelling.<\/em> Un viaggio in bici tra musica dal vivo e racconti che andr\u00e0 in scena sabato prossimo, <strong>23 febbraio<\/strong>, alle ore 21 al <strong>Teatro San Paolo di Roma<\/strong>.<\/p>\n<p>A condurci lungo il percorso fatto di amicizia e crescita, \u00e8 l&#8217;attore cicloamatore e scrittore dei brani musicali, insieme al produttore <strong>Alessandro D&#8217;Orazi<\/strong>, <strong>Sandro Scapicchio<\/strong>.<\/p>\n<h3>Sandro Scapicchio\u00a0 racconta lo spettacolo<\/h3>\n<p>\u00c8 la storia di due ragazzi: un musicista romano e quello che in futuro diventer\u00e0 il grande campione si conoscono al mare, d&#8217;estate, e diventano amici.<\/p>\n<p>Non ci sono, precisa Scapicchio <em>&#8220;riferimenti giudiziari, ma solo la vicenda sportiva e umana. Non vuole essere uno spettacolo d&#8217;inchiesta ma una storia che emoziona&#8221;<\/em>. Che lascia il segno. Anche se <em>&#8220;non hai mai visto una corsa di Pantani&#8221;.<\/em><\/p>\n<p><em>Un uomo in fuga<\/em>. Questo il sottotitolo dello spettacolo. <em>&#8220;\u00c8 una doppia fuga, quella del campione che ha costruito le sue vittorie sulle grandi fughe e quella dell&#8217;uomo dalla vita&#8221; <\/em>spiega\u00a0Scapicchio.<\/p>\n<p><strong><em>Ma da dove \u00e8 nata l&#8217;idea dello spettacolo?\u00a0<\/em><\/strong><em>&#8220;Io da ciclo amatore\u00a0 &#8211; racconta ancora Scapicchio &#8211; andavo in giro in bicicletta. E visto il mio pizzetto, la mia pelata, tutti mi <img loading=\"lazy\" decoding=\"async\" class=\" wp-image-25015 alignright\" src=\"https:\/\/www.radiopiu.eu\/wp-content\/uploads\/2019\/02\/49835390_336689036926215_6822303349216378880_n-300x300.jpg\" alt=\"\" width=\"264\" height=\"264\" \/>dicevano: &#8216;Aho me pari Pantani&#8217;. Cos\u00ec da attore e da musicista \u00e8 scattata la voglia di scrivere una canzone: &#8216;La Stanza&#8217;&#8221;.<\/em> (Pantani fu ritrovato morto proprio in una stanza d&#8217;albergo a Rimini il 14 febbraio 2004).<\/p>\n<p><em>&#8220;Ma sentivo che teatralmente non era all&#8217;altezza. Alessandro D&#8217;Orazi, sentendola, \u00e8 rimasto fulminato&#8221;<\/em>. Cos\u00ec, insieme Sandro Scapicchio, ha realizzato altre canzoni e in 30 giorni Giancarlo Porcari ha scritto il testo. In un anno di lavoro \u00e8 nato lo spettacolo.<\/p>\n<h3>A un passo dal cielo<\/h3>\n<p>Spettacolo, musica e sport, dunque. <strong><em>Quale messaggio si vuole lanciare?\u00a0<\/em><\/strong><em>&#8220;Un voler denunciare il fatto che nel momento del trionfo siamo pieni di amici e quando siamo nella difficolt\u00e0 vera, purtroppo, ci voltano tutti le spalle&#8221; <\/em>spiega l&#8217;attore e musicista alter ego di Pantani. <em>&#8220;Un voler dire: &#8216;Attenzione&#8217;. Quando qualcuno lancia un grido di allarme, le persone che sono vicine dovrebbe cercare di aiutare, anche solo moralmente&#8221;<\/em>.<\/p>\n<p><em>&#8220;Mi piacerebbe lasciarvi con una nota positiva: &#8216;\u00c8\u00a0come avere le chiavi del cielo&#8217;,<\/em>\u00a0continua Scapicchio citando la strofa di un brano dello spettacolo. <em>&#8220;Quelle chiavi che nel nostro immaginario aprono l&#8217;immenso&#8221;<\/em>\u00a0spiega ricordando il campione mentre si trovava da solo in montagna sulla sua bici.<em>\u00a0&#8220;Spingo pi\u00f9 forte su quella salita <\/em>&#8211; va avanti la canzone &#8211;<em> io stringo i denti, non posso volare, ho il cuore in gola ma \u00e8 la mia vita&#8221;.<\/em><\/p>\n<p>Ascolta il servizio integrale e le altre notizie della settimana:<\/p>\n<p>&nbsp;<\/p>\n<p><iframe loading=\"lazy\" src=\"https:\/\/w.soundcloud.com\/player\/?url=https%3A\/\/api.soundcloud.com\/tracks\/578859645&amp;color=%23ff5500&amp;auto_play=false&amp;hide_related=false&amp;show_comments=true&amp;show_user=true&amp;show_reposts=false&amp;show_teaser=true\" width=\"100%\" height=\"166\" frameborder=\"no\" scrolling=\"no\" data-mce-fragment=\"1\"><\/iframe><\/p>\n","protected":false},"excerpt":{"rendered":"<p>Pantani, un uomo in fuga &#8220;Chi \u00e8 Marco Pantani? Uno che ha sofferto tanto. E che in bici si \u00e8 divertito e, soprattutto, ha divertito&#8221;. Si autodefiniva cos\u00ec la leggenda del ciclismo,\u00a0il\u00a0Pirata, con la sua immancabile\u00a0bandana, l\u2019orecchino e il pizzetto, che nel 1998 trionf\u00f2 sia al Giro d&#8217;Italia che al Tour de France. La sua [&hellip;]<\/p>\n","protected":false},"author":6,"featured_media":1399,"comment_status":"open","ping_status":"open","sticky":false,"template":"","format":"standard","meta":{"footnotes":""},"categories":[20],"tags":[],"class_list":["post-1398","post","type-post","status-publish","format-standard","has-post-thumbnail","hentry","category-notizie"],"_links":{"self":[{"href":"https:\/\/www.diocesidiroma.it\/utsroma\/index.php\/wp-json\/wp\/v2\/posts\/1398","targetHints":{"allow":["GET"]}}],"collection":[{"href":"https:\/\/www.diocesidiroma.it\/utsroma\/index.php\/wp-json\/wp\/v2\/posts"}],"about":[{"href":"https:\/\/www.diocesidiroma.it\/utsroma\/index.php\/wp-json\/wp\/v2\/types\/post"}],"author":[{"embeddable":true,"href":"https:\/\/www.diocesidiroma.it\/utsroma\/index.php\/wp-json\/wp\/v2\/users\/6"}],"replies":[{"embeddable":true,"href":"https:\/\/www.diocesidiroma.it\/utsroma\/index.php\/wp-json\/wp\/v2\/comments?post=1398"}],"version-history":[{"count":2,"href":"https:\/\/www.diocesidiroma.it\/utsroma\/index.php\/wp-json\/wp\/v2\/posts\/1398\/revisions"}],"predecessor-version":[{"id":1402,"href":"https:\/\/www.diocesidiroma.it\/utsroma\/index.php\/wp-json\/wp\/v2\/posts\/1398\/revisions\/1402"}],"wp:featuredmedia":[{"embeddable":true,"href":"https:\/\/www.diocesidiroma.it\/utsroma\/index.php\/wp-json\/wp\/v2\/media\/1399"}],"wp:attachment":[{"href":"https:\/\/www.diocesidiroma.it\/utsroma\/index.php\/wp-json\/wp\/v2\/media?parent=1398"}],"wp:term":[{"taxonomy":"category","embeddable":true,"href":"https:\/\/www.diocesidiroma.it\/utsroma\/index.php\/wp-json\/wp\/v2\/categories?post=1398"},{"taxonomy":"post_tag","embeddable":true,"href":"https:\/\/www.diocesidiroma.it\/utsroma\/index.php\/wp-json\/wp\/v2\/tags?post=1398"}],"curies":[{"name":"wp","href":"https:\/\/api.w.org\/{rel}","templated":true}]}}