{"id":1417,"date":"2019-03-07T08:06:50","date_gmt":"2019-03-07T07:06:50","guid":{"rendered":"https:\/\/www.diocesidiroma.it\/utsroma\/\/?p=1417"},"modified":"2019-03-07T08:06:50","modified_gmt":"2019-03-07T07:06:50","slug":"sounds-spirit-festival-scelti-i-finalisti","status":"publish","type":"post","link":"https:\/\/www.diocesidiroma.it\/utsroma\/index.php\/sounds-spirit-festival-scelti-i-finalisti\/","title":{"rendered":"Sounds Spirit Festival, scelti i finalisti"},"content":{"rendered":"<h2>Sounds Spirit Festival: 8 i finalisti<\/h2>\n<p>Mare, colori, speranza. Libert\u00e0, amore, sogni. Diversit\u00e0 e armonia. Dio. Rime baciate e alternate, assonanze che si amalgamano ai suoni della chitarra, della tastiera e del violino. Sono le canzoni degli 8 finalisti della prima edizione <strong>Sounds Spirit Festival<\/strong>, manifestazione di\u00a0<strong>musica cristiana<\/strong> organizzata dall\u2019Ufficio per la pastorale del tempo libero, del turismo e dello sport della <strong>Diocesi di Roma <\/strong>insieme a<strong> Radiopi\u00f9 Roma<\/strong>:<\/p>\n<ul>\n<li><em><strong>La tua ombra <\/strong>&#8211; <\/em><strong>Alessandro di Carlo<\/strong><\/li>\n<li><strong><em>Cuore aperto<\/em> &#8211; Coro Beba Yetu<\/strong><\/li>\n<li><strong><em>Tu sai gi\u00e0 volare<\/em> &#8211; Daniele Gatti<\/strong><\/li>\n<li><strong><em>Sogna<\/em> &#8211; Gualtiero Montesi &amp; Peter<\/strong><\/li>\n<li><strong><em>Armonia nella diversit\u00e0<\/em> &#8211; La voce e le note<\/strong><\/li>\n<li><strong><em>Naufrago<\/em> &#8211; Marco Iachini<\/strong><\/li>\n<li><strong><em>I believe in you<\/em> &#8211; Roberto Martucci<\/strong><\/li>\n<li><strong><em>Dolce mio Aylan<\/em> &#8211; Santina Bellia\u00a0<\/strong><\/li>\n<\/ul>\n<p>Sono state selezionate (e accederanno direttamente alla finale) esclusivamente sulla base del materiale pervenuto in redazione, (non pi\u00f9, quindi, con l&#8217;esibizione di semifinale, come inizialmente previsto) per abbreviare i tempi.<\/p>\n<p>La <strong>giuria <\/strong>\u00e8 composta da <strong>padre Raffaele Giacopuzzi<\/strong>, viceparroco, cantante, fondatore del Good News Festival,<strong> Aldo Fedele<\/strong>, pianista-tastierista, produttore, arrangiatore, (che nel corso di 30 anni ha lavorato con tantissimi artisti dagli Stadio a Edoardo Bennato, da Gianni Morandi a Roberto Vecchioni, da<\/p>\n<p><img loading=\"lazy\" decoding=\"async\" class=\"alignright wp-image-25292 \" src=\"http:\/\/www.radiopiu.eu\/wp-content\/uploads\/2019\/03\/Villaggio_Per_La_Terra_180421_0155-1024x682.jpg\" alt=\"\" width=\"449\" height=\"299\" \/><\/p>\n<p>Michele Zarrillo a Ron) e <strong>Paolo Audino<\/strong>, paroliere e compositore (suoi alcuni successi di Amedeo Minghi, Mina e Celentano).<\/p>\n<p>Gli 8 finalisti si esibiranno, dunque, <strong>sabato 27 aprile<\/strong> alla <strong>Terrazza del Pincio<\/strong> (Villa Borghese), l&#8217;orario sar\u00e0 comunicato nelle prossime settimane. L&#8217;evento, accessibile gratuitamente, a tutti, sar\u00e0 trasmesso in diretta sulla pagina Facebook di Radiopi\u00f9.<\/p>\n<h2>I cantanti in gara<\/h2>\n<p>Diversi i loro percorsi formativi e il loro modo di raccontare, in musica, <em>l&#8217;armonia nella diversit\u00e0 <\/em>(questo il tema della <a href=\"http:\/\/www.radiopiu.eu\/musica-cristiana-diocesi-di-roma-in-arrivo-il-sounds-spirit-festival\/\">prima edizione del Festival<\/a> che prende spunto da <em>Ebony and Ivory<\/em>, il famoso brano interpretato da Paul McCartney e Stevie Wonder nel 1982). Conosciamo meglio gli 8 cantanti in gara:<\/p>\n<p><strong>Alessandro Di Carlo<\/strong>. Ha partecipato a diversi festival, tra cui<em> &#8220;Fare musica in Sicilia&#8221;<\/em> dal 1990 al 1993. Nel 1996 ha inciso l&#8217;album <em>&#8220;Nella mia semplicit\u00e0&#8221;. <\/em>Nel 2015 arriva in semifinale al <em>Good News Festival<\/em>. Nel 2016 \u00e8 primo classificato al XV <em>&#8220;Premio Salentino&#8221;<\/em>. Nel 2017 \u00e8 secondo classificato, per la categoria cantautori, al concorso <em>&#8220;Musica \u00e8&#8221;<\/em>.<\/p>\n<figure id=\"attachment_25291\" aria-describedby=\"caption-attachment-25291\" style=\"width: 407px\" class=\"wp-caption alignright\"><img loading=\"lazy\" decoding=\"async\" class=\"wp-image-25291\" src=\"http:\/\/www.radiopiu.eu\/wp-content\/uploads\/2019\/03\/BabaYetu1.jpg\" alt=\"\" width=\"407\" height=\"305\" \/><figcaption id=\"caption-attachment-25291\" class=\"wp-caption-text\">Coro Baba Yetu<\/figcaption><\/figure>\n<p><strong>Coro Baba Yetu<\/strong>. Nato a Ostia nel 2011 \u00e8 costituito da una ventina di ragazzi, tra cantori e musicisti. A contraddistinguerli vivacit\u00e0 e flessibilit\u00e0 nell&#8217;affrontare un repertorio di diversi generi. Il coro, che porta il nome del brano che ha segnato il suo esordio (in lingua Swahili vuol dire \u201cPadre Nostro\u201d), fa parte dell\u2019Associazione Regionale dei Cori del Lazio (A.R.C.L.) ed \u00e8 diretto da Marcello Cangialosi.<\/p>\n<p>Si \u00e8 classificato al terzo posto al concorso regionale 2017 organizzato da ARCL e nel 2016 al concorso di cori giovanili a Nettuno. Ha inoltre partecipato al concerto di beneficenza organizzato presso il locale Billions a sostegno del reparto oncologico pediatrico del Policlinico Umberto I.<\/p>\n<figure id=\"attachment_25296\" aria-describedby=\"caption-attachment-25296\" style=\"width: 120px\" class=\"wp-caption alignright\"><img loading=\"lazy\" decoding=\"async\" class=\"wp-image-25296 \" src=\"http:\/\/www.radiopiu.eu\/wp-content\/uploads\/2019\/03\/daniele-gatti-681x1024.jpeg\" alt=\"\" width=\"120\" height=\"181\" \/><figcaption id=\"caption-attachment-25296\" class=\"wp-caption-text\">Daniele Gatti<\/figcaption><\/figure>\n<p><strong>Daniele Gatti<\/strong>, giovane autodidatta, dice che <em>&#8220;la musica \u00e8 uno dei tanti modi per donarsi agli altri&#8221;<\/em>.<\/p>\n<p><strong>Gualtiero Montesi &amp; Peter<\/strong>. Padre e figlio, autodidatti e autoprodotti, non si sono mai esibiti in competizioni.<\/p>\n<p><strong>La voce e le note<\/strong>. Il duo \u00e8 composto da <strong>Federico Cacioni<\/strong> (cantante, organista, compositore attivo nell&#8217;animazione liturgica) e <strong>Rosita Stefani<\/strong> (soprano professionista).<\/p>\n<p><strong>Marco Iachini<\/strong>. Alle prese con la chitarra fin dall&#8217;et\u00e0 di 12 anni, si definisce cantastorie romano di formazione cantautoriale. Il suo motto \u00e8 la frase di Italo Calvino<em> &#8220;Prendete la vita con leggerezza. Che leggerezza non \u00e8 superficialit\u00e0, ma planare sulle cose dall&#8217;alto, non avere macigni sul cuore&#8221;<\/em>. Si \u00e8 esibito in diversi locali della Capitale suonando cover e brani propri (due gli album incisi nel 2016 e nel 2018). Lo scorso maggio ha conquistato, insieme al <em>Coro Itinerante di Corviale<\/em>, il secondo posto, per la categoria &#8220;Inediti&#8221; alla seconda edizione del concorso, organizzato da Radiopi\u00f9, <a href=\"http:\/\/www.radiopiu.eu\/cori-parrocchiali-ancora-aperte-le-iscrizioni-a-cantate-inni-con-arte\/\">Cantate Inni con Arte<\/a>.<\/p>\n<p><strong>Roberto Martucci<\/strong>. Collabora con Radio Kolbe in tour con il festival di musica cristiana \u201cIl mondo canta Maria\u201d. Dopo un percorso nel pop, all\u2019et\u00e0 di 33 anni avviene la svolta della sua vita personale grazie a un pellegrinaggio Mariano. Decide di intraprendere un cammino spirituale di indirizzo francescano. Mantenendo lo stato laicale, all\u2019interno della Fraternit\u00e0<br \/>\napprofondisce la fede. Maturano cos\u00ec &#8220;nuove parole e nuove note ispirate non pi\u00f9 solo dai sentimenti ma da Dio&#8221;. Ai suoi amici Roberto dice sempre:<em> \u201cPrima cantavo l\u2019amore, ora canto all\u2019Amore\u201d.<\/em><\/p>\n<figure id=\"attachment_25298\" aria-describedby=\"caption-attachment-25298\" style=\"width: 225px\" class=\"wp-caption alignright\"><img loading=\"lazy\" decoding=\"async\" class=\"wp-image-25298 size-medium\" src=\"http:\/\/www.radiopiu.eu\/wp-content\/uploads\/2019\/03\/Santina-Bellia-225x300.jpg\" alt=\"\" width=\"225\" height=\"300\" \/><figcaption id=\"caption-attachment-25298\" class=\"wp-caption-text\"><em>Santina Bellia<\/em><\/figcaption><\/figure>\n<p>Nel 2011 incide il suo primo cd di musica cristiana: \u201cSoltanto Pace\u201d. Nel 2016 esce \u201cRicomincio da Te\u201d.<\/p>\n<p><strong>Santina Bellia<\/strong>. Cantante e chitarrista, svolge il servizio di animazione presso la parrocchia di San Giovanni Battista de La Salle.<\/p>\n<p>Ha inciso, sempre su musiche di Federico Cacioni (autore del testo e della musica di <em>Dolce mio Aylan<\/em>) l&#8217;album <em>&#8220;Tu ama&#8221; <\/em>con il ruolo di voce solista.<\/p>\n<h3>Villaggio per la Terra<\/h3>\n<p>Il Festival, come gi\u00e0 anticipato nei mesi scorsi, si svolger\u00e0 all&#8217;interno della cornice del <strong>Villaggio per la Terra<\/strong>, format ideato da <em>Earth Day Italia<\/em> e realizzato in<\/p>\n<figure id=\"attachment_25300\" aria-describedby=\"caption-attachment-25300\" style=\"width: 300px\" class=\"wp-caption alignright\"><img loading=\"lazy\" decoding=\"async\" class=\"wp-image-25300 size-medium\" src=\"http:\/\/www.radiopiu.eu\/wp-content\/uploads\/2019\/03\/Villaggio_Per_La_Terra_180421_0231-300x200.jpg\" alt=\"\" width=\"300\" height=\"200\" \/><figcaption id=\"caption-attachment-25300\" class=\"wp-caption-text\">VILLAGGIO PER LA TERRA<br \/>Villa Borghese<br \/>Roma 21 aprile 2018<br \/>\u00a9 Andrea Veroni<\/figcaption><\/figure>\n<p>collaborazione con il Movimento dei Focolari di Roma, Agenzie delle Nazioni Unite, il MIUR e il Ministero dell\u2019Ambiente, per la promozione di una sensibilit\u00e0 civile e ambientale nel contesto delle celebrazioni nazionali dell\u2019<em>Earth Day, la Giornata della Terra <\/em>(che si celebra ogni anno, un mese dopo l&#8217;equinozio di primavera, il 22 aprile).<\/p>\n<p>Dopo l\u2019edizione record del 2018, con 150.000 presenze, il Villaggio per la Terra torna nel 2019, al Pincio e al Galoppatoio di Villa Borghese, con altre 5 straordinarie giornate (dal 25 al 29 aprile) ricche di sport (in programma anche la <a href=\"https:\/\/www.radiopiu.eu\/giornata-diocesana-gioco-e-sport-una-palestra-di-vita-nel-cuore-di-roma\/\">Giornata diocesana del gioco e dello Sport<\/a>), concerti, spettacoli, attivit\u00e0 didattiche e approfondimenti, per grandi e piccoli, sui temi della sostenibilit\u00e0 e dell\u2019Agenda 2030 per lo Sviluppo Sostenibile.<\/p>\n","protected":false},"excerpt":{"rendered":"<p>Sounds Spirit Festival: 8 i finalisti Mare, colori, speranza. Libert\u00e0, amore, sogni. Diversit\u00e0 e armonia. Dio. Rime baciate e alternate, assonanze che si amalgamano ai suoni della chitarra, della tastiera e del violino. Sono le canzoni degli 8 finalisti della prima edizione Sounds Spirit Festival, manifestazione di\u00a0musica cristiana organizzata dall\u2019Ufficio per la pastorale del tempo [&hellip;]<\/p>\n","protected":false},"author":4,"featured_media":1418,"comment_status":"open","ping_status":"open","sticky":false,"template":"","format":"standard","meta":{"footnotes":""},"categories":[25],"tags":[],"class_list":["post-1417","post","type-post","status-publish","format-standard","has-post-thumbnail","hentry","category-concorsi"],"_links":{"self":[{"href":"https:\/\/www.diocesidiroma.it\/utsroma\/index.php\/wp-json\/wp\/v2\/posts\/1417","targetHints":{"allow":["GET"]}}],"collection":[{"href":"https:\/\/www.diocesidiroma.it\/utsroma\/index.php\/wp-json\/wp\/v2\/posts"}],"about":[{"href":"https:\/\/www.diocesidiroma.it\/utsroma\/index.php\/wp-json\/wp\/v2\/types\/post"}],"author":[{"embeddable":true,"href":"https:\/\/www.diocesidiroma.it\/utsroma\/index.php\/wp-json\/wp\/v2\/users\/4"}],"replies":[{"embeddable":true,"href":"https:\/\/www.diocesidiroma.it\/utsroma\/index.php\/wp-json\/wp\/v2\/comments?post=1417"}],"version-history":[{"count":1,"href":"https:\/\/www.diocesidiroma.it\/utsroma\/index.php\/wp-json\/wp\/v2\/posts\/1417\/revisions"}],"predecessor-version":[{"id":1419,"href":"https:\/\/www.diocesidiroma.it\/utsroma\/index.php\/wp-json\/wp\/v2\/posts\/1417\/revisions\/1419"}],"wp:featuredmedia":[{"embeddable":true,"href":"https:\/\/www.diocesidiroma.it\/utsroma\/index.php\/wp-json\/wp\/v2\/media\/1418"}],"wp:attachment":[{"href":"https:\/\/www.diocesidiroma.it\/utsroma\/index.php\/wp-json\/wp\/v2\/media?parent=1417"}],"wp:term":[{"taxonomy":"category","embeddable":true,"href":"https:\/\/www.diocesidiroma.it\/utsroma\/index.php\/wp-json\/wp\/v2\/categories?post=1417"},{"taxonomy":"post_tag","embeddable":true,"href":"https:\/\/www.diocesidiroma.it\/utsroma\/index.php\/wp-json\/wp\/v2\/tags?post=1417"}],"curies":[{"name":"wp","href":"https:\/\/api.w.org\/{rel}","templated":true}]}}