{"id":1524,"date":"2019-04-18T08:59:36","date_gmt":"2019-04-18T06:59:36","guid":{"rendered":"https:\/\/www.diocesidiroma.it\/utsroma\/\/?p=1524"},"modified":"2020-03-11T12:34:58","modified_gmt":"2020-03-11T11:34:58","slug":"longevity-run-2019-la-corsa-che-allunga-la-vita","status":"publish","type":"post","link":"https:\/\/www.diocesidiroma.it\/utsroma\/index.php\/longevity-run-2019-la-corsa-che-allunga-la-vita\/","title":{"rendered":"Longevity Run 2019: la corsa che allunga la vita parte da Roma"},"content":{"rendered":"<h2><span id=\"Longevity_Run_a_maggio_la_tappa_romana\" class=\"ez-toc-section\"><em>Longevity Run<\/em>: a maggio la tappa romana<\/span><\/h2>\n<p class=\"elementor-heading-title elementor-size-default\">Prendersi cura della propria salute \u00e8 importante a ogni et\u00e0. La longevit\u00e0 \u00e8 una conquista. Si consegue passo dopo passo, proprio come il traguardo alla fine di una corsa.<\/p>\n<p>Lo sanno bene i medici del\u00a0<strong>Policlinico Gemelli<\/strong>\u00a0e i ricercatori dell\u2019<strong>Universit\u00e0 Cattolica del Sacro Cuore<\/strong>\u00a0che, anche per il 2019, scendono in campo con il progetto\u00a0<em><strong>Longevity Run<\/strong><\/em>: un\u2019unica giornata in cui sono condensati informazione, check up e attivit\u00e0 sportiva al fine di incoraggiare i cittadini ad assumere stili di vita corretti.<\/p>\n<p>L\u2019appuntamento, nella Capitale, \u00e8 per venerd\u00ec\u00a0<strong>10 maggio<\/strong>. A fare da cornice il suggestivo\u00a0<strong>Stadio \u201cNando Martellini\u201d alle Terme di Caracalla<\/strong>. Tappe successive San Gabriele di Piozzano, in provincia di Piacenza, il 26 maggio e Madonna di Campiglio, in provincia di Trento, il 3 agosto.<\/p>\n<figure id=\"attachment_26385\" class=\"wp-caption alignnone\" aria-describedby=\"caption-attachment-26385\"><img loading=\"lazy\" decoding=\"async\" class=\"wp-image-26385 size-full td-animation-stack-type0-2 lazy-loaded\" title=\"Longevity Run 2019: la corsa che allunga la vita parte da Roma 1\" src=\"https:\/\/www.radiopiu.eu\/wp-content\/uploads\/2019\/04\/longevity-run-1.jpeg\" sizes=\"auto, (max-width: 779px) 100vw, 779px\" srcset=\"https:\/\/www.radiopiu.eu\/wp-content\/uploads\/2019\/04\/longevity-run-1.jpeg 779w, https:\/\/www.radiopiu.eu\/wp-content\/uploads\/2019\/04\/longevity-run-1-300x173.jpeg 300w, https:\/\/www.radiopiu.eu\/wp-content\/uploads\/2019\/04\/longevity-run-1-768x444.jpeg 768w, https:\/\/www.radiopiu.eu\/wp-content\/uploads\/2019\/04\/longevity-run-1-696x402.jpeg 696w, https:\/\/www.radiopiu.eu\/wp-content\/uploads\/2019\/04\/longevity-run-1-727x420.jpeg 727w\" alt=\"longevity run, www.radiopiu.eu\" width=\"779\" height=\"450\" data-src=\"https:\/\/www.radiopiu.eu\/wp-content\/uploads\/2019\/04\/longevity-run-1.jpeg\" data-srcset=\"\" \/><figcaption id=\"caption-attachment-26385\" class=\"wp-caption-text\">Il programma della tappa romana della Longevity Run \u2013 www.longevityrun.it<\/figcaption><\/figure>\n<h2><span id=\"Longevity_Run_dottor_Landi_limportanza_della_prevenzione\" class=\"ez-toc-section\"><em>Longevity Run<\/em>: dottor Landi, l\u2019importanza della prevenzione<\/span><\/h2>\n<p>A illustrarci nel dettaglio l\u2019iniziativa \u00e8 il coordinatore del team di specialisti di cui si avvale la Longevity Run, il dottor Francesco Landi, docente presso la Facolt\u00e0 di Medicina e Chirurgia dell\u2019Universit\u00e0 Cattolica del Sacro Cuore, geriatra presso il\u00a0<strong>Policlinico Universitario A. Gemelli<\/strong>, impegnato da anni nello studio e divulgazione di temi legati alla prevenzione e all\u2019identificazione dei fattori associati a una longevit\u00e0 \u201cdi successo\u201d.<\/p>\n<p><em>\u201cL\u2019idea della Longevity Run nasce dalla promozione di adeguati stili di vita e dell\u2019importanza della prevenzione. Sar\u00e0 non una corsa in senso classico ma un\u2019intera giornata dedicata al check up gratuito sui principali fattori di rischio cardiovascolari anche con la misurazione diretta della pressione arteriosa del colesterolo e glicemia, pi\u00f9 alcuni indici della nostra massa corporea e del nostro stato di salute. A questo seguir\u00e0 poi una corsa, un allenamento che ci insegner\u00e0 come quotidianamente fare esercizio fisico e quindi adottare uno stile di vita sano.\u00a0<\/em><\/p>\n<p><em>Il 10 maggio allo stadio delle terme di caracalla avremo questa giornata dalla 10 di mattina alle 9 di sera completamente dedicata al check up con i medici del Gemelli. Alle 19 l\u2019allenamento tutti insieme\u201d.<\/em><\/p>\n<h3><span id=\"Longevity_Run_Sport_e_longevita_di_successo\" class=\"ez-toc-section\"><em>Longevity Run<\/em>: Sport e\u00a0<em>longevit\u00e0<\/em>\u00a0di successo<\/span><\/h3>\n<p><strong>Quindi, \u00e8 fondamentale che nello stile di vita corretto dell\u2019anziano sia compreso anche lo sport?<\/strong><\/p>\n<p><em>\u201cA tutte le et\u00e0, certamente a partire da quando siamo molto giovani, fino a 40\/50 anni ma anche nell\u2019et\u00e0 anziana, uno stile di vita che preveda un adeguato esercizio fisico \u00e8 quello sempre e comunque raccomandabile e che tutti noi dovremmo cercare di seguire.<\/em><\/p>\n<p><em><strong><img loading=\"lazy\" decoding=\"async\" class=\"alignright wp-image-26384 lazy-loaded td-animation-stack-type0-2\" title=\"Longevity Run 2019: la corsa che allunga la vita parte da Roma 3\" src=\"https:\/\/www.radiopiu.eu\/wp-content\/uploads\/2019\/04\/longevity-run.jpeg\" sizes=\"auto, (max-width: 414px) 100vw, 414px\" srcset=\"https:\/\/www.radiopiu.eu\/wp-content\/uploads\/2019\/04\/longevity-run.jpeg 1880w, https:\/\/www.radiopiu.eu\/wp-content\/uploads\/2019\/04\/longevity-run-300x199.jpeg 300w, https:\/\/www.radiopiu.eu\/wp-content\/uploads\/2019\/04\/longevity-run-768x510.jpeg 768w, https:\/\/www.radiopiu.eu\/wp-content\/uploads\/2019\/04\/longevity-run-1024x680.jpeg 1024w, https:\/\/www.radiopiu.eu\/wp-content\/uploads\/2019\/04\/longevity-run-696x462.jpeg 696w, https:\/\/www.radiopiu.eu\/wp-content\/uploads\/2019\/04\/longevity-run-1068x710.jpeg 1068w, https:\/\/www.radiopiu.eu\/wp-content\/uploads\/2019\/04\/longevity-run-632x420.jpeg 632w\" alt=\"longevity run, anziani, www.radiopiu.eu\" width=\"414\" height=\"275\" data-src=\"https:\/\/www.radiopiu.eu\/wp-content\/uploads\/2019\/04\/longevity-run.jpeg\" data-srcset=\"\" \/>L\u2019alimentazione e l\u2019attivit\u00e0 fisica sono il binomio e la sinergia vincente per andare incontro a una longevit\u00e0, ma soprattutto a una longevit\u00e0 di successo: cio\u00e8 in buona salute e in completa autonomia\u201d<\/strong><\/em>.<\/p>\n<p>In occasione della Longevity Run,\u00a0<em>\u201cal centro della pista, di ora in ora saranno proposte delle attivit\u00e0 di esercizio fisico. Durante tutto il giorno ci saranno delle sessioni dedicata al tai chi, yoga, fitness, in modo che ognuno possa imparare e prendere ci\u00f2 che pi\u00f9 piace per poterlo fare tutti i giorni o almeno 3 volte a settimana\u201d.<\/em><\/p>\n<p><strong>Dunque \u00e8 importante, in generale, fare sport, quale attivit\u00e0 praticare in particolare invece dipende da noi, dalle nostre caratteristiche\u2026<\/strong><\/p>\n<p><em>\u201cEsattamente. L\u2019attivit\u00e0 fisica ha una connotazione di divertimento. Ognuno di noi deve scegliere quello che pi\u00f9 gli piace. Perch\u00e9 se scegliamo un attivit\u00e0 fisica che ci piace siamo sicuri che la continueremo nel tempo. \u00c8 questa la cosa pi\u00f9 importante. L\u2019esercizio fisico \u00e8 un po\u2019 come l\u2019alimentazione, lo diciamo scherzosamente, una sorta di \u2018condanna\u2019: funziona se lo facciamo sempre.<\/em><\/p>\n<p><em>Non basta andare solo un mese l\u2019anno in palestra, anche perch\u00e9 tutto quello che guadagniamo, purtroppo, se ci fermiamo, se diventiamo sedentari, lo perdiamo quasi subito\u201d.<\/em><\/p>\n<p><a href=\"https:\/\/www.enternow.it\/it\/browse\/longevity-run-2019\" target=\"_blank\" rel=\"noopener noreferrer\"><em>Come iscriversi alla Longevity Run\u00a0<\/em><\/a><\/p>\n<p><strong><em>Ascolta l\u2019intervista al professor Francesco Landi nell\u2019edizione odierna di Radiopi\u00f9 Sport:<\/em><\/strong><\/p>\n<p><iframe loading=\"lazy\" src=\"https:\/\/widget.spreaker.com\/player?episode_id=22719221&#038;theme=light&#038;playlist=false&#038;playlist-continuous=false&#038;autoplay=false&#038;live-autoplay=false&#038;chapters-image=true&#038;episode_image_position=right&#038;hide-logo=false&#038;hide-likes=false&#038;hide-comments=false&#038;hide-sharing=false&#038;hide-download=false\" width=\"100%\" height=\"200px\" frameborder=\"0\"><\/iframe><\/p>\n<p>Leggi anche:<\/p>\n<p class=\"entry-title\"><a href=\"https:\/\/www.diocesidiroma.it\/utsroma\/\/gioco-e-sport-il-25-aprile-la-giornata-diocesana\/\">Gioco e sport, il 25 aprile la Giornata diocesana<\/a><\/p>\n<p class=\"entry-title\"><a href=\"https:\/\/www.diocesidiroma.it\/utsroma\/\/csi-roma-calcio-a-5-torna-giocare-per-credere\/\">CSI Roma, calcio a 5: torna \u201cGiocare per credere\u201d<\/a><\/p>\n","protected":false},"excerpt":{"rendered":"<p>Longevity Run: a maggio la tappa romana Prendersi cura della propria salute \u00e8 importante a ogni et\u00e0. La longevit\u00e0 \u00e8 una conquista. Si consegue passo dopo passo, proprio come il traguardo alla fine di una corsa. Lo sanno bene i medici del\u00a0Policlinico Gemelli\u00a0e i ricercatori dell\u2019Universit\u00e0 Cattolica del Sacro Cuore\u00a0che, anche per il 2019, scendono [&hellip;]<\/p>\n","protected":false},"author":6,"featured_media":1525,"comment_status":"open","ping_status":"open","sticky":false,"template":"","format":"standard","meta":{"footnotes":""},"categories":[20],"tags":[],"class_list":["post-1524","post","type-post","status-publish","format-standard","has-post-thumbnail","hentry","category-notizie"],"_links":{"self":[{"href":"https:\/\/www.diocesidiroma.it\/utsroma\/index.php\/wp-json\/wp\/v2\/posts\/1524","targetHints":{"allow":["GET"]}}],"collection":[{"href":"https:\/\/www.diocesidiroma.it\/utsroma\/index.php\/wp-json\/wp\/v2\/posts"}],"about":[{"href":"https:\/\/www.diocesidiroma.it\/utsroma\/index.php\/wp-json\/wp\/v2\/types\/post"}],"author":[{"embeddable":true,"href":"https:\/\/www.diocesidiroma.it\/utsroma\/index.php\/wp-json\/wp\/v2\/users\/6"}],"replies":[{"embeddable":true,"href":"https:\/\/www.diocesidiroma.it\/utsroma\/index.php\/wp-json\/wp\/v2\/comments?post=1524"}],"version-history":[{"count":4,"href":"https:\/\/www.diocesidiroma.it\/utsroma\/index.php\/wp-json\/wp\/v2\/posts\/1524\/revisions"}],"predecessor-version":[{"id":1992,"href":"https:\/\/www.diocesidiroma.it\/utsroma\/index.php\/wp-json\/wp\/v2\/posts\/1524\/revisions\/1992"}],"wp:featuredmedia":[{"embeddable":true,"href":"https:\/\/www.diocesidiroma.it\/utsroma\/index.php\/wp-json\/wp\/v2\/media\/1525"}],"wp:attachment":[{"href":"https:\/\/www.diocesidiroma.it\/utsroma\/index.php\/wp-json\/wp\/v2\/media?parent=1524"}],"wp:term":[{"taxonomy":"category","embeddable":true,"href":"https:\/\/www.diocesidiroma.it\/utsroma\/index.php\/wp-json\/wp\/v2\/categories?post=1524"},{"taxonomy":"post_tag","embeddable":true,"href":"https:\/\/www.diocesidiroma.it\/utsroma\/index.php\/wp-json\/wp\/v2\/tags?post=1524"}],"curies":[{"name":"wp","href":"https:\/\/api.w.org\/{rel}","templated":true}]}}