{"id":1541,"date":"2019-04-29T15:45:33","date_gmt":"2019-04-29T13:45:33","guid":{"rendered":"https:\/\/www.diocesidiroma.it\/utsroma\/\/?p=1541"},"modified":"2020-03-11T12:38:33","modified_gmt":"2020-03-11T11:38:33","slug":"gioco-e-sport-la-giornata-diocesana","status":"publish","type":"post","link":"https:\/\/www.diocesidiroma.it\/utsroma\/index.php\/gioco-e-sport-la-giornata-diocesana\/","title":{"rendered":"Gioco e Sport: la Giornata diocesana in \u201cun solo corpo e un solo Spirito\u201d"},"content":{"rendered":"<h2><span id=\"Gioco_e_Sport_la_prima_giornata_diocesana_Villa_Borghese_in_festa\" class=\"ez-toc-section\">Gioco e Sport: la prima giornata diocesana, Villa Borghese in festa<\/span><\/h2>\n<div class=\"td-g-rec td-g-rec-id-content_inline td_uid_15_5cc6fdc50eae9_rand td_block_template_1 \"><\/div>\n<p>Hanno tirato al canestro, affrontato percorsi a ostacoli, giocato a golf, lanciato tiri in porta, hanno indossato guantoni colorati sul ring. Ai loro polsi un braccialetto di gomma giallo con su impressa una frase del Salmo 138:\u00a0<strong><em>\u201cMi hai fatto come un prodigio\u201d<\/em><\/strong>. Sono i bambini e ragazzi, protagonisti, lo scorso 25 aprile a Villa Borghese, della prima<strong>\u00a0<a href=\"https:\/\/www.diocesidiroma.it\/utsroma\/\/gioco-e-sport-il-25-aprile-la-giornata-diocesana\/\">Giornata Diocesana del Gioco e dello Sport<\/a><\/strong>\u00a0promossa dall\u2019\u00a0<strong>Ufficio per la pastorale del tempo libero, del turismo e dello sport del Vicariato di Roma<\/strong>. Con i pi\u00f9 piccoli le loro famiglie e le associazioni: dal Centro Oratori Romani all\u2019Azione Cattolica di Roma dal Centro Sportivo Italiano all\u2019Unione Sportiva Acli. E ancora le Polisportive Giovanili Salesiane, l\u2019Associazione Nazionale San Paolo Italia, l\u2019Associazione Guide e Scout cattolici italiani e gli Scout d\u2019Europa.<\/p>\n<p><img loading=\"lazy\" decoding=\"async\" class=\"alignright wp-image-26534 lazyautosizes lazyloaded td-animation-stack-type0-2\" title=\"Gioco e Sport: la Giornata diocesana in &quot;un solo corpo e un solo Spirito&quot; 1\" src=\"http:\/\/www.radiopiu.eu\/wp-content\/uploads\/2019\/04\/58619715_747130132349962_8704165964565970944_n.jpg\" sizes=\"auto, 546px\" srcset=\"https:\/\/www.radiopiu.eu\/wp-content\/uploads\/2019\/04\/58619715_747130132349962_8704165964565970944_n.jpg 960w, https:\/\/www.radiopiu.eu\/wp-content\/uploads\/2019\/04\/58619715_747130132349962_8704165964565970944_n-300x200.jpg 300w, https:\/\/www.radiopiu.eu\/wp-content\/uploads\/2019\/04\/58619715_747130132349962_8704165964565970944_n-768x512.jpg 768w, https:\/\/www.radiopiu.eu\/wp-content\/uploads\/2019\/04\/58619715_747130132349962_8704165964565970944_n-696x464.jpg 696w, https:\/\/www.radiopiu.eu\/wp-content\/uploads\/2019\/04\/58619715_747130132349962_8704165964565970944_n-630x420.jpg 630w\" alt=\"gioco e sport\" width=\"546\" height=\"364\" data-src=\"http:\/\/www.radiopiu.eu\/wp-content\/uploads\/2019\/04\/58619715_747130132349962_8704165964565970944_n.jpg\" data-srcset=\"https:\/\/www.radiopiu.eu\/wp-content\/uploads\/2019\/04\/58619715_747130132349962_8704165964565970944_n.jpg 960w, https:\/\/www.radiopiu.eu\/wp-content\/uploads\/2019\/04\/58619715_747130132349962_8704165964565970944_n-300x200.jpg 300w, https:\/\/www.radiopiu.eu\/wp-content\/uploads\/2019\/04\/58619715_747130132349962_8704165964565970944_n-768x512.jpg 768w, https:\/\/www.radiopiu.eu\/wp-content\/uploads\/2019\/04\/58619715_747130132349962_8704165964565970944_n-696x464.jpg 696w, https:\/\/www.radiopiu.eu\/wp-content\/uploads\/2019\/04\/58619715_747130132349962_8704165964565970944_n-630x420.jpg 630w\" data-sizes=\"auto\" \/>Sullo sfondo musica, condivisione e divertimento, il caldo sole di primavera e il\u00a0<a href=\"http:\/\/www.villaggioperlaterra.it\/chi-siamo\" target=\"_blank\" rel=\"noopener noreferrer\">Villaggio per la Terra<\/a>, format ideato da Earth Day Italia e realizzato in collaborazione con il Movimento dei Focolari di Roma, Agenzie delle Nazioni Unite, il MIUR e il Ministero dell\u2019Ambiente con l\u2019obiettivo di promuovere di una sensibilit\u00e0 civile ed ambientale.<\/p>\n<p>&nbsp;<\/p>\n<h2><span id=\"Gioco_e_Sport_David_Lo_Bascio_Cor_Limportanza_della_cura_del_Creato\" class=\"ez-toc-section\">Gioco e Sport, David Lo Bascio (Cor): \u201cL\u2019importanza della cura del Creato\u201d<\/span><\/h2>\n<p><em>\u201cEra importante che la Diocesi e le associazioni che si occupano di educazione dei bambini e dei ragazzi fossero presenti per confermare, convalidare, condividere e sottoscrivere il messaggio del Villaggio per la Terra che \u00e8 quello\u00a0<strong>della cura del Creato.<\/strong><\/em>\u00a0Messaggio\u00a0<em><strong>\u2013\u00a0<\/strong><\/em>ha fatto presente<strong>\u00a0David Lo Bascio<\/strong>, <strong>presidente del Centro Oratori Romani<\/strong>, \u201c<em>a cui ci invita Papa Francesco ma che, al di l\u00e0 della fede di ciascuno, chiunque ha a cuore le future generazioni non pu\u00f2 sottovalutare\u201d.<\/em><\/p>\n<p><em>\u201cAvere cura del nostro pianeta\u00a0\u00a0<\/em>\u2013 ha sottolineato \u2013<em>\u00a0\u00e8 un investimento su questi ragazzi<\/em>.\u00a0<em>Pur mantenendo il clima gioioso, la bella giornata che stiamo vivendo, passa un messaggio molto forte che \u00e8 quello che il pianeta \u00e8 di tutti e soprattutto loro, perch\u00e9 il pianeta di domani sar\u00e0 loro e loro per primi devono imparare a prendersene cura\u201d.<\/em><\/p>\n<p><em>Lo sport \u00e8 il linguaggio comune che ha messo insieme queste realt\u00e0, un\u2019occasione di armonizzare il proprio corpo con il Creato. Ma questo va fatto toccando le giuste corde che sono quelle della\u00a0<strong>condivisione e la crescita insieme<\/strong>\u201c.<\/em><\/p>\n<p>&nbsp;<\/p>\n<h2><span id=\"Gioco_e_Sport_Serangeli_US_Acli_Roma_e_Calabria_AC_Roma_Uniniziativa_che_riempie_di_gioia\" class=\"ez-toc-section\">Gioco e Sport: Serangeli (US Acli Roma) e Calabria (AC Roma): \u201cUn\u2019iniziativa che riempie di gioia\u201d<\/span><\/h2>\n<p>A fargli eco\u00a0<strong>Luca Serangeli, presidente provinciale dell\u2019Unione Sportiva Acli<\/strong>\u00a0e\u00a0<strong>Rosa Calabria presidente dell\u2019Azione Cattolica di Roma<\/strong>.<\/p>\n<p>Ancora una volta, ha messo in evidenza Serangeli,<em>\u00a0\u201cdimostriamo come lo sport sia motivo di aggregazione: vediamo oggi intere famiglie, bambini\u2026dimostriamo che lo sport, quello sano, fatto in maniera ludica, e non agonistica, rende tantissimo e ci riempie di gioia\u201d.\u00a0<\/em><\/p>\n<p>Purtroppo, ha aggiunto,\u00a0<em>\u201cnoi genitori spesso\u00a0 facciamo l\u2019errore di \u2018parcheggiare\u2019 i \u2018 figli davanti al computer, a una play station o a un tablet. Invece bisogna fargli riscoprire i giochi all\u2019aria aperta. A loro fa bene condividere e non solo fare una partita contro un computer. \u00c8 importante per la loro crescita e sviluppo\u201d.\u00a0<\/em><\/p>\n<p><em>\u201cOgni associazione con la sua specificit\u00e0 si ritrova insieme a condividere questo momento di festa\u201d,<\/em>\u00a0ha ancora dichiarato Rosa Calabria. \u201c<em>\u00c8 una bella iniziativa che speriamo che si possa replicare anche in futuro\u201d.<\/em><\/p>\n<h2><span id=\"Gioco_e_Sport_Suor_Francesca_Barbanera_Pgs_Dare_il_meglio_di_se\" class=\"ez-toc-section\">Gioco e Sport: Suor Francesca Barbanera (Pgs): \u201c<em>Dare il meglio di s\u00e9<\/em>\u201c<\/span><\/h2>\n<p>La giornata del Gioco e dello Sport ha preso spunto da\u00a0<a href=\"https:\/\/press.vatican.va\/content\/salastampa\/it\/bollettino\/pubblico\/2018\/06\/01\/0401\/00856.html\" target=\"_blank\" rel=\"noopener noreferrer\"><strong>\u00abDare il meglio di s\u00e9\u00bb<\/strong><\/a>, documento, sulla prospettiva cristiana dello sport e della persona umana del Dicastero per i Laici, la Famiglia e la Vita. Ne abbiamo parlato con\u00a0<strong>Suor Francesca Barbanera<\/strong>,\u00a0<strong>referente nazionale delle Polisportive Giovanili Salesiane:\u00a0<\/strong><\/p>\n<p><em>\u201cAll\u2019interno di questo documento c\u2019\u00e8 proprio il paragone tra l\u2019attivit\u00e0 sportiva, il sacrificio, la creativit\u00e0, l\u2019altruismo, il rispetto delle regole, che poi sono le stesse regole, necessarie, per\u00a0 vivere bene fino in fondo la nostra vita. Si sta rivalutando molto il valore dello sport come dimensione umana e antropologica ma sopratutto come dimensione di realizzazione del valore del corpo che oggi viene sfruttato in maniera sbagliata.<strong> Invece, con il corpo in movimento si crea relazione\u201d<\/strong>.\u00a0<\/em><\/p>\n<p><em>\u201cAttraverso la pedagogia di don Bosco \u2013\u00a0\u00a0<\/em>ricorda ancora suor Francesca Barbanera<em>, cio\u00e8 religione, ragione e amorevolezza e fare ci\u00f2 che ai ragazzi piace, si giungeva all\u2019incontro con Dio. Attraverso la dimensione gioco, divertimento, vita sana, si pu\u00f2 proporre ai ragazzi un valore molto pi\u00f9 alto: avere un unico Padre e Creatore, fulcro della nostra vita. Questa Giornata Diocesana \u00e8 una bellissima testimonianza da dare al mondo che ci vede\u201d.\u00a0<\/em><\/p>\n<h2><span id=\"Gioco_e_Sport_Un_solo_corpo_un_solo_spirito_Daniele_Pasquini_CSI_Roma_Insieme_si_arriva_piu_lontano\" class=\"ez-toc-section\">Gioco e Sport: \u201cUn solo corpo, un solo Spirito\u201d. Daniele Pasquini (CSI Roma): \u201cInsieme si arriva pi\u00f9 lontano\u201d<\/span><\/h2>\n<p>Nell\u2019arco della giornata \u00e8 stato distribuito il\u00a0<strong>primo sussidio<\/strong>\u00a0dell\u2019Ufficio della pastorale del tempo libero turismo e sport sul tema dell\u2019uguaglianza,\u00a0<strong>\u201cUn solo corpo, un solo Spirito\u201d<\/strong>, che prende spunto dalla\u00a0<a href=\"http:\/\/www.laparola.net\/testo.php?riferimento=1Corinzi12&amp;versioni[]=C.E.I.\" target=\"_blank\" rel=\"noopener noreferrer\">prima di lettera di San Paolo ai Corinzi.<\/a><\/p>\n<p>Fulcro il rispetto e l\u2019uguaglianza nelle attivit\u00e0 ludiche e sportive. All\u2019interno l\u2019intervento del cardinale vicario,<strong>\u00a0Angelo De Donatis<\/strong>:\u00a0<em>\u201cDal gioco e dallo sport<\/em>\u00a0\u2013 queste le sue parole \u2013\u00a0<em>impariamo a essere in armonia, rispettando le differenze apprezzando le capacit\u00e0 degli altr<\/em>i\u201d.<\/p>\n<p><em>\u201cIl gioco e lo sport<\/em>\u00a0\u2013 \u00a0questo invece il commento di\u00a0<strong>don Francesco Indelicato<\/strong><em>,<\/em> direttore dell\u2019Ufficio per la Pastorale del tempo <img loading=\"lazy\" decoding=\"async\" class=\"alignright wp-image-26535 lazyautosizes lazyloaded td-animation-stack-type0-2\" title=\"Gioco e Sport: la Giornata diocesana in &quot;un solo corpo e un solo Spirito&quot; 2\" src=\"http:\/\/www.radiopiu.eu\/wp-content\/uploads\/2019\/04\/59219944_747130522349923_6047187032189435904_n.jpg\" sizes=\"auto, 470px\" srcset=\"https:\/\/www.radiopiu.eu\/wp-content\/uploads\/2019\/04\/59219944_747130522349923_6047187032189435904_n.jpg 960w, https:\/\/www.radiopiu.eu\/wp-content\/uploads\/2019\/04\/59219944_747130522349923_6047187032189435904_n-300x200.jpg 300w, https:\/\/www.radiopiu.eu\/wp-content\/uploads\/2019\/04\/59219944_747130522349923_6047187032189435904_n-768x512.jpg 768w, https:\/\/www.radiopiu.eu\/wp-content\/uploads\/2019\/04\/59219944_747130522349923_6047187032189435904_n-696x464.jpg 696w, https:\/\/www.radiopiu.eu\/wp-content\/uploads\/2019\/04\/59219944_747130522349923_6047187032189435904_n-630x420.jpg 630w\" alt=\"gioco e sport\" width=\"470\" height=\"313\" data-src=\"http:\/\/www.radiopiu.eu\/wp-content\/uploads\/2019\/04\/59219944_747130522349923_6047187032189435904_n.jpg\" data-srcset=\"https:\/\/www.radiopiu.eu\/wp-content\/uploads\/2019\/04\/59219944_747130522349923_6047187032189435904_n.jpg 960w, https:\/\/www.radiopiu.eu\/wp-content\/uploads\/2019\/04\/59219944_747130522349923_6047187032189435904_n-300x200.jpg 300w, https:\/\/www.radiopiu.eu\/wp-content\/uploads\/2019\/04\/59219944_747130522349923_6047187032189435904_n-768x512.jpg 768w, https:\/\/www.radiopiu.eu\/wp-content\/uploads\/2019\/04\/59219944_747130522349923_6047187032189435904_n-696x464.jpg 696w, https:\/\/www.radiopiu.eu\/wp-content\/uploads\/2019\/04\/59219944_747130522349923_6047187032189435904_n-630x420.jpg 630w\" data-sizes=\"auto\" \/>libero, turismo e sport &#8211; <em>sono attivit\u00e0 fondamentali per la crescita umana, fisica e spirituale. Insieme si vince\u201d<\/em>.<\/p>\n<p><strong>Daniele Pasquini, presidente provinciale del CSI Roma<\/strong>,\u00a0ci ha detto a proposito:<\/p>\n<p><em>\u201cS\u00ec, insieme si vince. Oggi pensiamo che per vincere bisogna andare da soli. Si vince insieme, ognuno con le proprie peculiarit\u00e0, carismi, competenze: ognuno fa il proprio e insieme si riesce ad arrivare pi\u00f9 lontano.<\/em><\/p>\n<p><em><strong>Lo sport\u00a0<\/strong><\/em><strong> \u2013<\/strong>\u00a0ha ancora spiegato \u2013<em><strong>\u00e8 una sorta di paradosso, riesce a tenere insieme anche gli opposti<\/strong>. O quelli che in apparenza lo sono. Come le regole e la creativit\u00e0. In realt\u00e0 la creativit\u00e0 viene stimolata proprio dalla presenza di regole, paletti, recinti entro i quali esprimersi al meglio. Cos\u00ec come gioia e sacrificio. Nella cultura dominante sembrano due cose diverse. Ma la parola sacrificio deriva proprio da \u2018sacro\u2019, qualcosa che ci d\u00e0 una gioia profonda. E noi sappiamo bene che quando facciamo una cosa con sacrificio il premio \u00e8 la gioia\u201d.<\/em><\/p>\n<h2><span id=\"Gioco_e_Sport_monsignor_Ruzza_Noi_siamo_il_sale_della_Terra\" class=\"ez-toc-section\">Gioco e Sport, monsignor Ruzza: \u201cNoi siamo il sale della Terra\u201d<\/span><\/h2>\n<p>A conclusione della Giornata, la<strong>\u00a0Messa<\/strong>\u00a0presieduta da\u00a0<strong>monsignor Gianrico Ruzza<\/strong>, vescovo ausiliare per il settore Centro e Segretario Generale del Vicariato di Roma.<\/p>\n<p><img loading=\"lazy\" decoding=\"async\" class=\"alignright wp-image-26533 lazyautosizes lazyloaded td-animation-stack-type0-2\" title=\"Gioco e Sport: la Giornata diocesana in &quot;un solo corpo e un solo Spirito&quot; 3\" src=\"http:\/\/www.radiopiu.eu\/wp-content\/uploads\/2019\/04\/b063af76-ed0b-4969-a522-83f42a46dfe0.jpg\" sizes=\"auto, 478px\" srcset=\"https:\/\/www.radiopiu.eu\/wp-content\/uploads\/2019\/04\/b063af76-ed0b-4969-a522-83f42a46dfe0.jpg 1600w, https:\/\/www.radiopiu.eu\/wp-content\/uploads\/2019\/04\/b063af76-ed0b-4969-a522-83f42a46dfe0-300x146.jpg 300w, https:\/\/www.radiopiu.eu\/wp-content\/uploads\/2019\/04\/b063af76-ed0b-4969-a522-83f42a46dfe0-768x373.jpg 768w, https:\/\/www.radiopiu.eu\/wp-content\/uploads\/2019\/04\/b063af76-ed0b-4969-a522-83f42a46dfe0-1024x497.jpg 1024w, https:\/\/www.radiopiu.eu\/wp-content\/uploads\/2019\/04\/b063af76-ed0b-4969-a522-83f42a46dfe0-696x338.jpg 696w, https:\/\/www.radiopiu.eu\/wp-content\/uploads\/2019\/04\/b063af76-ed0b-4969-a522-83f42a46dfe0-1068x519.jpg 1068w, https:\/\/www.radiopiu.eu\/wp-content\/uploads\/2019\/04\/b063af76-ed0b-4969-a522-83f42a46dfe0-865x420.jpg 865w\" alt=\"gioco e sport\" width=\"478\" height=\"232\" data-src=\"http:\/\/www.radiopiu.eu\/wp-content\/uploads\/2019\/04\/b063af76-ed0b-4969-a522-83f42a46dfe0.jpg\" data-srcset=\"https:\/\/www.radiopiu.eu\/wp-content\/uploads\/2019\/04\/b063af76-ed0b-4969-a522-83f42a46dfe0.jpg 1600w, https:\/\/www.radiopiu.eu\/wp-content\/uploads\/2019\/04\/b063af76-ed0b-4969-a522-83f42a46dfe0-300x146.jpg 300w, https:\/\/www.radiopiu.eu\/wp-content\/uploads\/2019\/04\/b063af76-ed0b-4969-a522-83f42a46dfe0-768x373.jpg 768w, https:\/\/www.radiopiu.eu\/wp-content\/uploads\/2019\/04\/b063af76-ed0b-4969-a522-83f42a46dfe0-1024x497.jpg 1024w, https:\/\/www.radiopiu.eu\/wp-content\/uploads\/2019\/04\/b063af76-ed0b-4969-a522-83f42a46dfe0-696x338.jpg 696w, https:\/\/www.radiopiu.eu\/wp-content\/uploads\/2019\/04\/b063af76-ed0b-4969-a522-83f42a46dfe0-1068x519.jpg 1068w, https:\/\/www.radiopiu.eu\/wp-content\/uploads\/2019\/04\/b063af76-ed0b-4969-a522-83f42a46dfe0-865x420.jpg 865w\" data-sizes=\"auto\" \/><em><strong>\u201cDobbiamo convertirci perch\u00e9 la Terra \u00e8 stata violentata, perch\u00e9 le relazioni umane sono state abusate<\/strong>, sono state mal ridotte, perch\u00e9 la giustizia e la pace non vengono affermate, non si combatte per questo\u201d <\/em>ha sottolineato il vescovo durante l\u2019omelia.<\/p>\n<p><em>\u201cPossiamo davvero sperimentare la bellezza dello stare insieme, noi siamo il sale della Terra. \u00c8 bello stare insieme, ma \u00e8 \u00e8 ancora pi\u00f9 intenso e forte stare insieme quando con noi c\u2019\u00e8 anche il Signore Ges\u00f9\u201d.<\/em><\/p>\n<h3><span id=\"Gioco_e_Sport_Monsignor_Ruzza_Se_tuteliamo_il_Creato_tuteliamo_lUomo\" class=\"ez-toc-section\">Gioco e Sport, Monsignor Ruzza: \u201cSe tuteliamo il Creato, tuteliamo l\u2019Uomo\u201d<\/span><\/h3>\n<p>La Giornata del Gioco e dello Sport, ha sottolineato Ruzza<em>\u00a0\u201c\u00e8 un modo nuovo di essere cristiani nella storia: non rimanere nell\u2019attesa ma uscire\u201d.<\/em>\u00a0Bisogna lottare contro l\u2019individualismo, ha poi ribadito il vescovo ai nostri microfoni.<em>\u00a0\u201c<\/em><em>Il tema \u00e8 quello di superare le barriere di un cuore chiuso, bloccato, contratto. Il cuore come dice San Paolo nella lettera ai Corinzi \u00e8 magnanimo. Qui abbiamo l\u2019occasione di vedere che il cuore \u00e8 grande, della festa, della gioia, della speranza. Questa \u00e8 la prospettiva di una Chiesa che va verso gli altri sempre di pi\u00f9 per dire \u2018Abbracciamoci in un grande abbraccio di amore, pace e benevolenza, ma anche di impegno per per difendere il Creato\u201d.<\/em><\/p>\n<p><em>\u201cSe tuteliamo il Creato, tuteliamo l\u2019uomo, se tuteliamo l\u2019uomo, tuteliamo il Creato. Le due cose sono strettamente congiunte e noi cristiani dobbiamo rimboccarci le maniche e dirlo con maggior forza\u201d.<\/em><\/p>\n<p><strong><em>Ascolta tutte le interviste nello speciale di Radiopi\u00f9 Sport sulla \u201cGiornata Diocesana del Gioco e dello Sport\u201d:\u00a0<\/em><\/strong><\/p>\n<p><iframe loading=\"lazy\" src=\"https:\/\/widget.spreaker.com\/player?episode_id=22719211&#038;theme=light&#038;playlist=false&#038;playlist-continuous=false&#038;autoplay=false&#038;live-autoplay=false&#038;chapters-image=true&#038;episode_image_position=right&#038;hide-logo=false&#038;hide-likes=false&#038;hide-comments=false&#038;hide-sharing=false&#038;hide-download=false\" width=\"100%\" height=\"200px\" frameborder=\"0\"><\/iframe><br \/>\n<a href=\"https:\/\/www.facebook.com\/utsroma\/photos\/a.747128652350110\/747129342350041\/?type=3&amp;theater\" target=\"_blank\" rel=\"noopener noreferrer\">La<em>\u00a0gallery<\/em>\u00a0fotografica dell\u2019evento<\/a><\/p>\n","protected":false},"excerpt":{"rendered":"<p>Gioco e Sport: la prima giornata diocesana, Villa Borghese in festa Hanno tirato al canestro, affrontato percorsi a ostacoli, giocato a golf, lanciato tiri in porta, hanno indossato guantoni colorati sul ring. Ai loro polsi un braccialetto di gomma giallo con su impressa una frase del Salmo 138:\u00a0\u201cMi hai fatto come un prodigio\u201d. Sono i [&hellip;]<\/p>\n","protected":false},"author":6,"featured_media":1542,"comment_status":"open","ping_status":"open","sticky":false,"template":"","format":"standard","meta":{"footnotes":""},"categories":[20],"tags":[],"class_list":["post-1541","post","type-post","status-publish","format-standard","has-post-thumbnail","hentry","category-notizie"],"_links":{"self":[{"href":"https:\/\/www.diocesidiroma.it\/utsroma\/index.php\/wp-json\/wp\/v2\/posts\/1541","targetHints":{"allow":["GET"]}}],"collection":[{"href":"https:\/\/www.diocesidiroma.it\/utsroma\/index.php\/wp-json\/wp\/v2\/posts"}],"about":[{"href":"https:\/\/www.diocesidiroma.it\/utsroma\/index.php\/wp-json\/wp\/v2\/types\/post"}],"author":[{"embeddable":true,"href":"https:\/\/www.diocesidiroma.it\/utsroma\/index.php\/wp-json\/wp\/v2\/users\/6"}],"replies":[{"embeddable":true,"href":"https:\/\/www.diocesidiroma.it\/utsroma\/index.php\/wp-json\/wp\/v2\/comments?post=1541"}],"version-history":[{"count":7,"href":"https:\/\/www.diocesidiroma.it\/utsroma\/index.php\/wp-json\/wp\/v2\/posts\/1541\/revisions"}],"predecessor-version":[{"id":1993,"href":"https:\/\/www.diocesidiroma.it\/utsroma\/index.php\/wp-json\/wp\/v2\/posts\/1541\/revisions\/1993"}],"wp:featuredmedia":[{"embeddable":true,"href":"https:\/\/www.diocesidiroma.it\/utsroma\/index.php\/wp-json\/wp\/v2\/media\/1542"}],"wp:attachment":[{"href":"https:\/\/www.diocesidiroma.it\/utsroma\/index.php\/wp-json\/wp\/v2\/media?parent=1541"}],"wp:term":[{"taxonomy":"category","embeddable":true,"href":"https:\/\/www.diocesidiroma.it\/utsroma\/index.php\/wp-json\/wp\/v2\/categories?post=1541"},{"taxonomy":"post_tag","embeddable":true,"href":"https:\/\/www.diocesidiroma.it\/utsroma\/index.php\/wp-json\/wp\/v2\/tags?post=1541"}],"curies":[{"name":"wp","href":"https:\/\/api.w.org\/{rel}","templated":true}]}}