{"id":1618,"date":"2019-05-30T11:27:54","date_gmt":"2019-05-30T09:27:54","guid":{"rendered":"https:\/\/www.diocesidiroma.it\/utsroma\/\/?p=1618"},"modified":"2019-05-30T21:01:19","modified_gmt":"2019-05-30T19:01:19","slug":"clericus-cup-il-papa-benedice-le-squadre","status":"publish","type":"post","link":"https:\/\/www.diocesidiroma.it\/utsroma\/index.php\/clericus-cup-il-papa-benedice-le-squadre\/","title":{"rendered":"Clericus Cup: il Papa benedice le squadre. Sabato 1 giugno la finale"},"content":{"rendered":"<h2>Clericus Cup: sabato 1 giugno la finale<\/h2>\n<p>Trecentocinquantanove atleti, 67 i paesi rappresentati in 16 squadre. Sono i numeri della XIII edizione della Clericus Cup, il mondiale promosso dal Csi, con il patrocinio dell\u2019Ufficio Nazionale del tempo libero, turismo e sport della Cei, del Dicastero per i Laici, la Famiglia e la Vita e del Pontificio Consiglio della Cultura.<\/p>\n<p>Si \u00e8 giocato a partire dalla Quaresima, 3 partite nelle fasi dei gironi, poi la Pasqua ha interrotto la stagione regolare. Quindi nel mese di maggio, i quarti di finali e le semifinali. Adesso, manca solo l&#8217;atto finale.<\/p>\n<p>Sabato prossimo, <strong>1\u00b0 giugno<\/strong>, al <strong>Centro Sportivo Pio XI<\/strong> (via di Santa Maria Mediatrice, 22 &#8211; Roma) si affronteranno, alle ore 9, i campioni in carica <em>North American Martyrs<\/em> e<em> San Guanella e Amici<\/em> per il 3\u00b0 e il 4\u00b0 posto. Alle ore 10.30 l&#8217;attesissima finale tra il <strong><em>Pontificio Collegio Urbano<\/em><\/strong>, gi\u00e0 vincitore per tre volte, e il <strong><em>Sedes Sapientiae<\/em><\/strong> che per la prima volta in 13 anni \u00e8 riuscito a qualificarsi per la conquista della Coppa con il Saturno.<\/p>\n<h2>Clericus Cup: Alborghetti, &#8220;Edizione 2019 pi\u00f9 equilibrata&#8221;<\/h2>\n<p><em>&#8220;La Clericus cup&#8221;<\/em> racconta <strong>Felice Alborghetti, responsabile della comunicazione del campionato pontificio<\/strong>, tirando le fila dell&#8217;edizione 2019, <em>&#8220;\u00e8 una scultura bronzea: c&#8217;\u00e8 un pallone con sopra degli scarpini calcistici e, per dare valore ecclesiale, anche il Saturno, il cappello dei chierici con la tesa ben allungata che sembra anche riparare un po&#8217; il calcio, il pallone da tante piccole storture o vizi che oggi lo adombrano.<\/em><\/p>\n<p><em>Quest&#8217;anno il CSI, che organizza il torneo da 13 anni, &#8220;ha voluto distinguere lo &#8216;stato della carriera&#8217; dei vari religiosi in campo. Quindi abbiamo fatto 2 gironi di soli seminaristi e altri due composti da sacerdoti. \u00c8 venuto fuori un torneo molto interessante. Anche pi\u00f9\u00a0<\/em><em>equilibrato sul campo di calcio ovviamente con questa missione: evangelizzare attraverso lo sport, il calcio, che \u00e8 un linguaggio universale, uno strumento per cui si riesce a trasmettere tanti valori&#8221;.<\/em><\/p>\n<p><em>Come lo si fa? Lo si fa giocando ma anche attraverso delle regole particolari: abbiamo il <strong>cartellino azzurro<\/strong> che la sospensione temporanea di 5 minuti. L&#8217;atleta non viene subito escluso dal gioco ma allontanato per qualche minuto proprio perch\u00e9 si pu\u00f2 reintegrare nel campo avendo scontato una piccola penalit\u00e0: aver fatto giocare la propria squadra in inferiorit\u00e0 numerica per qualche minuto.<\/em><\/p>\n<p><em><strong>Le regole poi sono particolari: si gioca solo 60 minuti, 2 tempi da 30 minuti<\/strong>. Ci sono i time out per abbeverarsi e prendere fresco quando fa caldo. Quest&#8217;anno \u00e8 stata una stagione particolarissima, si \u00e8 giocato quasi sempre sotto la pioggia essendo le condizioni meteo di un autunno pi\u00f9 che una primavera.<\/em><\/p>\n<p><em>In ultimo c&#8217;\u00e8 lo <strong>slogan<\/strong> che riportano le squadre sulla propria maglia:<strong> &#8220;Giocare per credere&#8221;<\/strong> perch\u00e9 appunto il CSI intende attirare attraverso il calcio anche nelle parrocchie, negli oratori, tanti giovani ragazzi, per credere, per portare a un percorso di fede che \u00e8 quello della fede cristiana&#8221;.<\/em><\/p>\n<h2>Clericus Cup: le due squadre finaliste<\/h2>\n<p><strong><em>Dunque, chi sono le due squadre che sabato prossimo si contenderanno la famosa Coppa con il Saturno?\u00a0<\/em><\/strong><\/p>\n<p><em>&#8220;Sono 2 delle squadre che hanno sempre giocato il torneo (su 16 sono solo 4): il <strong>Pontificio Collegio Urbano, che si trova al Gianicolo, <\/strong>rappresenta la congregazione dei missionari dell&#8217;evangelizzazione dei popoli, quindi Propaganda Fide. <strong>Sono stati tre volte campioni e questa che si accingono a giocare \u00e8 la sesta finale consecutiva<\/strong>. Una squadra molto forte,\u00a0 &#8211; aggiunge Alborghetti &#8211; ha in s\u00e9 una componente africana. Sono tutti ragazzi molto giovani provenienti dal Sud Africa, Uganda, la Tanzania, Zimbabwe &#8230;<\/em><\/p>\n<p><em>Il <strong>Sedes Sapientiae<\/strong> ha giocato tutte le 13 edizioni della Clericus Cup ma non \u00e8 mai arrivata alla finale, se non quella del terzo e quarto posto vincendo nel 2010 e arrivando 4\u00b0 per altre 3 volte. Quest&#8217;anno in semifinale \u00e8 riuscito a eliminare i campioni in carica del North America Martyrs. Quindi avr\u00e0 la possibilit\u00e0 di alzare la Coppa con il Saturno.<\/em><\/p>\n<figure id=\"attachment_27201\" aria-describedby=\"caption-attachment-27201\" style=\"width: 960px\" class=\"wp-caption alignright\"><img loading=\"lazy\" decoding=\"async\" class=\"wp-image-27201 size-full\" src=\"https:\/\/www.radiopiu.eu\/wp-content\/uploads\/2019\/05\/61372301_10155904922911529_77672125611114496_n.jpg\" alt=\"clericus cup, papa francesco\" width=\"960\" height=\"614\" \/><figcaption id=\"caption-attachment-27201\" class=\"wp-caption-text\">Foto pagina Facebook Clericus Cup<\/figcaption><\/figure>\n<p><em>\u00c8 un seminario votato alla Madonna che si trova a Trastevere. \u00c8 curioso che nel mese di maggio si sono sempre disputate le finali, quest&#8217;anno essendo il primo giugno, il Sedes \u00e8 riuscito in questa piccola impresa. Avendo giocato 13 anni c&#8217;era tanto desiderio e tanta voglia di essere in campo nella finale che dar\u00e0 la possibilit\u00e0 di contendersi il mondiale vaticano&#8221;.<\/em><\/p>\n<h2>Clericus Cup: la benedizione di Papa Francesco<\/h2>\n<div class=\"post-content\">\n<p>La Clericus Cup ha avuto ieri una benedizione speciale: quella di Papa Francesco. I rappresentanti delle 16 formazioni iscritte al torneo di calcio hanno incontrato il Santo Padre al termine dell&#8217;udienza generale in Piazza San Pietro.<\/p>\n<p>Il Csi, presente in udienza con l\u2019assistente ecclesiastico nazionale, <strong>don Alessio Albertini<\/strong>, ha portato il pallone di gara della finale e la Coppa con il Saturno, per la benedizione del pontefice.<strong> I capitani delle due squadre finaliste l\u2019angolano Mario Pacheco del <em>Pontificio Collegio Urbano<\/em><\/strong> <strong>e il messicano Jesus &#8216;Tito&#8217; Hernandez del <em>Sedes Sapientiae<\/em><\/strong> hanno donato a Bergoglio le loro maglie da gara.<\/p>\n<p><em>&#8220;L&#8217;udienza \u00e8 andata bene, abbiamo consegnato le maglie delle due squadre finaliste e poi il Santo Padre ha fatto l&#8217;autografo alla palla. \u00c8 stato un momento bellissimo e speriamo che con la benedizione tutto vada bene&#8221;<\/em> racconta <strong>Pacheco<\/strong> senza nascondere una <em>&#8220;sana emozione&#8221;.<\/em><\/p>\n<\/div>\n<figure id=\"attachment_27200\" aria-describedby=\"caption-attachment-27200\" style=\"width: 200px\" class=\"wp-caption alignright\"><img loading=\"lazy\" decoding=\"async\" class=\"wp-image-27200 size-medium\" src=\"https:\/\/www.radiopiu.eu\/wp-content\/uploads\/2019\/05\/61287116_10155904922771529_6836296773573541888_n-200x300.jpg\" alt=\"clericus cup, papa francesco\" width=\"200\" height=\"300\" \/><figcaption id=\"caption-attachment-27200\" class=\"wp-caption-text\">Foto Clericus Cup<\/figcaption><\/figure>\n<p>Si \u00e8 trattata di una <em>&#8220;bella esperienza&#8221;<\/em> anche per <strong>Tito<\/strong> della <em>Sedes Sapientia<\/em>e. <em>&#8220;\u00c8 la prima volta che incontro il Papa da vicino. Mi \u00e8 piaciuto moltissimo. Abbiamo scambiato alcune parole e ha firmato la mia maglietta che uso nella Clericus&#8221;.<\/em><\/p>\n<p><strong><em>&#8220;Papa Francesco, poco prima di incontrarvi, <a href=\"http:\/\/w2.vatican.va\/content\/francesco\/it\/events\/event.dir.html\/content\/vaticanevents\/it\/2019\/5\/29\/udienzagenerale.html\">durante l&#8217;udienza<\/a>, ha detto: &#8216;La Parola di Dio corre, \u00e8 dinamica, capace cio\u00e8 di accendere i cuori e di far saltare schemi, resistenze e muri di divisione, aprendo vie nuove e dilatando i confini del popolo di Dio. Ecco, le parole del Pontefice, non possono rimandare immediatamente a quello che \u00e8 lo scopo del vostro torneo&#8217;&#8230;&#8221;\u00a0<\/em><\/strong><\/p>\n<p><em>&#8220;Certamente. Lo scopo di questo torneo non \u00e8 soltanto giocare per giocare ma anche quello di portare avanti l&#8217;evangelizzazione, il nostro primo lavoro \u00e8 questo. Siamo qui da tutto il mondo. Questo torneo ci fa dare il cuore per questo&#8221;.<\/em><\/p>\n<p>A fare eco alle parole del capitano, il <strong>giocatore spagnolo don Fernando Crovetto<\/strong><em>. &#8220;<\/em><em>\u00c8 stata una bella opportunit\u00e0 sentire la vicinanza del Papa che punta molto sullo sport e sa che anche la vita \u00e8 uno sport. \u00c8 stata una grande occasione per mostrare la nostra vicinanza a lui e a al suo magistero.<\/em><\/p>\n<p><em>\u00c8 la prima volta<\/em> &#8211; continua &#8211;<em> che il Collegio (Sedes Sapientiae ndr) riesce ad arrivare in finale. Abbiamo iniziato con tanti dubbi ma quando abbiamo visto che la squadra reggeva c&#8217;\u00e8 stato un crescendo di entusiasmo &#8230; venivano dal Collegio a tifare, tutti contenti. Adesso speriamo di poter finire in bellezza vincendo sabato. \u00c8 un&#8217;esperienza molto bella che sta tenendo il Collegio unito, che fa pensare ad altre cose, non solo allo studio, ma anche al divertimento, alla fraternit\u00e0 tra di noi, i seminaristi e gli altri Collegi qui a Roma&#8221;.<\/em><\/p>\n<p><strong>Ascolta il servizio completo nell&#8217;edizione odierna di<em> Radiopi\u00f9 Sport<\/em>:<\/strong><\/p>\n<p><iframe loading=\"lazy\" src=\"https:\/\/w.soundcloud.com\/player\/?url=https%3A\/\/api.soundcloud.com\/tracks\/628834686&amp;color=%23ff5500&amp;auto_play=false&amp;hide_related=false&amp;show_comments=true&amp;show_user=true&amp;show_reposts=false&amp;show_teaser=true\" width=\"100%\" height=\"166\" frameborder=\"no\" scrolling=\"no\" data-mce-fragment=\"1\"><\/iframe><\/p>\n<h3>Le altre notizie<\/h3>\n<p>Domenica <strong>2 giugno<\/strong>, al Foro Italico di Roma, andr\u00e0 in scena <strong><em>La Notte dei Re<\/em><\/strong>, l&#8217;evento benefico il cui ricavato sar\u00e0 devoluto per la costruzione del nuovo istituto dei tumori e dei trapianti del <strong>Bambino Ges\u00f9<\/strong>.<\/p>\n<p>A scendere in campo le grandi leggende del campo internazionale. Due le squadre: una capitanata da Francesco Totti e l&#8217;altra da Luis Figo.<\/p>\n<p>Leggi anche:<\/p>\n<p class=\"entry-title\"><a href=\"https:\/\/www.diocesidiroma.it\/utsroma\/\/calcio-femminile-vaticano\/\">Calcio femminile, anche il Vaticano ha la sua squadra. Il 26 maggio l\u2019esordio<\/a><\/p>\n","protected":false},"excerpt":{"rendered":"<p>Clericus Cup: sabato 1 giugno la finale Trecentocinquantanove atleti, 67 i paesi rappresentati in 16 squadre. Sono i numeri della XIII edizione della Clericus Cup, il mondiale promosso dal Csi, con il patrocinio dell\u2019Ufficio Nazionale del tempo libero, turismo e sport della Cei, del Dicastero per i Laici, la Famiglia e la Vita e del [&hellip;]<\/p>\n","protected":false},"author":6,"featured_media":1619,"comment_status":"open","ping_status":"open","sticky":false,"template":"","format":"standard","meta":{"footnotes":""},"categories":[20],"tags":[],"class_list":["post-1618","post","type-post","status-publish","format-standard","has-post-thumbnail","hentry","category-notizie"],"_links":{"self":[{"href":"https:\/\/www.diocesidiroma.it\/utsroma\/index.php\/wp-json\/wp\/v2\/posts\/1618","targetHints":{"allow":["GET"]}}],"collection":[{"href":"https:\/\/www.diocesidiroma.it\/utsroma\/index.php\/wp-json\/wp\/v2\/posts"}],"about":[{"href":"https:\/\/www.diocesidiroma.it\/utsroma\/index.php\/wp-json\/wp\/v2\/types\/post"}],"author":[{"embeddable":true,"href":"https:\/\/www.diocesidiroma.it\/utsroma\/index.php\/wp-json\/wp\/v2\/users\/6"}],"replies":[{"embeddable":true,"href":"https:\/\/www.diocesidiroma.it\/utsroma\/index.php\/wp-json\/wp\/v2\/comments?post=1618"}],"version-history":[{"count":4,"href":"https:\/\/www.diocesidiroma.it\/utsroma\/index.php\/wp-json\/wp\/v2\/posts\/1618\/revisions"}],"predecessor-version":[{"id":1623,"href":"https:\/\/www.diocesidiroma.it\/utsroma\/index.php\/wp-json\/wp\/v2\/posts\/1618\/revisions\/1623"}],"wp:featuredmedia":[{"embeddable":true,"href":"https:\/\/www.diocesidiroma.it\/utsroma\/index.php\/wp-json\/wp\/v2\/media\/1619"}],"wp:attachment":[{"href":"https:\/\/www.diocesidiroma.it\/utsroma\/index.php\/wp-json\/wp\/v2\/media?parent=1618"}],"wp:term":[{"taxonomy":"category","embeddable":true,"href":"https:\/\/www.diocesidiroma.it\/utsroma\/index.php\/wp-json\/wp\/v2\/categories?post=1618"},{"taxonomy":"post_tag","embeddable":true,"href":"https:\/\/www.diocesidiroma.it\/utsroma\/index.php\/wp-json\/wp\/v2\/tags?post=1618"}],"curies":[{"name":"wp","href":"https:\/\/api.w.org\/{rel}","templated":true}]}}