{"id":1625,"date":"2019-06-06T09:11:20","date_gmt":"2019-06-06T07:11:20","guid":{"rendered":"https:\/\/www.diocesidiroma.it\/utsroma\/\/?p=1625"},"modified":"2020-03-11T11:05:32","modified_gmt":"2020-03-11T10:05:32","slug":"notte-bianca-dello-sport-roma-2019","status":"publish","type":"post","link":"https:\/\/www.diocesidiroma.it\/utsroma\/index.php\/notte-bianca-dello-sport-roma-2019\/","title":{"rendered":"Notte bianca dello sport, l\u20198 giugno Roma si allena al benessere"},"content":{"rendered":"<h2><span id=\"Notte_bianca_dello_sport_l8_giugno_la_terza_edizione\" class=\"ez-toc-section\">Notte bianca dello sport: l\u20198 giugno la terza edizione<\/span><\/h2>\n<div id=\"ez-toc-container\" class=\"counter-hierarchy counter-decimal ez-toc-grey\">\n<nav>Divertimento, condivisione, prevenzione e salute. Sono le parole chiave della<strong>\u00a0Notte bianca dello Sport<\/strong>\u00a0che torna a Roma, per il terzo anno consecutivo,\u00a0<strong>sabato 8 giugno<\/strong>.<\/nav>\n<\/div>\n<p><img loading=\"lazy\" decoding=\"async\" class=\"alignright wp-image-27372 size-full td-animation-stack-type0-2 lazy-loaded\" title=\"Notte bianca dello sport, l'8 giugno Roma si allena al benessere 1\" src=\"https:\/\/www.radiopiu.eu\/wp-content\/uploads\/2019\/06\/notte.jpg\" sizes=\"auto, (max-width: 309px) 100vw, 309px\" srcset=\"https:\/\/www.radiopiu.eu\/wp-content\/uploads\/2019\/06\/notte.jpg 309w, https:\/\/www.radiopiu.eu\/wp-content\/uploads\/2019\/06\/notte-200x300.jpg 200w, https:\/\/www.radiopiu.eu\/wp-content\/uploads\/2019\/06\/notte-280x420.jpg 280w\" alt=\"notte bianca dello sport\" width=\"309\" height=\"463\" data-src=\"https:\/\/www.radiopiu.eu\/wp-content\/uploads\/2019\/06\/notte.jpg\" data-srcset=\"\" \/>Diverse le attivit\u00e0 previste, totalmente gratuite, (il programma completo degli eventi su\u00a0<a href=\"http:\/\/www.nottebiancadellosport.it\/\" target=\"_blank\" rel=\"noopener noreferrer\">www.nottebiancadellosport.it<\/a>), da Ponte Milvio a Ostia, da Cinecitt\u00e0 a Portuense, non solo per gli appassionati di sport ma per tutti cittadini.<\/p>\n<h2><span id=\"Notte_bianca_dello_sport_Frongia_Un_evento_per_tutti\" class=\"ez-toc-section\">Notte bianca dello sport: Frongia, \u201cUn evento per tutti\u201d<\/span><\/h2>\n<p><em>\u201cCirca 30 strutture a Roma\u00a0<\/em>(24 comunali e 6 privati Ndr)<em>\u00a0che saranno aperte dal pomeriggio, di sera, e fino a notte fonda per i cittadini per provare gratuitamente le varie discipline\u201d<\/em>racconta ai nostri microfoni l\u2019<strong>a<\/strong><strong>ssessore allo Sport, Politiche Giovanili e Grandi Eventi cittadini di Roma Capitale, Daniele Frongia<\/strong>.<\/p>\n<p>Poi,\u00a0<em>\u201cc\u2019\u00e8 il\u00a0<strong>programma dedicato alle famiglie e ai bimbi<\/strong>\u00a0in moltissimi impianti fino al golf a Ponte Milvio con la Federazione Italiana Golf\u201d<\/em>.<\/p>\n<p><strong>Quindi la Notte bianca dello sport \u00e8 un evento per tutti?\u00a0<\/strong><\/p>\n<p><em>\u201cS\u00ec, lo abbiamo visto gi\u00e0 nella seconda edizione ma quest\u2019anno vedremo ancora di pi\u00f9 come sia possibile in in impianto sportivo comunale far praticare sport, comunque un\u00a0<img loading=\"lazy\" decoding=\"async\" class=\"alignright wp-image-27377 td-animation-stack-type0-2 lazy-loaded\" title=\"Notte bianca dello sport, l'8 giugno Roma si allena al benessere 3\" src=\"https:\/\/www.radiopiu.eu\/wp-content\/uploads\/2019\/06\/swimming-933217_960_720.jpg\" sizes=\"auto, (max-width: 427px) 100vw, 427px\" srcset=\"https:\/\/www.radiopiu.eu\/wp-content\/uploads\/2019\/06\/swimming-933217_960_720.jpg 934w, https:\/\/www.radiopiu.eu\/wp-content\/uploads\/2019\/06\/swimming-933217_960_720-300x231.jpg 300w, https:\/\/www.radiopiu.eu\/wp-content\/uploads\/2019\/06\/swimming-933217_960_720-768x592.jpg 768w, https:\/\/www.radiopiu.eu\/wp-content\/uploads\/2019\/06\/swimming-933217_960_720-696x537.jpg 696w, https:\/\/www.radiopiu.eu\/wp-content\/uploads\/2019\/06\/swimming-933217_960_720-545x420.jpg 545w\" alt=\"notte bianca dello sport, bambini, nuoto, piscina\" width=\"427\" height=\"329\" data-src=\"https:\/\/www.radiopiu.eu\/wp-content\/uploads\/2019\/06\/swimming-933217_960_720.jpg\" data-srcset=\"\" \/>esercizio fisico, a tutta la famiglia. Magari anche insieme in alcuni casi. Sar\u00e0 possibile per<strong>\u00a0genitori e bimbi<\/strong>\u00a0entrare in piscina con il<strong>nuoto libero assistito<\/strong>.\u00a0<\/em><em>Ci sar\u00e0 un istruttore che dar\u00e0 indicazioni\u201d.<\/em><\/p>\n<p>Ma non solo. Sabato ci si potr\u00e0 cimentare nell\u2019\u00a0<em>\u201c<strong>arrampicata<\/strong>\u00a0e in molte altre discipline, insieme alle classiche e tradizionali:<strong>calcio, calcio a 5, basket e pallavolo<\/strong>\u201c.<\/em><\/p>\n<h2><span id=\"Notte_bianca_dello_sport_superare_le_barriere_e_restare_in_salute\" class=\"ez-toc-section\">Notte bianca dello sport: superare le barriere e restare in salute<\/span><\/h2>\n<p><strong>Uno degli obiettivi che si pone la Notte bianca dello sport \u00e8 quello di superare le barriere culturali e sociali\u2026<\/strong><\/p>\n<p><em>\u201cLo abbiamo visto soprattutto in alcuni impianti di periferia come\u00a0<strong>ogni distanza viene poi colmata e superata semplicemente giocando insieme<\/strong>\u00a0e questo pu\u00f2 sembrare banale ma \u00e8 una delle grandi virt\u00f9 dello sport che significa anche molte altre cose: come prevenzione e salute\u201d.<\/em><\/p>\n<p><strong>Quindi, con l\u2019evento di sabato si vuole mandare anche un altro messaggio: avere uno stile di vita sano\u2026<\/strong><\/p>\n<p><em>\u201cMi piace pensare allo sport anche come a una\u00a0<strong>piccola dichiarazione di guerra contro la sedentariet\u00e0<\/strong>\u00a0che \u00e8 veramente nociva per la nostra salute. L\u2019esercizio fisico \u00e8 estremamente importante, lo dicono tutti quanti gli studi medici.<\/em><\/p>\n<p><em>Collaborando con il CeMI- Centro di Medicina dell\u2019Invecchiamento \u2013 del Gemelli, con il\u00a0<a href=\"https:\/\/www.diocesidiroma.it\/utsroma\/\/longevity-run-2019-la-corsa-che-allunga-la-vita\/\">professor Land<\/a>i\u00a0nei vari eventi di prevenzione abbiamo potuto costatare, che tra i vari parametri monitorati della salute dei cittadini davvero importante \u00e8 l\u2019attivit\u00e0 sportiva\u201d.<\/em><\/p>\n<p>Ascolta l\u2019intervista all\u2019<strong>assessore Daniele Frongia<\/strong>\u00a0nell\u2019edizione odierna di\u00a0<strong><em>Radiopi\u00f9 Sport<\/em><\/strong>:<\/p>\n<p><iframe loading=\"lazy\" src=\"https:\/\/widget.spreaker.com\/player?episode_id=22719084&#038;theme=light&#038;playlist=false&#038;playlist-continuous=false&#038;autoplay=false&#038;live-autoplay=false&#038;chapters-image=true&#038;episode_image_position=right&#038;hide-logo=false&#038;hide-likes=false&#038;hide-comments=false&#038;hide-sharing=false&#038;hide-download=false\" width=\"100%\" height=\"200px\" frameborder=\"0\"><\/iframe><\/p>\n","protected":false},"excerpt":{"rendered":"<p>Notte bianca dello sport: l\u20198 giugno la terza edizione Divertimento, condivisione, prevenzione e salute. Sono le parole chiave della\u00a0Notte bianca dello Sport\u00a0che torna a Roma, per il terzo anno consecutivo,\u00a0sabato 8 giugno. Diverse le attivit\u00e0 previste, totalmente gratuite, (il programma completo degli eventi su\u00a0www.nottebiancadellosport.it), da Ponte Milvio a Ostia, da Cinecitt\u00e0 a Portuense, non solo [&hellip;]<\/p>\n","protected":false},"author":6,"featured_media":1631,"comment_status":"open","ping_status":"open","sticky":false,"template":"","format":"standard","meta":{"footnotes":""},"categories":[20],"tags":[],"class_list":["post-1625","post","type-post","status-publish","format-standard","has-post-thumbnail","hentry","category-notizie"],"_links":{"self":[{"href":"https:\/\/www.diocesidiroma.it\/utsroma\/index.php\/wp-json\/wp\/v2\/posts\/1625","targetHints":{"allow":["GET"]}}],"collection":[{"href":"https:\/\/www.diocesidiroma.it\/utsroma\/index.php\/wp-json\/wp\/v2\/posts"}],"about":[{"href":"https:\/\/www.diocesidiroma.it\/utsroma\/index.php\/wp-json\/wp\/v2\/types\/post"}],"author":[{"embeddable":true,"href":"https:\/\/www.diocesidiroma.it\/utsroma\/index.php\/wp-json\/wp\/v2\/users\/6"}],"replies":[{"embeddable":true,"href":"https:\/\/www.diocesidiroma.it\/utsroma\/index.php\/wp-json\/wp\/v2\/comments?post=1625"}],"version-history":[{"count":7,"href":"https:\/\/www.diocesidiroma.it\/utsroma\/index.php\/wp-json\/wp\/v2\/posts\/1625\/revisions"}],"predecessor-version":[{"id":1991,"href":"https:\/\/www.diocesidiroma.it\/utsroma\/index.php\/wp-json\/wp\/v2\/posts\/1625\/revisions\/1991"}],"wp:featuredmedia":[{"embeddable":true,"href":"https:\/\/www.diocesidiroma.it\/utsroma\/index.php\/wp-json\/wp\/v2\/media\/1631"}],"wp:attachment":[{"href":"https:\/\/www.diocesidiroma.it\/utsroma\/index.php\/wp-json\/wp\/v2\/media?parent=1625"}],"wp:term":[{"taxonomy":"category","embeddable":true,"href":"https:\/\/www.diocesidiroma.it\/utsroma\/index.php\/wp-json\/wp\/v2\/categories?post=1625"},{"taxonomy":"post_tag","embeddable":true,"href":"https:\/\/www.diocesidiroma.it\/utsroma\/index.php\/wp-json\/wp\/v2\/tags?post=1625"}],"curies":[{"name":"wp","href":"https:\/\/api.w.org\/{rel}","templated":true}]}}