{"id":1692,"date":"2019-09-26T10:13:49","date_gmt":"2019-09-26T08:13:49","guid":{"rendered":"https:\/\/www.diocesidiroma.it\/utsroma\/\/?p=1692"},"modified":"2020-03-11T14:35:21","modified_gmt":"2020-03-11T13:35:21","slug":"coppa-roma-csi-a-ottobre-lottava-edizione","status":"publish","type":"post","link":"https:\/\/www.diocesidiroma.it\/utsroma\/index.php\/coppa-roma-csi-a-ottobre-lottava-edizione\/","title":{"rendered":"Coppa Roma, CSI: a ottobre l\u2019ottava edizione"},"content":{"rendered":"<h2><span id=\"Coppa_Roma_lottava_edizione\" class=\"ez-toc-section\">Coppa Roma: l\u2019ottava edizione<\/span><\/h2>\n<p>Chiuderanno domani, venerd\u00ec 27 settembre le\u00a0<a href=\"http:\/\/www.csiroma.com\/contenuti\/COPPA-ROMA?fbclid=IwAR1Mq0AccPMfGFrMs-VFkBOx9ZhLXE0mo05v-Lx1MRYizZZTBdnwEfq3NNs\" target=\"_blank\" rel=\"noopener noreferrer\">iscrizioni<\/a>\u00a0per l\u2019 ottava edizione della\u00a0<strong>Coppa Roma<\/strong>, proposta sportiva della Commissione attivit\u00e0 parrocchiale del\u00a0<strong>CSI<\/strong>\u00a0adatta a tutte quelle squadre che intendono testare le proprie capacit\u00e0 prima dell\u2019Oratorio Cup. Il torneo si articola in due fasi. La prima, di qualificazione, si svolge ad ottobre con piccoli gironi all\u2019italiana di sola andata, la seconda con arbitri CSI, si snoda durante l\u2019anno con partite a eliminazione diretta.<\/p>\n<p>Il calendario della Coppa Roma consente a tutte le squadre iscritte di partecipare ai campionati dell\u2019Oratorio Cup.<\/p>\n<h2><span id=\"Coppa_Roma_il_torneo_di_calcio_a_5_per_chi_e_gia_pronto\" class=\"ez-toc-section\">Coppa Roma: il torneo di calcio a 5 per chi \u00e8 gi\u00e0 \u201cpronto\u201d<\/span><\/h2>\n<p>\u00abLa Coppa Roma \u2013 spiega\u00a0<strong>Fabrizio Papa,<\/strong>\u00a0<strong>responsabile della Commissione attivit\u00e0 parrocchiale del Centro Sportivo Italiano \u2013\u00a0<\/strong>\u00e8 un torneo di calcio a 5 dedicato a tutte quelle realt\u00e0 dedicate all\u2019Oratorio Cup che a settembre sono gi\u00e0 pronte a livello burocratico e sportivo. Hanno gi\u00e0 desiderio e forze per partire subito a fare sport. \u00c8 aperto a tutti, partecipano tutte quelle realt\u00e0 storiche legate al CSI\u00bb.<\/p>\n<p><img loading=\"lazy\" decoding=\"async\" class=\"alignnone size-full wp-image-28826 ls-is-cached lazyloaded td-animation-stack-type0-2\" title=\"Coppa Roma, CSI: a ottobre l'ottava edizione 1\" src=\"https:\/\/www.radiopiu.eu\/wp-content\/uploads\/2019\/09\/sport-3891579_960_720.jpg\" sizes=\"auto, (max-width: 960px) 100vw, 960px\" srcset=\"https:\/\/www.radiopiu.eu\/wp-content\/uploads\/2019\/09\/sport-3891579_960_720.jpg 960w, https:\/\/www.radiopiu.eu\/wp-content\/uploads\/2019\/09\/sport-3891579_960_720-300x100.jpg 300w, https:\/\/www.radiopiu.eu\/wp-content\/uploads\/2019\/09\/sport-3891579_960_720-768x255.jpg 768w, https:\/\/www.radiopiu.eu\/wp-content\/uploads\/2019\/09\/sport-3891579_960_720-696x231.jpg 696w\" alt=\"coppa roma\" width=\"960\" height=\"319\" data-src=\"https:\/\/www.radiopiu.eu\/wp-content\/uploads\/2019\/09\/sport-3891579_960_720.jpg\" data-srcset=\"https:\/\/www.radiopiu.eu\/wp-content\/uploads\/2019\/09\/sport-3891579_960_720.jpg 960w, https:\/\/www.radiopiu.eu\/wp-content\/uploads\/2019\/09\/sport-3891579_960_720-300x100.jpg 300w, https:\/\/www.radiopiu.eu\/wp-content\/uploads\/2019\/09\/sport-3891579_960_720-768x255.jpg 768w, https:\/\/www.radiopiu.eu\/wp-content\/uploads\/2019\/09\/sport-3891579_960_720-696x231.jpg 696w\" \/><\/p>\n<p><strong><em>La Coppa Roma \u00e8 considerata come una prima parte dell\u2019Oratorio Cup\u2026<\/em><\/strong><\/p>\n<p>\u00abLa proposta sportiva dell\u2019Oratorio Cup \u2013 precisa Fabrizio Papa \u2013\u00a0 \u00e8 modulare nel senso che noi abbiamo visto che un impegno che va da ottobre a giugno per le parrocchie diventa un po\u2019 complicato per via dei vari impegni pastorali. Quindi abbiamo diviso la stagione sportiva in questo primo torneo, la Coppa Roma, che si svolge a ottobre, l\u2019oratorio Cup, che va da novembre ad aprile, e<a href=\"https:\/\/www.diocesidiroma.it\/utsroma\/\/csi-roma-calcio-a-5-torna-giocare-per-credere\/\">\u00a0Giocare per Credere<\/a>, il torneo conclusivo che si svolge tra maggio e giugno.<\/p>\n<p>Dunque gli interessati all\u2019Oratorio Cup hanno tutto il tempo per affacciarsi al CSI, contattarci via telefono, tramite social. Quindi adesso \u00e8 il momento per informarsi e procedere poi con le iscrizioni\u00bb.<\/p>\n<p><img loading=\"lazy\" decoding=\"async\" class=\"alignnone size-full wp-image-28827 ls-is-cached lazyloaded td-animation-stack-type0-2\" title=\"Coppa Roma, CSI: a ottobre l'ottava edizione 3\" src=\"https:\/\/www.radiopiu.eu\/wp-content\/uploads\/2019\/09\/coppa-roma-2.jpg\" sizes=\"auto, (max-width: 850px) 100vw, 850px\" srcset=\"https:\/\/www.radiopiu.eu\/wp-content\/uploads\/2019\/09\/coppa-roma-2.jpg 850w, https:\/\/www.radiopiu.eu\/wp-content\/uploads\/2019\/09\/coppa-roma-2-300x80.jpg 300w, https:\/\/www.radiopiu.eu\/wp-content\/uploads\/2019\/09\/coppa-roma-2-768x204.jpg 768w, https:\/\/www.radiopiu.eu\/wp-content\/uploads\/2019\/09\/coppa-roma-2-696x185.jpg 696w\" alt=\"coppa roma\" width=\"850\" height=\"226\" data-src=\"https:\/\/www.radiopiu.eu\/wp-content\/uploads\/2019\/09\/coppa-roma-2.jpg\" data-srcset=\"https:\/\/www.radiopiu.eu\/wp-content\/uploads\/2019\/09\/coppa-roma-2.jpg 850w, https:\/\/www.radiopiu.eu\/wp-content\/uploads\/2019\/09\/coppa-roma-2-300x80.jpg 300w, https:\/\/www.radiopiu.eu\/wp-content\/uploads\/2019\/09\/coppa-roma-2-768x204.jpg 768w, https:\/\/www.radiopiu.eu\/wp-content\/uploads\/2019\/09\/coppa-roma-2-696x185.jpg 696w\" \/><\/p>\n<p><em><strong>Ancora una volta a scendere in campo saranno i valori\u2026<\/strong><\/em><\/p>\n<p>\u00abI valori che lo sport trasmette sono tantissimi. Noi crediamo che lo sport in oratorio sia un elemento in pi\u00f9. Sono i valori che la Chiesa ci insegna: il sacrificio, il gioco di squadra\u2026valori che la Chiesa pu\u00f2 sfruttare sul campo di calcio\u00bb.<\/p>\n<h3><span id=\"Coppa_Roma_le_date\" class=\"ez-toc-section\">Coppa Roma: le date<\/span><\/h3>\n<p>Le iscrizioni al torneo Coppa Roma scadono domani,\u00a0<strong>27 settembre<\/strong>. Il\u00a0<b><strong>2 ottobre\u00a0<\/strong><\/b>ci sar\u00e0 la pubblicazione dei calendari definitivi e del 1\u00b0 comunicato ufficiale. \u00c8 fissata, invece, per il\u00a0<strong>5 ottobre<\/strong>\u00a0la prima giornata di gare. Per ulteriori informazioni e iscrizioni \u00e8 possibile consultare il sito\u00a0<strong>www.csiroma.com<\/strong>.<\/p>\n<p><strong><em>Ascolta l\u2019edizione odierna di Radiopi\u00f9 Sport:\u00a0<\/em><\/strong><\/p>\n<p><iframe loading=\"lazy\" src=\"https:\/\/widget.spreaker.com\/player?episode_id=22719053&#038;theme=light&#038;playlist=false&#038;playlist-continuous=false&#038;autoplay=false&#038;live-autoplay=false&#038;chapters-image=true&#038;episode_image_position=right&#038;hide-logo=false&#038;hide-likes=false&#038;hide-comments=false&#038;hide-sharing=false&#038;hide-download=false\" width=\"100%\" height=\"200px\" frameborder=\"0\"><\/iframe>&nbsp;<\/p>\n<p><strong><em>Le altre notizie della settimana:\u00a0<\/em><\/strong><\/p>\n<ul>\n<li>Questa sera, 26 settembre, alle ore 20:00 si terr\u00e0 la riunione del campionato giovanile presso la sede\u00a0<strong>Us Acli Roma<\/strong>\u00a0sita in Via Prospero Alpino, 20 per presentare le novit\u00e0 della stagione calcistica 2019\/2020.<\/li>\n<li>La commissione Bilancio del Consiglio regionale del\u00a0<strong>Lazio<\/strong>\u00a0ha dato unanime il parere favorevole alle\u00a0<a href=\"http:\/\/24 -09-2019_commissione bilancio defibrillatori\">disposizioni in materia di rianimazione<\/a>.\u00a0<strong>Seic<img loading=\"lazy\" decoding=\"async\" class=\"size-full wp-image-28836 alignright ls-is-cached lazyloaded td-animation-stack-type0-2\" title=\"Coppa Roma, CSI: a ottobre l'ottava edizione 5\" src=\"https:\/\/www.radiopiu.eu\/wp-content\/uploads\/2019\/09\/defibrillatore.jpg\" sizes=\"auto, (max-width: 397px) 100vw, 397px\" srcset=\"https:\/\/www.radiopiu.eu\/wp-content\/uploads\/2019\/09\/defibrillatore.jpg 397w, https:\/\/www.radiopiu.eu\/wp-content\/uploads\/2019\/09\/defibrillatore-300x96.jpg 300w\" alt=\"defibrillatore\" width=\"397\" height=\"127\" data-src=\"https:\/\/www.radiopiu.eu\/wp-content\/uploads\/2019\/09\/defibrillatore.jpg\" data-srcset=\"https:\/\/www.radiopiu.eu\/wp-content\/uploads\/2019\/09\/defibrillatore.jpg 397w, https:\/\/www.radiopiu.eu\/wp-content\/uploads\/2019\/09\/defibrillatore-300x96.jpg 300w\" \/>entomila euro nel biennio 2020-2021<\/strong>. A tanto ammonta lo stanziamento per la promozione delle tecniche salvavita, attraverso campagne di comunicazione e appositi corsi di formazione e aggiornamento rivolti a vari soggetti e all\u2019<strong>acquisto e alla manutenzione dei defibrillatori<\/strong>, nonch\u00e9 a finanziare appositi corsi di formazione per l\u2019utilizzo degli stessi.<\/li>\n<\/ul>\n","protected":false},"excerpt":{"rendered":"<p>Coppa Roma: l\u2019ottava edizione Chiuderanno domani, venerd\u00ec 27 settembre le\u00a0iscrizioni\u00a0per l\u2019 ottava edizione della\u00a0Coppa Roma, proposta sportiva della Commissione attivit\u00e0 parrocchiale del\u00a0CSI\u00a0adatta a tutte quelle squadre che intendono testare le proprie capacit\u00e0 prima dell\u2019Oratorio Cup. Il torneo si articola in due fasi. La prima, di qualificazione, si svolge ad ottobre con piccoli gironi all\u2019italiana di [&hellip;]<\/p>\n","protected":false},"author":6,"featured_media":1693,"comment_status":"open","ping_status":"open","sticky":false,"template":"","format":"standard","meta":{"footnotes":""},"categories":[20],"tags":[],"class_list":["post-1692","post","type-post","status-publish","format-standard","has-post-thumbnail","hentry","category-notizie"],"_links":{"self":[{"href":"https:\/\/www.diocesidiroma.it\/utsroma\/index.php\/wp-json\/wp\/v2\/posts\/1692","targetHints":{"allow":["GET"]}}],"collection":[{"href":"https:\/\/www.diocesidiroma.it\/utsroma\/index.php\/wp-json\/wp\/v2\/posts"}],"about":[{"href":"https:\/\/www.diocesidiroma.it\/utsroma\/index.php\/wp-json\/wp\/v2\/types\/post"}],"author":[{"embeddable":true,"href":"https:\/\/www.diocesidiroma.it\/utsroma\/index.php\/wp-json\/wp\/v2\/users\/6"}],"replies":[{"embeddable":true,"href":"https:\/\/www.diocesidiroma.it\/utsroma\/index.php\/wp-json\/wp\/v2\/comments?post=1692"}],"version-history":[{"count":4,"href":"https:\/\/www.diocesidiroma.it\/utsroma\/index.php\/wp-json\/wp\/v2\/posts\/1692\/revisions"}],"predecessor-version":[{"id":2003,"href":"https:\/\/www.diocesidiroma.it\/utsroma\/index.php\/wp-json\/wp\/v2\/posts\/1692\/revisions\/2003"}],"wp:featuredmedia":[{"embeddable":true,"href":"https:\/\/www.diocesidiroma.it\/utsroma\/index.php\/wp-json\/wp\/v2\/media\/1693"}],"wp:attachment":[{"href":"https:\/\/www.diocesidiroma.it\/utsroma\/index.php\/wp-json\/wp\/v2\/media?parent=1692"}],"wp:term":[{"taxonomy":"category","embeddable":true,"href":"https:\/\/www.diocesidiroma.it\/utsroma\/index.php\/wp-json\/wp\/v2\/categories?post=1692"},{"taxonomy":"post_tag","embeddable":true,"href":"https:\/\/www.diocesidiroma.it\/utsroma\/index.php\/wp-json\/wp\/v2\/tags?post=1692"}],"curies":[{"name":"wp","href":"https:\/\/api.w.org\/{rel}","templated":true}]}}