{"id":1731,"date":"2019-10-08T14:38:00","date_gmt":"2019-10-08T12:38:00","guid":{"rendered":"https:\/\/www.diocesidiroma.it\/utsroma\/\/?p=1731"},"modified":"2019-10-08T14:43:32","modified_gmt":"2019-10-08T12:43:32","slug":"fame-nel-mondo-il-12-ottobre-piazza-del-popolo","status":"publish","type":"post","link":"https:\/\/www.diocesidiroma.it\/utsroma\/index.php\/fame-nel-mondo-il-12-ottobre-piazza-del-popolo\/","title":{"rendered":"Fame nel mondo, il 12 ottobre 10mila piatti vuoti in Piazza del Popolo"},"content":{"rendered":"<h2>Fame nel mondo: &#8220;In the name of Africa&#8221;<\/h2>\n<p>Dopo la tappa milanese, &#8220;In the name of Africa&#8221; sbarca a Roma. Diecimila piatti vuoti riempiranno sabato 12 ottobre, dalle ore 7 alle ore 19, Piazza del Popolo per ricordarci che al mondo ci sono ancora oltre 820 milioni di persone che soffrono la fame.<\/p>\n<p>Libri, palloncini a forma di cuore, <em>pixel art<\/em> ma soprattutto gioia e solidariet\u00e0. Saranno questi i componenti di \u00abuna giornata molto intensa, che fa memoria, una giornata che racconta, una giornata che ha bisogno di tutti perch\u00e9 sia sentita veramente dal mondo\u00bb dice ai nostri microfoni <strong>Giovanni Beccari<\/strong> di\u00a0<a href=\"https:\/\/www.cefaonlus.it\/\"><strong><em>CEFA il Seme della Solidariet\u00e0<\/em><\/strong><\/a>, organizzazione non governativa che da 45 anni lavora per vincere fame e povert\u00e0.<\/p>\n<p class=\"p1\">L&#8217;evento, con il patrocinio di Roma Capitale, Vicariato di Roma e l&#8217;Agenzia Italiana per la Cooperazione allo Sviluppo, si svolger\u00e0 proprio a pochi giorni dal 16 ottobre, <strong>Giornata mondiale dell&#8217;Alimentazione<\/strong>.<\/p>\n<p><span style=\"color: #111111; font-family: Roboto, sans-serif; font-size: 27px;\">Fame nel mondo: Cefa cerca volontari\u00a0<\/span><\/p>\n<p><strong><em>La vostra associazione \u00e8 alla ricerca di volontari per un giorno. Non servono competenze particolari. Cos&#8217;\u00e8, invece, necessario?\u00a0<\/em><\/strong><\/p>\n<div class=\"container sub pad-tb-l\">\n<div class=\"col s12 m12 \">\n<p>\u00abDobbiamo posizionare 10mila piatti di ceramica, cio\u00e8 60 quintali. Quindi serve dell&#8217;energia, della passione, delle forze, delle braccia. Delle braccia che verranno accolte alle 7 mattino (ma anche durante le altre fasce orarie) dal Cefa. Ognuno avr\u00e0 il suo settore dove mettere <img loading=\"lazy\" decoding=\"async\" class=\"size-full wp-image-28945 alignright\" src=\"https:\/\/www.radiopiu.eu\/wp-content\/uploads\/2019\/10\/fame-nel-mondo-1.jpg\" alt=\"fame nel mondo, cefa\" width=\"386\" height=\"540\" \/>i piatti in maniera perfetta.<\/p>\n<p>Deve essere tutto bellissimo, perch\u00e9 \u00e8 un evento d&#8217;arte, <strong>perch\u00e9 la solidariet\u00e0 \u00e8 una cosa bella. Molto bella<\/strong>.<\/p>\n<p class=\"p1 lead\">Bisogna venire con le scarpe da ginnastica, la schiena buona, grandissima gioia. Ci si divertir\u00e0. Pi\u00f9 ci si diverte, poi, pi\u00f9 si contagia il mondo. La fame si vince tutti insieme ed \u00e8 un impegno incredibile\u00bb.<\/p>\n<h2><span style=\"color: #111111; font-family: Roboto, sans-serif; font-size: 27px;\">Fame nel mondo: un nuovo umanesimo<\/span><\/h2>\n<\/div>\n<\/div>\n<div>Ma non solo. \u00abDobbiamo impegnarci a lanciare un messaggio importante. Noi vogliamo urlare, raccontare che la<strong> fame si vince con la formazione agricola, tecnica, con la conoscenza<\/strong> e quindi coinvolgeremo tutti i volontari presenti, gli amici, gli amici degli amici per girare questi piatti seguendo un ordine ben preciso.<\/div>\n<div><\/div>\n<div>Il primo disegno che verr\u00e0 visto sar\u00e0 un libro disegnato dal vignettista <strong>Tullio Altan<\/strong>. \u00c8 un libro che racconta proprio l&#8217;importanza della formazione e dell&#8217;agricoltura per vincere la fame.<\/div>\n<div><\/div>\n<div>Ma non \u00e8 finita, perch\u00e9 per vincere la fame bisogna essere in tanti, non si pu\u00f2 vincere da soli. E, allora, sempre con la collaborazione di tutti, intorno alle 10.30 gireremo ancora una volta i piatti e apparir\u00e0 il disegno dell&#8217;<strong>Uomo <img loading=\"lazy\" decoding=\"async\" class=\"wp-image-28944 alignright\" src=\"https:\/\/www.radiopiu.eu\/wp-content\/uploads\/2019\/10\/CEFA-ROMA-PP-02-bas.jpeg\" alt=\"fame nel mondo, cefa\" width=\"476\" height=\"336\" \/>Vitruviano.\u00a0<\/strong><\/div>\n<div><\/div>\n<div>Quest&#8217;anno \u00e8 il cinquecentesimo anno dalla morte di <strong>Leonardo Da Vinci<\/strong> che ci ha insegnato il valore della conoscenza, della ricerca, del sapere. L&#8217;Uomo Vitruviano mette al centro proprio l&#8217;uomo. Il messaggio che si vuole dunque lanciare \u00e8: <strong>per vincere la fame, dobbiamo andare incontro a un nuovo umanesimo<\/strong>.<\/div>\n<div><\/div>\n<div>Vogliamo anche &#8220;elevare&#8221; questa piazza. Tutto questo lavoro \u00e8, diciamo cos\u00ec, &#8220;in basso&#8221;. Si girano i piatti&#8230;allora ecco che alle 12.00, grazie alla collaborazione del Vicariato di Roma, si far\u00e0 un minuto di silenzio in memoria delle vittime della malnutrizione\u00bb.<\/div>\n<div>\n<div class=\"container sub pad-tb-l\">\n<div class=\"col s12 m12 \">\n<p class=\"p1\">\n<\/div>\n<\/div>\n<\/div>\n<h2>Fame nel mondo: il battito del cuore pulsante di Roma<\/h2>\n<div><strong>Per vincere la fame, per\u00f2, <\/strong>\u00ab<strong>ci vogliono anche dei contributi<\/strong>. Dopo il momento di memoria, \u00abinviteremo tutti i cittadini a riempire i piatti vuoti con <strong>un cuore rosso e un libro<\/strong> che potranno essere acquistati in piazza al costo di <strong>5 euro<\/strong>\u00bb.<\/div>\n<div><\/div>\n<div>Si tratta di volumi tecnici &#8211; precisa Beccari &#8211; di orticultura, zootecnia o veterinaria in lingua swaili <img loading=\"lazy\" decoding=\"async\" class=\"wp-image-28946 alignright\" src=\"https:\/\/www.radiopiu.eu\/wp-content\/uploads\/2019\/10\/balloon-991680_960_720.jpg\" alt=\"fame nel mondo, cuore\" width=\"454\" height=\"454\" \/>\u00abper la formazione della <strong>scuola di Dabaga<\/strong> in <strong>Tanzania<\/strong> dove opera fra Paolo, frate missionario, che sar\u00e0 in piazza a testimoniare il valore e la concretezza di ci\u00f2 che ognuno viene a fare quel giorno.<\/div>\n<div><\/div>\n<div>Verso le 17.30 scoppieremo i cuori e sentiremo, nel silenzio, il battito del cuore pulsante di Roma. I piatti, in ceramica, invece, saranno riutilizzati per l&#8217;evento successivo di sabato 19 ottobre a Bologna.<\/div>\n<div><\/div>\n<div>La giornata la realizzeremo anche se piove, perch\u00e9 la fame bisogna vincerla in ogni condizione atmosferica\u00bb.<\/div>\n<div><\/div>\n<div>Per una migliore organizzazione dell&#8217;evento \u00e8 possibile iscriversi su <a href=\"https:\/\/www.cefaonlus.it\/\">www.cefaonlus.it.<\/a><\/div>\n<div><\/div>\n<div><strong><em>Ascolta l&#8217;intervista a Giovanni Beccari:\u00a0<\/em><\/strong><\/div>\n<div><\/div>\n<p><iframe loading=\"lazy\" src=\"https:\/\/w.soundcloud.com\/player\/?url=https%3A\/\/api.soundcloud.com\/tracks\/692723833&amp;color=%23ff5500&amp;auto_play=false&amp;hide_related=false&amp;show_comments=true&amp;show_user=true&amp;show_reposts=false&amp;show_teaser=true&amp;visual=true\" width=\"100%\" height=\"300\" frameborder=\"no\" scrolling=\"no\"><\/iframe><\/p>\n","protected":false},"excerpt":{"rendered":"<p>Fame nel mondo: &#8220;In the name of Africa&#8221; Dopo la tappa milanese, &#8220;In the name of Africa&#8221; sbarca a Roma. Diecimila piatti vuoti riempiranno sabato 12 ottobre, dalle ore 7 alle ore 19, Piazza del Popolo per ricordarci che al mondo ci sono ancora oltre 820 milioni di persone che soffrono la fame. Libri, palloncini [&hellip;]<\/p>\n","protected":false},"author":6,"featured_media":1732,"comment_status":"open","ping_status":"open","sticky":false,"template":"","format":"standard","meta":{"footnotes":""},"categories":[20],"tags":[],"class_list":["post-1731","post","type-post","status-publish","format-standard","has-post-thumbnail","hentry","category-notizie"],"_links":{"self":[{"href":"https:\/\/www.diocesidiroma.it\/utsroma\/index.php\/wp-json\/wp\/v2\/posts\/1731","targetHints":{"allow":["GET"]}}],"collection":[{"href":"https:\/\/www.diocesidiroma.it\/utsroma\/index.php\/wp-json\/wp\/v2\/posts"}],"about":[{"href":"https:\/\/www.diocesidiroma.it\/utsroma\/index.php\/wp-json\/wp\/v2\/types\/post"}],"author":[{"embeddable":true,"href":"https:\/\/www.diocesidiroma.it\/utsroma\/index.php\/wp-json\/wp\/v2\/users\/6"}],"replies":[{"embeddable":true,"href":"https:\/\/www.diocesidiroma.it\/utsroma\/index.php\/wp-json\/wp\/v2\/comments?post=1731"}],"version-history":[{"count":6,"href":"https:\/\/www.diocesidiroma.it\/utsroma\/index.php\/wp-json\/wp\/v2\/posts\/1731\/revisions"}],"predecessor-version":[{"id":1738,"href":"https:\/\/www.diocesidiroma.it\/utsroma\/index.php\/wp-json\/wp\/v2\/posts\/1731\/revisions\/1738"}],"wp:featuredmedia":[{"embeddable":true,"href":"https:\/\/www.diocesidiroma.it\/utsroma\/index.php\/wp-json\/wp\/v2\/media\/1732"}],"wp:attachment":[{"href":"https:\/\/www.diocesidiroma.it\/utsroma\/index.php\/wp-json\/wp\/v2\/media?parent=1731"}],"wp:term":[{"taxonomy":"category","embeddable":true,"href":"https:\/\/www.diocesidiroma.it\/utsroma\/index.php\/wp-json\/wp\/v2\/categories?post=1731"},{"taxonomy":"post_tag","embeddable":true,"href":"https:\/\/www.diocesidiroma.it\/utsroma\/index.php\/wp-json\/wp\/v2\/tags?post=1731"}],"curies":[{"name":"wp","href":"https:\/\/api.w.org\/{rel}","templated":true}]}}