{"id":1740,"date":"2019-10-10T12:19:03","date_gmt":"2019-10-10T10:19:03","guid":{"rendered":"https:\/\/www.diocesidiroma.it\/utsroma\/\/?p=1740"},"modified":"2020-03-11T14:39:51","modified_gmt":"2020-03-11T13:39:51","slug":"atletica-insieme-13-ottobre","status":"publish","type":"post","link":"https:\/\/www.diocesidiroma.it\/utsroma\/index.php\/atletica-insieme-13-ottobre\/","title":{"rendered":"Atletica insieme, il 13 ottobre Piazza Navona \u201cstadio\u201d per un giorno"},"content":{"rendered":"<h2><span id=\"Atletica_Insieme_appuntamento_a_Piazza_Navona\" class=\"ez-toc-section\"><em>Atletica Insieme<\/em>: appuntamento a Piazza Navona<\/span><\/h2>\n<p>In\u00a0<em>Ag\u00f2ne.<\/em>\u00a0Era questo in origine il nome della piazza che nell\u2019antica Roma ospitava lo Stadio di Domiziano. Parola che in greco, e poi in latino, indicava una manifestazione pubblica\u00a0<img loading=\"lazy\" decoding=\"async\" class=\"wp-image-28968 alignright lazyloaded td-animation-stack-type0-2\" title=\"Atletica insieme, il 13 ottobre Piazza Navona &quot;stadio&quot; per un giorno 1\" src=\"https:\/\/www.radiopiu.eu\/wp-content\/uploads\/2019\/10\/atletica-insieme-1.jpg\" sizes=\"auto, (max-width: 446px) 100vw, 446px\" srcset=\"https:\/\/www.radiopiu.eu\/wp-content\/uploads\/2019\/10\/atletica-insieme-1.jpg 960w, https:\/\/www.radiopiu.eu\/wp-content\/uploads\/2019\/10\/atletica-insieme-1-300x200.jpg 300w, https:\/\/www.radiopiu.eu\/wp-content\/uploads\/2019\/10\/atletica-insieme-1-768x511.jpg 768w, https:\/\/www.radiopiu.eu\/wp-content\/uploads\/2019\/10\/atletica-insieme-1-696x463.jpg 696w, https:\/\/www.radiopiu.eu\/wp-content\/uploads\/2019\/10\/atletica-insieme-1-631x420.jpg 631w\" alt=\"atletica insieme, piazza navone\" width=\"446\" height=\"297\" data-src=\"https:\/\/www.radiopiu.eu\/wp-content\/uploads\/2019\/10\/atletica-insieme-1.jpg\" data-srcset=\"https:\/\/www.radiopiu.eu\/wp-content\/uploads\/2019\/10\/atletica-insieme-1.jpg 960w, https:\/\/www.radiopiu.eu\/wp-content\/uploads\/2019\/10\/atletica-insieme-1-300x200.jpg 300w, https:\/\/www.radiopiu.eu\/wp-content\/uploads\/2019\/10\/atletica-insieme-1-768x511.jpg 768w, https:\/\/www.radiopiu.eu\/wp-content\/uploads\/2019\/10\/atletica-insieme-1-696x463.jpg 696w, https:\/\/www.radiopiu.eu\/wp-content\/uploads\/2019\/10\/atletica-insieme-1-631x420.jpg 631w\" \/>consistente in gare e giochi organizzati in occasione di celebrazioni religiose. Non c\u2019\u00e8 dunque luogo migliore di quello che noi oggi conosciamo come piazza Navona per ospitare\u00a0 l\u2019iniziativa\u00a0<em><strong>Atletica Insieme<\/strong><\/em>.<\/p>\n<p><strong>Domenica 13 ottobre<\/strong>\u00a0prove agonistiche e attivit\u00e0 ludiche, staffette e passeggiate coinvolgeranno grandi e piccoli per l\u2019intera giornata.<\/p>\n<p>Ne parliamo, nella puntata di oggi di Radiopi\u00f9 Sport, con il<strong>\u00a0comandante generale Vincenzo Parrinello<\/strong>\u00a0del gruppo sportivo della<strong>\u00a0Guardia di Finanza<\/strong>\u00a0che organizza l\u2019evento, giunto ormai alla terza edizione, insieme a Roma Capitale e Fidal Lazio.<\/p>\n<h2><span id=\"Atletica_Insieme_la_promozione_dello_sport\" class=\"ez-toc-section\"><em>Atletica Insieme<\/em>: la promozione dello sport<\/span><\/h2>\n<p>\u00abQuesta manifestazione conferma la nostra natura di essere un gruppo sportivo militare,\u00a0 che pur curando con particolare attenzione l\u2019attivit\u00e0 agonista di alto livello persegue anche un obiettivo diverso: la\u00a0<strong>promozione dello sport<\/strong>, i progetti con il mondo della scuola, l\u2019attivit\u00e0 giovanile, le iniziative sul campo sociale\u00bb.<\/p>\n<p><em>Atletica Insieme<\/em>, spiega Parrinello, \u00abvuole portare\u00a0<strong>l\u2019atletica e i nostri atleti a contatto con la gente, le famiglie, in particolare con i bambini<\/strong>. La manifestazione si snoder\u00e0 su Piazza Navona, che sar\u00e0 trasformata in un certo senso per una giornata in uno stadio e in campo di atletica leggera anche se ci preoccuperemo di lasciare fruibile la piazza per i turisti. Abbiamo attivato una serie di servizi che consentiranno in sicurezza lo svolgimento delle gare e allo stesso tempo la possibilit\u00e0 di girare e di ammirare le bellezze della nostra citt\u00e0\u00bb.<\/p>\n<h3><span id=\"Atletica_Insieme_il_programma\" class=\"ez-toc-section\"><em>Atletica Insieme<\/em>: il programma<\/span><\/h3>\n<p>\u00abCi saranno delle gare agonistiche rivolte a fasce di ragazzi, ci sar\u00e0 una staffetta dell\u2019amicizia a conclusione della manifestazione.<\/p>\n<p><img loading=\"lazy\" decoding=\"async\" class=\"wp-image-28965 alignright ls-is-cached lazyloaded td-animation-stack-type0-2\" title=\"Atletica insieme, il 13 ottobre Piazza Navona &quot;stadio&quot; per un giorno 3\" src=\"https:\/\/www.radiopiu.eu\/wp-content\/uploads\/2019\/10\/72684688_1685550828243600_746448935039533056_n.jpg\" sizes=\"auto, (max-width: 401px) 100vw, 401px\" srcset=\"https:\/\/www.radiopiu.eu\/wp-content\/uploads\/2019\/10\/72684688_1685550828243600_746448935039533056_n.jpg 686w, https:\/\/www.radiopiu.eu\/wp-content\/uploads\/2019\/10\/72684688_1685550828243600_746448935039533056_n-214x300.jpg 214w, https:\/\/www.radiopiu.eu\/wp-content\/uploads\/2019\/10\/72684688_1685550828243600_746448935039533056_n-300x420.jpg 300w\" alt=\"atletica insieme\" width=\"401\" height=\"561\" data-src=\"https:\/\/www.radiopiu.eu\/wp-content\/uploads\/2019\/10\/72684688_1685550828243600_746448935039533056_n.jpg\" data-srcset=\"https:\/\/www.radiopiu.eu\/wp-content\/uploads\/2019\/10\/72684688_1685550828243600_746448935039533056_n.jpg 686w, https:\/\/www.radiopiu.eu\/wp-content\/uploads\/2019\/10\/72684688_1685550828243600_746448935039533056_n-214x300.jpg 214w, https:\/\/www.radiopiu.eu\/wp-content\/uploads\/2019\/10\/72684688_1685550828243600_746448935039533056_n-300x420.jpg 300w\" \/><\/p>\n<p>Durante la mattina ci sar\u00e0 la\u00a0<em>Mamma Run<\/em>, inviteremo tutte le mamme con i figli a fare un giro della piazza mano nella mano, a vivere un\u2019esperienza particolare in uno dei posti pi\u00f9 suggestivi di Roma.<\/p>\n<p>Alle 12.15 insieme ad\u00a0<a href=\"https:\/\/www.diocesidiroma.it\/utsroma\/\/mezza-maratona-roma-via-pacis\/\">Atletica Vaticana<\/a>\u00a0invitiamo tutti a essere presenti alla celebrazione della\u00a0<strong>Santa Messa dello Sport alla Basilica di Sant\u2019Agnese.\u00a0<\/strong><\/p>\n<p>Alle 14.30 ci sar\u00e0 l\u2019Alzabandiera, l\u2019esibizione della Banda della Guardia di Finanza e poi, lungo tutta la piazza, saranno allestite delle aree per provare alcune discipline: dal salto in alto, al lancio del vortex, oppure le partenze sul rettilineo della velocit\u00e0.\u00a0<a href=\"https:\/\/www.facebook.com\/athleticavaticana\/videos\/521679675325561\/?__tn__=kC-R&amp;eid=ARB3AQ6g_dXl8iDCkwprrRTp3VQ4pf6hOePKAXKvu2YxrSB6o1F5GRctJy_55t0SKzBmx9zFl5WxrMNx&amp;hc_ref=ARRDZMIu67N-8dKKyTRLbITM70hZnmfIhTinfSZjSiTJgHqrt5vV2Q6qR0bp5-ooxmY&amp;fref=nf&amp;__xts__[0]=68.ARBOEbI52t2h-dA_LLRvNHKjPyv0YsPAog97-IBIbeEkfcXJM46C51kRzSa3nbeX-vl9OXFF_irmJ-t9o6yRTZrckAsehNTjwFwzPfEiRU3UzI0MPL8CcYy4KitprvUUHrYrzp8W0NM86INUXsOrC46U9effWD4Ho-7znBy6307zFuLmi4kf2x7wBX3LoqR8tzsp1YgV8qeKjcX9SQEkptj2BN-3bjlJLbNZkmhkC6XZ_xHfgfaTst-wDEGVLBV_qKnD8ftl4Ga73r78KtZ3I7BCwVblBIuezH9myxAUnhERcdZ7U_8pFhfWc33nA5JGZFwWZHK1fUV3n0rWNCPRCmZDyHdo\" target=\"_blank\" rel=\"noopener noreferrer\">Tante piccole cose per chi vorr\u00e0 trascorrere una giornata in serenit\u00e0<\/a>.<\/p>\n<p><strong><em>Come ci iscrive?\u00a0<\/em><\/strong><\/p>\n<p>\u00abPer quanto concerne la\u00a0<strong><em>Mamma Run<\/em><\/strong>\u00a0\u00e8 possibile iscriversi gratuitamente inviando una mail all\u2019indirizzo\u00a0<span id=\"cloak5cd437e87ede63ddb4e84c0502c49f61\">mammarun2019@gmail.com.<\/span><\/p>\n<p><span id=\"cloak5cd437e87ede63ddb4e84c0502c49f61\">Chi non riuscir\u00e0, potr\u00e0 comunque venire. Non si tratta di una gara agonistica ma un\u2019iniziativa per far vivere alle mamme delle ore in assoluta spensieratezza. A ognuna di loro rilasceremo un diploma.<\/span><\/p>\n<figure id=\"attachment_28966\" class=\"wp-caption alignright\" aria-describedby=\"caption-attachment-28966\"><img loading=\"lazy\" decoding=\"async\" class=\"wp-image-28966 lazyloaded td-animation-stack-type0-2\" title=\"Atletica insieme, il 13 ottobre Piazza Navona &quot;stadio&quot; per un giorno 5\" src=\"https:\/\/www.radiopiu.eu\/wp-content\/uploads\/2019\/10\/filippo-tortu.jpg\" sizes=\"auto, (max-width: 443px) 100vw, 443px\" srcset=\"https:\/\/www.radiopiu.eu\/wp-content\/uploads\/2019\/10\/filippo-tortu.jpg 2280w, https:\/\/www.radiopiu.eu\/wp-content\/uploads\/2019\/10\/filippo-tortu-300x211.jpg 300w, https:\/\/www.radiopiu.eu\/wp-content\/uploads\/2019\/10\/filippo-tortu-768x540.jpg 768w, https:\/\/www.radiopiu.eu\/wp-content\/uploads\/2019\/10\/filippo-tortu-1024x719.jpg 1024w, https:\/\/www.radiopiu.eu\/wp-content\/uploads\/2019\/10\/filippo-tortu-100x70.jpg 100w, https:\/\/www.radiopiu.eu\/wp-content\/uploads\/2019\/10\/filippo-tortu-696x489.jpg 696w, https:\/\/www.radiopiu.eu\/wp-content\/uploads\/2019\/10\/filippo-tortu-1068x750.jpg 1068w, https:\/\/www.radiopiu.eu\/wp-content\/uploads\/2019\/10\/filippo-tortu-598x420.jpg 598w\" alt=\"atletica insieme, filippo tortu\" width=\"443\" height=\"311\" data-src=\"https:\/\/www.radiopiu.eu\/wp-content\/uploads\/2019\/10\/filippo-tortu.jpg\" data-srcset=\"https:\/\/www.radiopiu.eu\/wp-content\/uploads\/2019\/10\/filippo-tortu.jpg 2280w, https:\/\/www.radiopiu.eu\/wp-content\/uploads\/2019\/10\/filippo-tortu-300x211.jpg 300w, https:\/\/www.radiopiu.eu\/wp-content\/uploads\/2019\/10\/filippo-tortu-768x540.jpg 768w, https:\/\/www.radiopiu.eu\/wp-content\/uploads\/2019\/10\/filippo-tortu-1024x719.jpg 1024w, https:\/\/www.radiopiu.eu\/wp-content\/uploads\/2019\/10\/filippo-tortu-100x70.jpg 100w, https:\/\/www.radiopiu.eu\/wp-content\/uploads\/2019\/10\/filippo-tortu-696x489.jpg 696w, https:\/\/www.radiopiu.eu\/wp-content\/uploads\/2019\/10\/filippo-tortu-1068x750.jpg 1068w, https:\/\/www.radiopiu.eu\/wp-content\/uploads\/2019\/10\/filippo-tortu-598x420.jpg 598w\" \/><figcaption id=\"caption-attachment-28966\" class=\"wp-caption-text\">Filippo Tortu<\/figcaption><\/figure>\n<p><span id=\"cloak5cd437e87ede63ddb4e84c0502c49f61\">Per le altre gare agonistiche di\u00a0<em>Atletica Insieme<\/em>, invece, \u00e8 necessario prendere dei contatti con il comitato regionale della Fidal\u00bb. Inoltre, \u00abper cimentarsi nelle dimostrazioni non c\u2019\u00e8 nessuna formalit\u00e0 e nessuna iscrizione da fare. Saremo l\u00ec pronti ad accogliervi con tutti i nostri atleti, alcuni reduci dai campionati mondiali di Doha, come\u00a0<strong>Filippo Tortu e Davide Re<\/strong>\u00bb.\u00a0<\/span><\/p>\n<h3><span id=\"Parrinello_Lo_sport_aiuta_a_crescere\" class=\"ez-toc-section\">Parrinello: \u00abLo sport aiuta a crescere\u00bb<\/span><\/h3>\n<p><strong><em>I protagonisti della giornata, saranno bambini, mamme, persone di ogni fascia di et\u00e0 e grandi atleti. Quale messaggio si vuole lanciare?\u00a0<\/em><\/strong><\/p>\n<p>\u00abIl messaggio \u00e8 che lo sport serve per far stare insieme ed \u00e8\u00a0<strong>un mezzo, un grande mezzo, per aiutare la gente a crescere<\/strong>. Noi a questo ci crediamo fermamente. Lo abbiamo fatto nel corso negli anni con particolare attenzione alle fasce giovanili. Ultimamente abbiamo anche messo su delle iniziative rivolte a fasce particolarmente deboli e a gruppi di ragazzi che vivono in situazioni disagiate o comunque difficili.<\/p>\n<p><strong>Ecco, pensiamo proprio che lo sport sia un mezzo per aiutare gli altri<\/strong>. Riteniamo che lo sport vada declinato in tutte le sue possibilit\u00e0 e utilizzato per la crescita fisica ma soprattutto, morale e civile delle persone\u00bb.<\/p>\n<p><strong><em>Ascolta la puntata di oggi di Radiopi\u00f9 Sport:\u00a0<\/em><\/strong><\/p>\n<p><iframe loading=\"lazy\" src=\"https:\/\/widget.spreaker.com\/player?episode_id=22718973&#038;theme=light&#038;playlist=false&#038;playlist-continuous=false&#038;autoplay=false&#038;live-autoplay=false&#038;chapters-image=true&#038;episode_image_position=right&#038;hide-logo=false&#038;hide-likes=false&#038;hide-comments=false&#038;hide-sharing=false&#038;hide-download=false\" width=\"100%\" height=\"200px\" frameborder=\"0\"><\/iframe><\/p>\n","protected":false},"excerpt":{"rendered":"<p>Atletica Insieme: appuntamento a Piazza Navona In\u00a0Ag\u00f2ne.\u00a0Era questo in origine il nome della piazza che nell\u2019antica Roma ospitava lo Stadio di Domiziano. Parola che in greco, e poi in latino, indicava una manifestazione pubblica\u00a0consistente in gare e giochi organizzati in occasione di celebrazioni religiose. Non c\u2019\u00e8 dunque luogo migliore di quello che noi oggi conosciamo [&hellip;]<\/p>\n","protected":false},"author":6,"featured_media":1742,"comment_status":"open","ping_status":"open","sticky":false,"template":"","format":"standard","meta":{"footnotes":""},"categories":[20],"tags":[],"class_list":["post-1740","post","type-post","status-publish","format-standard","has-post-thumbnail","hentry","category-notizie"],"_links":{"self":[{"href":"https:\/\/www.diocesidiroma.it\/utsroma\/index.php\/wp-json\/wp\/v2\/posts\/1740","targetHints":{"allow":["GET"]}}],"collection":[{"href":"https:\/\/www.diocesidiroma.it\/utsroma\/index.php\/wp-json\/wp\/v2\/posts"}],"about":[{"href":"https:\/\/www.diocesidiroma.it\/utsroma\/index.php\/wp-json\/wp\/v2\/types\/post"}],"author":[{"embeddable":true,"href":"https:\/\/www.diocesidiroma.it\/utsroma\/index.php\/wp-json\/wp\/v2\/users\/6"}],"replies":[{"embeddable":true,"href":"https:\/\/www.diocesidiroma.it\/utsroma\/index.php\/wp-json\/wp\/v2\/comments?post=1740"}],"version-history":[{"count":4,"href":"https:\/\/www.diocesidiroma.it\/utsroma\/index.php\/wp-json\/wp\/v2\/posts\/1740\/revisions"}],"predecessor-version":[{"id":2005,"href":"https:\/\/www.diocesidiroma.it\/utsroma\/index.php\/wp-json\/wp\/v2\/posts\/1740\/revisions\/2005"}],"wp:featuredmedia":[{"embeddable":true,"href":"https:\/\/www.diocesidiroma.it\/utsroma\/index.php\/wp-json\/wp\/v2\/media\/1742"}],"wp:attachment":[{"href":"https:\/\/www.diocesidiroma.it\/utsroma\/index.php\/wp-json\/wp\/v2\/media?parent=1740"}],"wp:term":[{"taxonomy":"category","embeddable":true,"href":"https:\/\/www.diocesidiroma.it\/utsroma\/index.php\/wp-json\/wp\/v2\/categories?post=1740"},{"taxonomy":"post_tag","embeddable":true,"href":"https:\/\/www.diocesidiroma.it\/utsroma\/index.php\/wp-json\/wp\/v2\/tags?post=1740"}],"curies":[{"name":"wp","href":"https:\/\/api.w.org\/{rel}","templated":true}]}}