{"id":1749,"date":"2019-10-17T09:44:32","date_gmt":"2019-10-17T07:44:32","guid":{"rendered":"https:\/\/www.diocesidiroma.it\/utsroma\/\/?p=1749"},"modified":"2020-03-11T14:53:10","modified_gmt":"2020-03-11T13:53:10","slug":"vialibera-15-km-chiusi-al-traffico","status":"publish","type":"post","link":"https:\/\/www.diocesidiroma.it\/utsroma\/index.php\/vialibera-15-km-chiusi-al-traffico\/","title":{"rendered":"#ViaLibera ai pedoni e ai ciclisti: domenica 15 km chiusi al traffico"},"content":{"rendered":"<h2>#ViaLibera: domenica tutti a piedi o in bici<\/h2>\n<p><strong>Domenica 20 ottobre torna #VIALIBERA, l\u2019iniziativa di Roma Capitale dedicata a pedoni e ciclisti<\/strong>. Dalle ore 10 alle 19, circa 15 chilometri di strade saranno chiuse al traffico, diventando un unico anello ciclopedonale.<\/p>\n<p>Lungo il percorso sono previsti eventi, feste, musica, iniziative culturali e attivit\u00e0 per promuovere la ciclabilit\u00e0 e la sostenibilit\u00e0 ambientale.<\/p>\n<p>Tra le strade interessate: via Cola di Rienzo, via Tiburtina (San Lorenzo), via dei Fori\u00a0<img loading=\"lazy\" decoding=\"async\" class=\"wp-image-29054 alignright lazyloaded td-animation-stack-type0-2\" title=\"#ViaLibera ai pedoni e ai ciclisti: 15 km chiusi al traffico 1\" src=\"https:\/\/www.radiopiu.eu\/wp-content\/uploads\/2019\/10\/via-libera-640x426.jpg\" sizes=\"auto, (max-width: 475px) 100vw, 475px\" srcset=\"https:\/\/www.radiopiu.eu\/wp-content\/uploads\/2019\/10\/via-libera-640x426.jpg 640w, https:\/\/www.radiopiu.eu\/wp-content\/uploads\/2019\/10\/via-libera-640x426-300x200.jpg 300w, https:\/\/www.radiopiu.eu\/wp-content\/uploads\/2019\/10\/via-libera-640x426-631x420.jpg 631w\" alt=\"vialibera\" width=\"475\" height=\"316\" data-src=\"https:\/\/www.radiopiu.eu\/wp-content\/uploads\/2019\/10\/via-libera-640x426.jpg\" data-srcset=\"https:\/\/www.radiopiu.eu\/wp-content\/uploads\/2019\/10\/via-libera-640x426.jpg 640w, https:\/\/www.radiopiu.eu\/wp-content\/uploads\/2019\/10\/via-libera-640x426-300x200.jpg 300w, https:\/\/www.radiopiu.eu\/wp-content\/uploads\/2019\/10\/via-libera-640x426-631x420.jpg 631w\" \/>Imperiali e largo Corrado Ricci, via XX Settembre, piazza Venezia, viale Manzoni, via Labicana e via Veneto.<\/p>\n<p>Il progetto, promosso da Roma Capitale, \u00e8 coordinato dall\u2019Assessorato alla Citt\u00e0 in Movimento, con gli Assessorati Sport, Politiche Giovanili e Grandi Eventi, Crescita Culturale, Sostenibilit\u00e0 ambientale, Sviluppo economico, Turismo e Lavoro, Persona, Scuola e Comunit\u00e0 solidale e curato da Roma Servizi per la Mobilit\u00e0 con la collaborazione dei Municipi, della Polizia Locale e di Z\u00e8tema Progetto Cultura.<\/p>\n<p>&nbsp;<\/p>\n<h2><span id=\"ViaLibera_Stefano_Una_bella_occasione_per_godersi_la_citta\" class=\"ez-toc-section\">#ViaLibera: Stef\u00e0no, \u00abUna bella occasione per godersi la citt\u00e0\u00bb<\/span><\/h2>\n<p>\u00ab#ViaLibera\u00a0 \u2013 afferma\u00a0<strong>Enrico Stef\u00e0no, presidente della Commissione Mobilit\u00e0 di Roma Capitale<\/strong>\u00a0\u2013 \u00e8\u00a0 un\u2019operazione molto bella e significativa perch\u00e9 consiste nel riservare a pedoni e a biciclette un anello del cuore della nostra citt\u00e0. Passando per strade importanti come Cola di Rienzo fino a strade pi\u00f9 centrali la citt\u00e0 sar\u00e0 per quasi tutto il giorno vivibile a misura di pedone e di biciclette. Questo consentir\u00e0 ai cittadini di godere meglio degli spazi che la citt\u00e0 offre, senza il caos, senza il traffico e in tutta sicurezza anche per i bambini.<\/p>\n<p><img loading=\"lazy\" decoding=\"async\" class=\"wp-image-29046 alignright lazyloaded td-animation-stack-type0-2\" title=\"#ViaLibera ai pedoni e ai ciclisti: 15 km chiusi al traffico 3\" src=\"https:\/\/www.radiopiu.eu\/wp-content\/uploads\/2019\/10\/bicycle-2725760_960_720.jpg\" sizes=\"auto, (max-width: 352px) 100vw, 352px\" srcset=\"https:\/\/www.radiopiu.eu\/wp-content\/uploads\/2019\/10\/bicycle-2725760_960_720.jpg 480w, https:\/\/www.radiopiu.eu\/wp-content\/uploads\/2019\/10\/bicycle-2725760_960_720-200x300.jpg 200w, https:\/\/www.radiopiu.eu\/wp-content\/uploads\/2019\/10\/bicycle-2725760_960_720-280x420.jpg 280w\" alt=\"ViaLibera, bicicletta, roma\" width=\"352\" height=\"528\" data-src=\"https:\/\/www.radiopiu.eu\/wp-content\/uploads\/2019\/10\/bicycle-2725760_960_720.jpg\" data-srcset=\"https:\/\/www.radiopiu.eu\/wp-content\/uploads\/2019\/10\/bicycle-2725760_960_720.jpg 480w, https:\/\/www.radiopiu.eu\/wp-content\/uploads\/2019\/10\/bicycle-2725760_960_720-200x300.jpg 200w, https:\/\/www.radiopiu.eu\/wp-content\/uploads\/2019\/10\/bicycle-2725760_960_720-280x420.jpg 280w\" \/>Lungo il percorso, poi, ci sono tantissime iniziative che spesso partono dal singolo negozio che magari offre delle convenzioni per chi, quel giorno, lo raggiunge in bicicletta o a piedi.<\/p>\n<p>\u00c8 bello perch\u00e9 \u2013 aggiunge Stef\u00e0no \u2013 su un\u2019iniziativa di mobilit\u00e0 si vanno a intersecare tante iniziative anche culturali, sociali ed economiche. Quindi \u00e8 una bella occasione per godersi la citt\u00e0 senza il caos a cui siamo abituati\u00bb.<\/p>\n<p><strong><em>Quale messaggio dunque si vuole lanciare?\u00a0<\/em><\/strong><\/p>\n<p>\u00abIl messaggio \u00e8 che la citt\u00e0 si pu\u00f2 vivere tranquillamente anche rinunciando qualche volta all\u2019automobile. #ViaLibera vuole dimostrare che la citt\u00e0 \u00e8 vivibile anche a piedi, in bici o con il trasporto pubblico\u00bb.<\/p>\n<p>Al tempo stesso \u2013 sottolinea ancora il presidente della Commissione Mobilit\u00e0 di Roma Capitale \u2013 si verifica l\u2019eventualit\u00e0 di pedonalizzare \u00abin maniera pi\u00f9 sistematica\u00bb tutte quelle strade chiuse al traffico solo una domenica al mese.<\/p>\n<p>Tutte le informazioni sul percorso di domenica su<a href=\"https:\/\/romamobilita.it\/it\/media\/informazione\/vialibera\" target=\"_blank\" rel=\"noopener noreferrer\">\u00a0romamobilit\u00e0.it.<\/a><\/p>\n<p><strong><em>Ascolta l\u2019intervento di Enrico Stef\u00e0no nell\u2019edizione odierna di Radiopi\u00f9Sport:<\/em><\/strong><\/p>\n<p><iframe loading=\"lazy\" src=\"https:\/\/widget.spreaker.com\/player?episode_id=22718974&#038;theme=light&#038;playlist=false&#038;playlist-continuous=false&#038;autoplay=false&#038;live-autoplay=false&#038;chapters-image=true&#038;episode_image_position=right&#038;hide-logo=false&#038;hide-likes=false&#038;hide-comments=false&#038;hide-sharing=false&#038;hide-download=false\" width=\"100%\" height=\"200px\" frameborder=\"0\"><\/iframe><\/p>\n<div>\n<h3>Gli altri appuntamenti della settimana<\/h3>\n<div>\n<p style=\"font-weight: 400;\">In occasione del<a href=\"https:\/\/www.radiopiu.eu\/ottobre-mese-missionario-diocesi-di-roma\/\"> mese missionario straordinario<\/a>, <img loading=\"lazy\" decoding=\"async\" class=\"wp-image-29048 alignright\" src=\"https:\/\/www.radiopiu.eu\/wp-content\/uploads\/2019\/10\/Manifesto-19-ottobre-diritti-dei-bambini.jpg\" alt=\"vialibera, bambini, mese missionario\" width=\"339\" height=\"479\" \/><strong>sabato 19 ottobre al Centro Don Orione<\/strong>, in Via della Camilluccia,112 si terr\u00e0 <strong>&#8220;I bambini sono tutti bambini!&#8221;<\/strong>, un incontro rivolto ai ragazzi di et\u00e0 compresa tra i 9 e gli 11 anni.<\/p>\n<p style=\"font-weight: 400;\">Si tratta di un percorso ludico didattico alla scoperta dei diritti dei bambini e dei diritti negati in giro per il mondo.<\/p>\n<p style=\"font-weight: 400;\">Per i genitori e gli accompagnatori, dalle ore 11 alle 12.30, \u00e8 in programma un incontro sullo stesso tema. Interverranno <strong>P. Renato Kizito<\/strong>\u00a0missionario comboniano in Kenya, la\u00a0<strong>dottoressa Paola Aversa<\/strong> della Caritas diocesana e la\u00a0<strong>dottoressa Barbara Terenzi<\/strong> responsabile del settore Diritti Umani e Advocacy del VIS. Introduce e modera l\u2019incontro monsignor Gianpiero Palmieri, vescovo ausiliare per il settore Est della Diocesi di Roma.<\/p>\n<p>\u00c8 possibile confermare la propria adesione all&#8217;evento scrivendo a cmdroma@diocesidiroma.it o chiamando 06 69886443 \u2013 Centro per la Cooperazione Missionaria tra le Chiese della Diocesi di Roma entro domani, venerd\u00ec 18 ottobre.<\/p>\n<\/div>\n<div>E ancora nell&#8217;ambito dell&#8217; ottobre missionario, <strong>sabato 19 e sabato 26<\/strong> si svolger\u00e0 <strong>\u201cKenyaKirieCup\u201d<\/strong>, torneo di calcetto under 20 a sostegno del Progetto \u201cAll\u2019orizzonte&#8230; <img loading=\"lazy\" decoding=\"async\" class=\"size-full wp-image-29068 alignright\" src=\"https:\/\/www.radiopiu.eu\/wp-content\/uploads\/2019\/10\/IMG-7422.jpg\" alt=\"vialibera, enea de vita\" width=\"419\" height=\"642\" \/>Kirie\u201d organizzato dal laboratorio missionario della <strong>parrocchia di Sant&#8217;Ippolito<\/strong>. Per informazioni e iscrizioni \u00e8 possibile scrivere a info.missionario@gmail.com.<\/div>\n<div><\/div>\n<div>Sempre a proposito di giovani sar\u00e0 presentato <strong>marted\u00ec 22 ottobre<\/strong> alle ore 17.45 alla Libreria Odradek in Via dei banchi vecchi <strong>&#8220;Mi avete rotto&#8221;<\/strong>, il romanzo dell&#8217;autore diciannovenne Enea De Vita.<\/div>\n<div><\/div>\n<div>Nodo centrale della storia \u00e8 l&#8217;impatto col mondo degli adulti impegnati a &#8220;riparare&#8221; la propria vita, e spesso responsabili di togliere ai giovani fiducia nel futuro.<\/div>\n<div><\/div>\n<div>Tra inquietudini e gioie adolescenziali irrompe un durissimo incidente sul campo dal calcio cui segue una lunga convalescenza.<\/div>\n<div>\n<p>&nbsp;<\/p>\n<p style=\"font-weight: 400;\">Leggi anche:<\/p>\n<\/div>\n<\/div>\n<div><\/div>\n<div>\n<p class=\"entry-title\"><a href=\"https:\/\/www.diocesidiroma.it\/utsroma\/\/passeggiate-fotografiche\/\">Passeggiate fotografiche: un viaggio verso la vera bellezza<\/a><\/p>\n<\/div>\n<div><\/div>\n<div class=\"td-g-rec td-g-rec-id-content_bottom td_uid_17_5da819502a9ce_rand td_block_template_1 \"><\/div>\n","protected":false},"excerpt":{"rendered":"<p>#ViaLibera: domenica tutti a piedi o in bici Domenica 20 ottobre torna #VIALIBERA, l\u2019iniziativa di Roma Capitale dedicata a pedoni e ciclisti. Dalle ore 10 alle 19, circa 15 chilometri di strade saranno chiuse al traffico, diventando un unico anello ciclopedonale. Lungo il percorso sono previsti eventi, feste, musica, iniziative culturali e attivit\u00e0 per promuovere [&hellip;]<\/p>\n","protected":false},"author":6,"featured_media":1751,"comment_status":"open","ping_status":"open","sticky":false,"template":"","format":"standard","meta":{"footnotes":""},"categories":[20],"tags":[],"class_list":["post-1749","post","type-post","status-publish","format-standard","has-post-thumbnail","hentry","category-notizie"],"_links":{"self":[{"href":"https:\/\/www.diocesidiroma.it\/utsroma\/index.php\/wp-json\/wp\/v2\/posts\/1749","targetHints":{"allow":["GET"]}}],"collection":[{"href":"https:\/\/www.diocesidiroma.it\/utsroma\/index.php\/wp-json\/wp\/v2\/posts"}],"about":[{"href":"https:\/\/www.diocesidiroma.it\/utsroma\/index.php\/wp-json\/wp\/v2\/types\/post"}],"author":[{"embeddable":true,"href":"https:\/\/www.diocesidiroma.it\/utsroma\/index.php\/wp-json\/wp\/v2\/users\/6"}],"replies":[{"embeddable":true,"href":"https:\/\/www.diocesidiroma.it\/utsroma\/index.php\/wp-json\/wp\/v2\/comments?post=1749"}],"version-history":[{"count":6,"href":"https:\/\/www.diocesidiroma.it\/utsroma\/index.php\/wp-json\/wp\/v2\/posts\/1749\/revisions"}],"predecessor-version":[{"id":2007,"href":"https:\/\/www.diocesidiroma.it\/utsroma\/index.php\/wp-json\/wp\/v2\/posts\/1749\/revisions\/2007"}],"wp:featuredmedia":[{"embeddable":true,"href":"https:\/\/www.diocesidiroma.it\/utsroma\/index.php\/wp-json\/wp\/v2\/media\/1751"}],"wp:attachment":[{"href":"https:\/\/www.diocesidiroma.it\/utsroma\/index.php\/wp-json\/wp\/v2\/media?parent=1749"}],"wp:term":[{"taxonomy":"category","embeddable":true,"href":"https:\/\/www.diocesidiroma.it\/utsroma\/index.php\/wp-json\/wp\/v2\/categories?post=1749"},{"taxonomy":"post_tag","embeddable":true,"href":"https:\/\/www.diocesidiroma.it\/utsroma\/index.php\/wp-json\/wp\/v2\/tags?post=1749"}],"curies":[{"name":"wp","href":"https:\/\/api.w.org\/{rel}","templated":true}]}}