{"id":1756,"date":"2019-10-18T09:58:19","date_gmt":"2019-10-18T07:58:19","guid":{"rendered":"https:\/\/www.diocesidiroma.it\/utsroma\/\/?p=1756"},"modified":"2019-10-18T09:58:19","modified_gmt":"2019-10-18T07:58:19","slug":"la-madonna-dei-parafrenieri-e-la-deposizione","status":"publish","type":"post","link":"https:\/\/www.diocesidiroma.it\/utsroma\/index.php\/la-madonna-dei-parafrenieri-e-la-deposizione\/","title":{"rendered":"La Madonna dei Parafrenieri e la Deposizione. Si conclude l\u2019iter alla scoperta di Caravaggio"},"content":{"rendered":"<h2><span id=\"La_Madonna_dei_Parafrenieri_e_la_Deposizione_al_centro_dellultimo_incontro_di_Caravaggio_Tradito\" class=\"ez-toc-section\">La Madonna dei Parafrenieri e la Deposizione al centro dell\u2019ultimo incontro di \u201cCaravaggio Tradito\u201d<\/span><\/h2>\n<p>Sar\u00e0 la\u00a0<i><b>Deposizione<\/b><\/i>\u00a0realizzato, tra il 1602 ed il 1604, da Michelangelo Merisi al centro questa sera dell\u2019ultimo incontro di \u201cCaravaggio tradito\u201d alla Chiesa di Santa Maria in Vallicella. Attualmente conservato alla Pinacoteca vaticana il dipinto fu commissionato da Girolamo Vittrice per la cappella di famiglia che si trova proprio nella Chiesa Nuova.<\/p>\n<figure id=\"attachment_29073\" class=\"wp-caption alignright\" aria-describedby=\"caption-attachment-29073\"><img loading=\"lazy\" decoding=\"async\" class=\"wp-image-29073 ls-is-cached lazyloaded td-animation-stack-type0-2\" title=\"La Madonna dei Parafrenieri e la Deposizione. Si conclude l'iter alla scoperta di Caravaggio 1\" src=\"https:\/\/www.radiopiu.eu\/wp-content\/uploads\/2019\/10\/cq5dam.web_.1280.1280.jpeg\" sizes=\"auto, (max-width: 341px) 100vw, 341px\" srcset=\"https:\/\/www.radiopiu.eu\/wp-content\/uploads\/2019\/10\/cq5dam.web_.1280.1280.jpeg 859w, https:\/\/www.radiopiu.eu\/wp-content\/uploads\/2019\/10\/cq5dam.web_.1280.1280-201x300.jpeg 201w, https:\/\/www.radiopiu.eu\/wp-content\/uploads\/2019\/10\/cq5dam.web_.1280.1280-768x1144.jpeg 768w, https:\/\/www.radiopiu.eu\/wp-content\/uploads\/2019\/10\/cq5dam.web_.1280.1280-687x1024.jpeg 687w, https:\/\/www.radiopiu.eu\/wp-content\/uploads\/2019\/10\/cq5dam.web_.1280.1280-696x1037.jpeg 696w, https:\/\/www.radiopiu.eu\/wp-content\/uploads\/2019\/10\/cq5dam.web_.1280.1280-282x420.jpeg 282w\" alt=\"madonna dei parafrenieri, deposizione\" width=\"341\" height=\"509\" data-src=\"https:\/\/www.radiopiu.eu\/wp-content\/uploads\/2019\/10\/cq5dam.web_.1280.1280.jpeg\" data-srcset=\"https:\/\/www.radiopiu.eu\/wp-content\/uploads\/2019\/10\/cq5dam.web_.1280.1280.jpeg 859w, https:\/\/www.radiopiu.eu\/wp-content\/uploads\/2019\/10\/cq5dam.web_.1280.1280-201x300.jpeg 201w, https:\/\/www.radiopiu.eu\/wp-content\/uploads\/2019\/10\/cq5dam.web_.1280.1280-768x1144.jpeg 768w, https:\/\/www.radiopiu.eu\/wp-content\/uploads\/2019\/10\/cq5dam.web_.1280.1280-687x1024.jpeg 687w, https:\/\/www.radiopiu.eu\/wp-content\/uploads\/2019\/10\/cq5dam.web_.1280.1280-696x1037.jpeg 696w, https:\/\/www.radiopiu.eu\/wp-content\/uploads\/2019\/10\/cq5dam.web_.1280.1280-282x420.jpeg 282w\" \/><figcaption id=\"caption-attachment-29073\" class=\"wp-caption-text\">Deposizione (Pinacoteca Vaticana)<\/figcaption><\/figure>\n<p>A raccontarci l\u2019iter di uno dei massimi capolavori del Caravaggio saranno ancora una volta monsignor\u00a0<strong>Andrea Lonardo\u00a0<\/strong>e<strong>\u00a0Francesco d\u2019Alfonso<\/strong>\u00a0del\u00a0<strong>Servizio per la Cultura e l\u2019Universit\u00e0 di Roma<\/strong>\u00a0e\u00a0<strong>Alberto Bianco<\/strong>, archivista della\u00a0<strong>congregazione di San Filippo Neri<\/strong>.<\/p>\n<p>Ma non solo. Protagonista della serata sar\u00e0 anche un\u2019altra significativa opera del Merisi: \u201cLa Madonna dei Parafrenieri\u201d di Galleria Borghese.<\/p>\n<p>Fu proprio l\u2019Arciconfraternita dei\u00a0<a href=\"http:\/\/www.pontificiaparrocchiasantanna.it\/palafrenieri\" target=\"_blank\" rel=\"noopener noreferrer\">Parafrenieri\u00a0\u00a0<\/a>a commissionare l\u2019opera al Caravaggio nel 1605.<\/p>\n<p>A emergere dal fondo scuro con una dirompente forza espressiva le figure della Madonna, di Ges\u00f9 Bambino e di Sant\u2019Anna, patrona dei Parafrenieri.<\/p>\n<figure id=\"attachment_29077\" class=\"wp-caption alignleft\" aria-describedby=\"caption-attachment-29077\"><img loading=\"lazy\" decoding=\"async\" class=\"wp-image-29077 td-animation-stack-type0-2 ls-is-cached lazyloaded\" title=\"La Madonna dei Parafrenieri e la Deposizione. Si conclude l'iter alla scoperta di Caravaggio 3\" src=\"https:\/\/www.radiopiu.eu\/wp-content\/uploads\/2019\/10\/madonna.jpg\" sizes=\"auto, (max-width: 299px) 100vw, 299px\" srcset=\"https:\/\/www.radiopiu.eu\/wp-content\/uploads\/2019\/10\/madonna.jpg 758w, https:\/\/www.radiopiu.eu\/wp-content\/uploads\/2019\/10\/madonna-220x300.jpg 220w, https:\/\/www.radiopiu.eu\/wp-content\/uploads\/2019\/10\/madonna-751x1024.jpg 751w, https:\/\/www.radiopiu.eu\/wp-content\/uploads\/2019\/10\/madonna-696x949.jpg 696w, https:\/\/www.radiopiu.eu\/wp-content\/uploads\/2019\/10\/madonna-308x420.jpg 308w\" alt=\"madonna dei parafrenieri\" width=\"299\" height=\"407\" data-src=\"https:\/\/www.radiopiu.eu\/wp-content\/uploads\/2019\/10\/madonna.jpg\" data-srcset=\"https:\/\/www.radiopiu.eu\/wp-content\/uploads\/2019\/10\/madonna.jpg 758w, https:\/\/www.radiopiu.eu\/wp-content\/uploads\/2019\/10\/madonna-220x300.jpg 220w, https:\/\/www.radiopiu.eu\/wp-content\/uploads\/2019\/10\/madonna-751x1024.jpg 751w, https:\/\/www.radiopiu.eu\/wp-content\/uploads\/2019\/10\/madonna-696x949.jpg 696w, https:\/\/www.radiopiu.eu\/wp-content\/uploads\/2019\/10\/madonna-308x420.jpg 308w\" \/><figcaption id=\"caption-attachment-29077\" class=\"wp-caption-text\">Madonna dei Parafrenieri (Galleria Borghese)<\/figcaption><\/figure>\n<p>&nbsp;<\/p>\n<p>Il dipinto avrebbe dovuto campeggiare sull\u2019altare della loro cappella nella Basilica di San Pietro. Ma non fu cos\u00ec. Secondo lo storico dell\u2019arte del \u2018600\u00a0<strong>Giovan Pietro Bellori<\/strong>\u00a0fu rifiutato in quanto \u00abritratti in esso vilmente\u00a0 \u2013 queste le sue parole \u2013 la Vergine con Ges\u00f9 fanciullo ignudo\u201d. Ma probabilmente le cose non andarono esattamente in questo modo.<\/p>\n<h2><span id=\"La_Madonna_dei_Parafrenieri_perche_Caravaggio_fu_tradito\" class=\"ez-toc-section\">La Madonna dei Parafrenieri: perch\u00e9 Caravaggio fu tradito?<\/span><\/h2>\n<p>\u00abCi sono due motivi molto evidenti del tradimento\u00bb ci racconta monsignor Andrea Lonardo in questa puntata di \u201cTutte le Strade\u201d. \u00abL\u2019iconografia \u00e8 cattolicissima. Si tratta di un\u2019Immacolata Concezione in cui il serpente rappresenta il diavolo. (Da qui anche il nome la Madonna della Serpe oltre che La Madonna dei Parafrenieri). C\u2019\u00e8 quindi un riferimento a Genesi 3: il peccato originale. Peccato che non\u00a0<img loading=\"lazy\" decoding=\"async\" class=\"alignright wp-image-29059 td-animation-stack-type0-2 lazyloaded\" title=\"La Madonna dei Parafrenieri e la Deposizione. Si conclude l'iter alla scoperta di Caravaggio 5\" src=\"https:\/\/www.radiopiu.eu\/wp-content\/uploads\/2019\/10\/madonna-dei-palafrenieri-galleria-borghese-dettaglio-serpe.jpg\" sizes=\"auto, (max-width: 392px) 100vw, 392px\" srcset=\"https:\/\/www.radiopiu.eu\/wp-content\/uploads\/2019\/10\/madonna-dei-palafrenieri-galleria-borghese-dettaglio-serpe.jpg 800w, https:\/\/www.radiopiu.eu\/wp-content\/uploads\/2019\/10\/madonna-dei-palafrenieri-galleria-borghese-dettaglio-serpe-300x225.jpg 300w, https:\/\/www.radiopiu.eu\/wp-content\/uploads\/2019\/10\/madonna-dei-palafrenieri-galleria-borghese-dettaglio-serpe-768x576.jpg 768w, https:\/\/www.radiopiu.eu\/wp-content\/uploads\/2019\/10\/madonna-dei-palafrenieri-galleria-borghese-dettaglio-serpe-80x60.jpg 80w, https:\/\/www.radiopiu.eu\/wp-content\/uploads\/2019\/10\/madonna-dei-palafrenieri-galleria-borghese-dettaglio-serpe-265x198.jpg 265w, https:\/\/www.radiopiu.eu\/wp-content\/uploads\/2019\/10\/madonna-dei-palafrenieri-galleria-borghese-dettaglio-serpe-696x522.jpg 696w, https:\/\/www.radiopiu.eu\/wp-content\/uploads\/2019\/10\/madonna-dei-palafrenieri-galleria-borghese-dettaglio-serpe-560x420.jpg 560w\" alt=\"la madonna dei parafrenieri\" width=\"392\" height=\"294\" data-src=\"https:\/\/www.radiopiu.eu\/wp-content\/uploads\/2019\/10\/madonna-dei-palafrenieri-galleria-borghese-dettaglio-serpe.jpg\" data-srcset=\"https:\/\/www.radiopiu.eu\/wp-content\/uploads\/2019\/10\/madonna-dei-palafrenieri-galleria-borghese-dettaglio-serpe.jpg 800w, https:\/\/www.radiopiu.eu\/wp-content\/uploads\/2019\/10\/madonna-dei-palafrenieri-galleria-borghese-dettaglio-serpe-300x225.jpg 300w, https:\/\/www.radiopiu.eu\/wp-content\/uploads\/2019\/10\/madonna-dei-palafrenieri-galleria-borghese-dettaglio-serpe-768x576.jpg 768w, https:\/\/www.radiopiu.eu\/wp-content\/uploads\/2019\/10\/madonna-dei-palafrenieri-galleria-borghese-dettaglio-serpe-80x60.jpg 80w, https:\/\/www.radiopiu.eu\/wp-content\/uploads\/2019\/10\/madonna-dei-palafrenieri-galleria-borghese-dettaglio-serpe-265x198.jpg 265w, https:\/\/www.radiopiu.eu\/wp-content\/uploads\/2019\/10\/madonna-dei-palafrenieri-galleria-borghese-dettaglio-serpe-696x522.jpg 696w, https:\/\/www.radiopiu.eu\/wp-content\/uploads\/2019\/10\/madonna-dei-palafrenieri-galleria-borghese-dettaglio-serpe-560x420.jpg 560w\" \/>\u00e8 calpestato, cio\u00e8 vinto solo dal bambino, ma anche dalla Madonna.<\/p>\n<p>Infatti i due piedi si sovrappongono uno con l\u2019altro, quello di Maria e di Ges\u00f9. Quindi \u00e8 una Vergine che vince il peccato originale insieme al Figlio suo, per merito del Figlio suo.<\/p>\n<p>La cosa che fece scandalo allora, se si leggono le fonti del tempo sono \u201cle pudenda del bambino\u201d. I genitali, infatti, sono in prima fila.<\/p>\n<h3><span id=\"La_Madonna_dei_Parafrenieri_e_la_navata_costantiniana_della_Basilica_di_San_Pietro\" class=\"ez-toc-section\">La Madonna dei Parafrenieri e la navata costantiniana della Basilica di San Pietro<\/span><\/h3>\n<figure id=\"attachment_29060\" class=\"wp-caption alignright\" aria-describedby=\"caption-attachment-29060\"><img loading=\"lazy\" decoding=\"async\" class=\"wp-image-29060 size-full td-animation-stack-type0-2 ls-is-cached lazyloaded\" title=\"La Madonna dei Parafrenieri e la Deposizione. Si conclude l'iter alla scoperta di Caravaggio 7\" src=\"https:\/\/www.radiopiu.eu\/wp-content\/uploads\/2019\/10\/basilica_costantiniana_4.jpg\" sizes=\"auto, (max-width: 400px) 100vw, 400px\" srcset=\"https:\/\/www.radiopiu.eu\/wp-content\/uploads\/2019\/10\/basilica_costantiniana_4.jpg 400w, https:\/\/www.radiopiu.eu\/wp-content\/uploads\/2019\/10\/basilica_costantiniana_4-300x203.jpg 300w\" alt=\"madonna dei parafrenieri, basilica costantiniana\" width=\"400\" height=\"270\" data-src=\"https:\/\/www.radiopiu.eu\/wp-content\/uploads\/2019\/10\/basilica_costantiniana_4.jpg\" data-srcset=\"https:\/\/www.radiopiu.eu\/wp-content\/uploads\/2019\/10\/basilica_costantiniana_4.jpg 400w, https:\/\/www.radiopiu.eu\/wp-content\/uploads\/2019\/10\/basilica_costantiniana_4-300x203.jpg 300w\" \/><figcaption id=\"caption-attachment-29060\" class=\"wp-caption-text\">Foto www.romanoimpero.com<\/figcaption><\/figure>\n<p>Ma c\u2019\u00e8 un\u2019altra questione interessante legata alla Madonna dei Parafrenieri. \u00abL\u2019immagine in realt\u00e0 venne prodotta in un momento molto particolare della Basilica di San Pietro. C\u2019era ancora la Navata costantiniana. Bramante, Michelangelo e altri avevano chiuso la cupola sopra l\u2019altare. Ma tra l\u2019altare e la navata c\u2019era un muro, quindi la gente entrando vedeva ancora le 5 navate costantiniane, le colonne che erano l\u00ec dal 320 circa dopo Cristo.<\/p>\n<p>Proprio nel 1605 si decise per l\u2019abbattimento di questa parte costantiniana e fu fatto un concorso che poi fu vinto dal Maderno che, nel 1608, cio\u00e8 due anni prima della morte di Caravaggio, cominci\u00f2 a costruire l\u2019attuale navata. E quindi i Parafranieri chiesero questa immagine a Caravaggio sapendo che avrebbero perso la loro cappella che era dentro la Navata costantiniana e cercando di ottenere una cappella nella nuova san Pietro, che poi non venne mai loro assegnata.<\/p>\n<p><strong>Il Papa ebbe di fatto ben altri problemi che non preoccuparsi se questa immagine fosse di gusto o meno. Il suo principale interesse era l\u2019abbattimento della Basilica<\/strong>. Il cardinal Borghese cap\u00ec subito che valeva la pena comprare il dipinto, lo prese e lo port\u00f2 a casa\u00bb.<\/p>\n<h2><span id=\"Si_conclude_liter_sulle_orme_di_Caravaggio\" class=\"ez-toc-section\">Si conclude l\u2019iter sulle orme di Caravaggio<\/span><\/h2>\n<p><em><strong>Con la Deposizione e La Madonna dei Parafrenieri siamo giunti alla conclusione di questo viaggio. Cosa \u00e8 emerso da questi incontri sulla figura di Caravaggio?\u00a0<\/strong><\/em><\/p>\n<figure id=\"attachment_29061\" class=\"wp-caption alignright\" aria-describedby=\"caption-attachment-29061\"><img loading=\"lazy\" decoding=\"async\" class=\"wp-image-29061 td-animation-stack-type0-2 lazyloaded\" title=\"La Madonna dei Parafrenieri e la Deposizione. Si conclude l'iter alla scoperta di Caravaggio 9\" src=\"https:\/\/www.radiopiu.eu\/wp-content\/uploads\/2019\/10\/San-Matteo-e-langelo-Caravaggio-analisi-Seconda-versione.jpg\" sizes=\"auto, (max-width: 275px) 100vw, 275px\" srcset=\"https:\/\/www.radiopiu.eu\/wp-content\/uploads\/2019\/10\/San-Matteo-e-langelo-Caravaggio-analisi-Seconda-versione.jpg 627w, https:\/\/www.radiopiu.eu\/wp-content\/uploads\/2019\/10\/San-Matteo-e-langelo-Caravaggio-analisi-Seconda-versione-186x300.jpg 186w, https:\/\/www.radiopiu.eu\/wp-content\/uploads\/2019\/10\/San-Matteo-e-langelo-Caravaggio-analisi-Seconda-versione-261x420.jpg 261w\" alt=\"la madonna dei parafrenieri, san matteo e l'angelo\" width=\"275\" height=\"443\" data-src=\"https:\/\/www.radiopiu.eu\/wp-content\/uploads\/2019\/10\/San-Matteo-e-langelo-Caravaggio-analisi-Seconda-versione.jpg\" data-srcset=\"https:\/\/www.radiopiu.eu\/wp-content\/uploads\/2019\/10\/San-Matteo-e-langelo-Caravaggio-analisi-Seconda-versione.jpg 627w, https:\/\/www.radiopiu.eu\/wp-content\/uploads\/2019\/10\/San-Matteo-e-langelo-Caravaggio-analisi-Seconda-versione-186x300.jpg 186w, https:\/\/www.radiopiu.eu\/wp-content\/uploads\/2019\/10\/San-Matteo-e-langelo-Caravaggio-analisi-Seconda-versione-261x420.jpg 261w\" \/><figcaption id=\"caption-attachment-29061\" class=\"wp-caption-text\">San Matteo e l\u2019Angelo \u2013 seconda versione<\/figcaption><\/figure>\n<p>\u00abConfermando questa ipotesi fondatissima del Caravaggio tradito abbiamo visto che a parte la famosa \u201cMorte della Vergine\u201d che \u00e8 un vero rifiuto per ragioni estetiche, non eterodosse, (mai si parla di un Caravaggio eterodosso nelle fonti) ogni volta che c\u2019\u00e8 una seconda versione, \u00e8 sempre migliore della precedente. Sia che la critica abbia chiesto a Caravaggio di migliorarsi, sia che Caravaggio stesso abbia detto \u201cil mio quadro \u00e8 troppo debole per questa cappella\u201d, in realt\u00e0 il contesto controriformista di allora favor\u00ec il suo sviluppo.<\/p>\n<figure id=\"attachment_29063\" class=\"wp-caption alignleft\" aria-describedby=\"caption-attachment-29063\"><img loading=\"lazy\" decoding=\"async\" class=\"wp-image-29063 td-animation-stack-type0-2 ls-is-cached lazyloaded\" title=\"La Madonna dei Parafrenieri e la Deposizione. Si conclude l'iter alla scoperta di Caravaggio 11\" src=\"https:\/\/www.radiopiu.eu\/wp-content\/uploads\/2019\/10\/antero-kahila-san-matteo.jpg\" sizes=\"auto, (max-width: 205px) 100vw, 205px\" srcset=\"https:\/\/www.radiopiu.eu\/wp-content\/uploads\/2019\/10\/antero-kahila-san-matteo.jpg 750w, https:\/\/www.radiopiu.eu\/wp-content\/uploads\/2019\/10\/antero-kahila-san-matteo-247x300.jpg 247w, https:\/\/www.radiopiu.eu\/wp-content\/uploads\/2019\/10\/antero-kahila-san-matteo-696x846.jpg 696w, https:\/\/www.radiopiu.eu\/wp-content\/uploads\/2019\/10\/antero-kahila-san-matteo-345x420.jpg 345w\" alt=\"la madonna dei parafranieri, san matteo e l'angelo \" width=\"205\" height=\"250\" data-src=\"https:\/\/www.radiopiu.eu\/wp-content\/uploads\/2019\/10\/antero-kahila-san-matteo.jpg\" data-srcset=\"https:\/\/www.radiopiu.eu\/wp-content\/uploads\/2019\/10\/antero-kahila-san-matteo.jpg 750w, https:\/\/www.radiopiu.eu\/wp-content\/uploads\/2019\/10\/antero-kahila-san-matteo-247x300.jpg 247w, https:\/\/www.radiopiu.eu\/wp-content\/uploads\/2019\/10\/antero-kahila-san-matteo-696x846.jpg 696w, https:\/\/www.radiopiu.eu\/wp-content\/uploads\/2019\/10\/antero-kahila-san-matteo-345x420.jpg 345w\" \/><figcaption id=\"caption-attachment-29063\" class=\"wp-caption-text\">San Matteo e l\u2019Angelo \u2013 prima versione. Scrive Giovan Pietro Bellori: \u00ab[\u2026] Terminato il quadro di mezzo di San Matteo e postolo su l\u2019altare, fu tolto via dai preti, con dire che quella figura non aveva decoro, n\u00e9 aspetto di Santo [\u2026]\u00bb<\/figcaption><\/figure>\n<p>Pensiamo ad esempio al primo \u201cSan Matteo e l\u2019Angelo\u201d della cappella Contarelli (in San Luigi dei Francesi, a Roma ndr) che \u00e8 goffo, tra l\u2019altro \u00e8 un bozzetto, si vede che \u00e8 troppo piccolo per la Cappella.<\/p>\n<p>Lui si dovette accorgere che non andava bene o forse glielo fecero notare i committenti.<strong>\u00a0Ma non era una questione religiosa.<\/strong>\u00a0<strong>Era proprio un miglioramento pittorico<\/strong>. Il nuovo \u00e8 meraviglioso. Cos\u00ec la \u201cConversione di San Paolo\u201d. La prima versione \u00e8 un\u2019opera manierista, confusa, con Ges\u00f9, tutti gli angeli. L\u2019altra no.<\/p>\n<p>Non abbiamo la possibilit\u00e0 di saperlo con certezza. O lui stesso disse: \u201cPosso fare di meglio\u201d o addirittura fu la Chiesa a dirgli: \u201cMaestro puoi esprimerti al meglio. Questo non \u00e8 il meglio che \u00e8 nelle tue corde. Vai avanti e la nuova opera sar\u00e0 straordinaria.\u201d Come di fatto poi \u00e8\u00bb.<\/p>\n<p><strong><em>Per saperne di pi\u00f9 appuntamento a questa sera alle ore 20.15 alla Chiesa di Santa Maria in Vallicella.\u00a0<\/em><\/strong><\/p>\n<p><strong><em>Ascolta la puntata di oggi di \u201cTutte le Strade\u201d:\u00a0<\/em><\/strong><\/p>\n<p><iframe loading=\"lazy\" src=\"https:\/\/w.soundcloud.com\/player\/?url=https%3A\/\/api.soundcloud.com\/tracks\/698123614&amp;color=%23ff5500&amp;auto_play=false&amp;hide_related=false&amp;show_comments=true&amp;show_user=true&amp;show_reposts=false&amp;show_teaser=true&amp;visual=true\" width=\"100%\" height=\"300\" frameborder=\"no\" scrolling=\"no\" data-mce-fragment=\"1\"><\/iframe><\/p>\n<p>Leggi anche:<\/p>\n<p class=\"entry-title\"><a href=\"https:\/\/www.diocesidiroma.it\/utsroma\/\/la-madonna-dei-pellegrini-caravaggio-tradito\/\">La Madonna dei pellegrini nel penultimo incontro di \u201cCaravaggio tradito\u201d<\/a><\/p>\n<div class=\"td-g-rec td-g-rec-id-content_bottom td_uid_17_5da96f31785b0_rand td_block_template_1 \"><\/div>\n","protected":false},"excerpt":{"rendered":"<p>La Madonna dei Parafrenieri e la Deposizione al centro dell\u2019ultimo incontro di \u201cCaravaggio Tradito\u201d Sar\u00e0 la\u00a0Deposizione\u00a0realizzato, tra il 1602 ed il 1604, da Michelangelo Merisi al centro questa sera dell\u2019ultimo incontro di \u201cCaravaggio tradito\u201d alla Chiesa di Santa Maria in Vallicella. Attualmente conservato alla Pinacoteca vaticana il dipinto fu commissionato da Girolamo Vittrice per la [&hellip;]<\/p>\n","protected":false},"author":6,"featured_media":1757,"comment_status":"open","ping_status":"open","sticky":false,"template":"","format":"standard","meta":{"footnotes":""},"categories":[20],"tags":[],"class_list":["post-1756","post","type-post","status-publish","format-standard","has-post-thumbnail","hentry","category-notizie"],"_links":{"self":[{"href":"https:\/\/www.diocesidiroma.it\/utsroma\/index.php\/wp-json\/wp\/v2\/posts\/1756","targetHints":{"allow":["GET"]}}],"collection":[{"href":"https:\/\/www.diocesidiroma.it\/utsroma\/index.php\/wp-json\/wp\/v2\/posts"}],"about":[{"href":"https:\/\/www.diocesidiroma.it\/utsroma\/index.php\/wp-json\/wp\/v2\/types\/post"}],"author":[{"embeddable":true,"href":"https:\/\/www.diocesidiroma.it\/utsroma\/index.php\/wp-json\/wp\/v2\/users\/6"}],"replies":[{"embeddable":true,"href":"https:\/\/www.diocesidiroma.it\/utsroma\/index.php\/wp-json\/wp\/v2\/comments?post=1756"}],"version-history":[{"count":2,"href":"https:\/\/www.diocesidiroma.it\/utsroma\/index.php\/wp-json\/wp\/v2\/posts\/1756\/revisions"}],"predecessor-version":[{"id":1759,"href":"https:\/\/www.diocesidiroma.it\/utsroma\/index.php\/wp-json\/wp\/v2\/posts\/1756\/revisions\/1759"}],"wp:featuredmedia":[{"embeddable":true,"href":"https:\/\/www.diocesidiroma.it\/utsroma\/index.php\/wp-json\/wp\/v2\/media\/1757"}],"wp:attachment":[{"href":"https:\/\/www.diocesidiroma.it\/utsroma\/index.php\/wp-json\/wp\/v2\/media?parent=1756"}],"wp:term":[{"taxonomy":"category","embeddable":true,"href":"https:\/\/www.diocesidiroma.it\/utsroma\/index.php\/wp-json\/wp\/v2\/categories?post=1756"},{"taxonomy":"post_tag","embeddable":true,"href":"https:\/\/www.diocesidiroma.it\/utsroma\/index.php\/wp-json\/wp\/v2\/tags?post=1756"}],"curies":[{"name":"wp","href":"https:\/\/api.w.org\/{rel}","templated":true}]}}