{"id":1785,"date":"2019-10-31T09:44:41","date_gmt":"2019-10-31T08:44:41","guid":{"rendered":"https:\/\/www.diocesidiroma.it\/utsroma\/\/?p=1785"},"modified":"2020-03-11T16:56:48","modified_gmt":"2020-03-11T15:56:48","slug":"pedala-per-un-sorriso-10-novembre","status":"publish","type":"post","link":"https:\/\/www.diocesidiroma.it\/utsroma\/index.php\/pedala-per-un-sorriso-10-novembre\/","title":{"rendered":"Pedala per un Sorriso: il 10 novembre la ciclopasseggiata che dona felicit\u00e0"},"content":{"rendered":"<h2><em>Pedala per un Sorriso<\/em>: la sesta edizione<\/h2>\n<p>Una ciclopasseggiata, tra le vie pi\u00f9 suggestive di Roma, per donare un po&#8217; di serenit\u00e0 a chi ne ha bisogno. \u00c8 <strong><em>Pedala per un Sorriso<\/em><\/strong>, l&#8217;iniziativa organizzata dall&#8217;omonima onlus che torna quest&#8217;anno per la sesta edizione. L&#8217;appuntamento \u00e8 per domenica <strong>10 novembre<\/strong>. Le iscrizioni sono aperte fino alle ore 8.30 del giorno stesso della manifestazione.<\/p>\n<p>Ne parliamo, nella puntata di oggi di <em>Radiopi\u00f9 Sport<\/em> con il <strong>vicepresidente<\/strong> dell&#8217;associazione <strong>Nicolangiolo Zoppo<\/strong>.<\/p>\n<h2><em>Pedala per un Sorriso<\/em>: il percorso del 2019<\/h2>\n<p>\u00abIl percorso di<em> Pedala per un Sorriso<\/em> ricalca quello dello scorso anno. Partiremo come sempre dalla sede dell&#8217;<strong>Universit\u00e0 Europea<\/strong> di Roma in via degli Aldobrandeschi. Percorreremo un tratto della Via Aurelia Antica, saliremo sul Gianicolo dove faremo una prima sosta. Poi ci recheremo al centro di Roma costeggiando tutti i pi\u00f9 bei monumenti, dal Colosseo all&#8217;Altare <img loading=\"lazy\" decoding=\"async\" class=\" wp-image-29254 alignright\" src=\"https:\/\/www.radiopiu.eu\/wp-content\/uploads\/2019\/10\/pedala-per-un-sorriso.jpg\" alt=\"pedala per un sorriso\" width=\"519\" height=\"253\" \/>dell Patria transitando anche nei pressi della Piramide Cestia e del Circo Massimo.<\/p>\n<p>Molto bello e molto apprezzato dai nostri partecipanti il passaggio all&#8217;interno del parco delle Catacombe di San Callisto, un&#8217;oasi governata dall&#8217;ordine dei salesiani\u00bb. Seconda sosta \u00absul Campidoglio\u00bb.<\/p>\n<p>Dopo aver transitato sul Lungotevere si proseguir\u00e0 poi verso il \u00abpalazzo del Coni a Largo de Bosis. Rientreremo nella sede dell&#8217;Universit\u00e0 Europea passando da Castel Sant&#8217;Angelo, via della Conciliazione, San Pietro e lungo le Mura del Vaticano rientreremo verso via Gregorio VII, via Aurelia\u00bb.<\/p>\n<h2><em>Pedala per un Sorriso<\/em>: partecipanti e premiazioni<\/h2>\n<p><strong><em>Praticamente si attraverser\u00e0, pedalando, un lungo tratto di citt\u00e0. Chi potr\u00e0 prendere parte all&#8217;iniziativa?\u00a0<\/em><\/strong><\/p>\n<p>\u00ab\u00c8 un percorso di <strong>47 chilometri<\/strong> aperto a tutti coloro che vogliono partecipare. A chiunque possieda una bicicletta e venga con un casco. Soprattutto stiamo incentivando la partecipazione di chi ha delle biciclette a pedalata assistita, delle quali avremo anche la possibilit\u00e0 di fare un piccolo noleggio grazie al partenariato con un&#8217;azienda\u00bb.<\/p>\n<p><strong><em>Ci sar\u00e0 anche una premiazione finale?<\/em><\/strong><\/p>\n<p>\u00abAll&#8217;arrivo ospiteremo tutti i partecipanti nella sala refettorio dell&#8217;universit\u00e0 dove mangeremo insieme, poi ci sposteremo nell&#8217;Auditorium Giovanni Paolo II dove faremo <strong>un&#8217;estrazione a premi<\/strong> <strong>tra tutti i partecipanti.<\/strong><\/p>\n<p>Non \u00e8 una vera e propria premiazione, perch\u00e9 in realt\u00e0 non \u00e8 una gara, ma tutti i premi che i nostri sponsor e i negozi di Roma di ciclismo che ci aiutano saranno estratti tra tutti i partecipanti. Abbiamo anche dei premi molto importanti, ma questo \u00e8 secondario rispetto allo spirito della partecipazione\u00bb.<\/p>\n<h2><em>Pedala per un Sorriso<\/em>: la raccolta fondi<\/h2>\n<p><em><strong>Ecco, a proposito, la manifestazione finora \u00e8 servita alla raccolta fondi per alcuni progetti&#8230;<\/strong><\/em><\/p>\n<p><em>\u00abPedala per un Sorriso<\/em> \u00e8 arrivata alla sua sesta edizione. Ogni anno noi abbiamo un <em>core<\/em> di obiettivi che continuiamo a perseguire e di volta in volta facciamo dei piccoli interventi.<\/p>\n<p>Quando abbiamo iniziato, l&#8217;obiettivo era di collaborare con la prima <strong>diocesi etiope<\/strong> dove abbiamo contribuito alla costruzione di una scuola e al mantenimento di diverse classi di bambini.<\/p>\n<p>Poi ad <strong>Amatrice<\/strong>, dopo il terremoto, anche noi abbiamo fatto il nostro. Abbiamo regalato l&#8217;occorrente per aprire una <strong>scuola di ciclismo<\/strong> a disposizione delle scuole. Abbiamo regalato <img loading=\"lazy\" decoding=\"async\" class=\" wp-image-29256 alignright\" src=\"https:\/\/www.radiopiu.eu\/wp-content\/uploads\/2019\/10\/46075912_563470437399649_9065739083459854336_n.jpg\" alt=\"pedala per un sorriso\" width=\"496\" height=\"330\" \/>30 biciclette.<\/p>\n<p>Poi altri importanti obiettivi sono frutto della collaborazione con altre associazioni e onlus.<\/p>\n<p>Una \u00e8 quella di <strong>Marina Romoli<\/strong>, atleta professionista che ha subito un incidente, che si occupa della ricerca e della cura delle malattie della colonna vertebrale. Poi collaboriamo con <a href=\"https:\/\/www.arcobalenodellasperanza.net\/speranza\/\"><strong>Arcobaleno della <em>Speranza<\/em><\/strong><\/a> che si occupa di sostentare i malati oncologici del Policlinico Tor Vergata assistendo anche i loro parenti e le persone care.<\/p>\n<p>Lo scorso anno, grazie al nostro aiuto, \u00e8 stato acquistato un pullmino per condurre le famiglie, che vengono da lontano, a visitare i parenti e organizzate attivit\u00e0 ricreative per i malati.<\/p>\n<p>Quest&#8217;anno, alla fine della manifestazione faremo il punto della situazione con il consiglio direttivo. In base alle entrate decideremo gli obiettivi dell&#8217;anno\u00bb.<\/p>\n<p><span style=\"color: #000000;\">Per la sesta edizione di <em>Pedala per un Sorriso<\/em>, ha sottolineato Nicolangiolo Zoppo, i costi della sicurezza <a href=\"https:\/\/www.comune.roma.it\/web\/it\/notizia.page?contentId=NWS424205\">non sono pi\u00f9 a carico del Comune<\/a> ma dell&#8217;associazione (vedi <a href=\"http:\/\/www.polizialocale.com\/2017\/11\/20\/servizi-pagamento-applicazione-articolo-22-comma-3-bis-d-l-24-aprile-2017-n-50-convertito-nella-legge-21-giugno-2017-n-96\/\">decreto legge 50 del 2017<\/a>). In ogni caso, obiettivo primario rimane quello di trascorrere una giornata all&#8217;insegna della condivisione e della solidariet\u00e0.<\/span><\/p>\n<p>\u00abPurtroppo il nostro intervento quest&#8217;anno sar\u00e0 condizionato anche da questo. L&#8217;obiettivo \u00e8 comunque soprattutto quello di trascorrere una bella giornata. Il nostre nome \u00e8 indicativo. Noi pedaliamo per un sorriso e con un sorriso proprio per cercare di aiutare un po&#8217; chi ha bisogno. Noi nasciamo per dare un sorriso laddove manca per tanti motivi\u00bb.<\/p>\n<p>Tutte le informazioni utili sulla <a href=\"https:\/\/www.facebook.com\/pedalaperunsorriso\/\">pagina Facebook di <em>Pedala per un Sorriso<\/em><\/a>. Riascolta l&#8217;intervista a Nicolangiolo Zoppo nell&#8217;edizione odierna di<strong><em> Radiopi\u00f9 Sport<\/em><\/strong>:<\/p>\n<p><iframe loading=\"lazy\" src=\"https:\/\/widget.spreaker.com\/player?episode_id=22718987&#038;theme=light&#038;playlist=false&#038;playlist-continuous=false&#038;autoplay=false&#038;live-autoplay=false&#038;chapters-image=true&#038;episode_image_position=right&#038;hide-logo=false&#038;hide-likes=false&#038;hide-comments=false&#038;hide-sharing=false&#038;hide-download=false\" width=\"100%\" height=\"200px\" frameborder=\"0\"><\/iframe><\/p>\n<h3>Radiopi\u00f9 Sport: le altre notizie<\/h3>\n<p>Domani, venerd\u00ec primo novembre appuntamento con la <strong>Corsa dei Santi<\/strong>. Per saperne di pi\u00f9 \u00e8 possibile riascoltare l<a href=\"https:\/\/www.diocesidiroma.it\/utsroma\/\/la-corsa-dei-santi-la-12a-edizione\/\">&#8216;intervista al presidente del consiglio direttivo <strong>Paolo Scipioni sui nostri siti www.radiopiu.eu e www.utsroma.diocesidiroma.it<\/strong><\/a>.<\/p>\n<p><img loading=\"lazy\" decoding=\"async\" class=\"size-full wp-image-29255 alignright\" src=\"https:\/\/www.radiopiu.eu\/wp-content\/uploads\/2019\/10\/locandina_autodifesa_isola_che_c__per_sito.jpg\" alt=\"pedala per un sorriso, autodifesa, us acli roma\" width=\"377\" height=\"525\" \/>Ricordiamo inoltre che si chiuderanno oggi\u00a0le iscrizioni alla\u00a0<strong>stagione 2019\/2020 dell<\/strong><strong>\u2019Oratorio Cup del Centro Sportivo Italiano<\/strong>.<\/p>\n<p>Al via, invece, sabato scorso, <strong>26 ottobre<\/strong> il secondo corso di autodifesa Autodifesa organizzato dall&#8217;US ACLI Roma per il Progetto <em>l&#8217;Isola che c&#8217;\u00e8<\/em>.<\/p>\n<p>Il corso, che andr\u00e0 avanti per altri 11 appuntamenti ogni sabato mattina, si svolge alla Parrocchia di San Basilio. Completamente gratuito, \u00e8 rivolto ai ragazzi dagli 11 ai 17 anni.<\/p>\n<p>A tenere le lezioni \u00e8 il maestro <strong>Marco Caso<\/strong>, pluripremiato a livello nazionale ed internazionale, in svariate discipline del settore sportivo della difesa personale.<\/p>\n<p>&nbsp;<\/p>\n","protected":false},"excerpt":{"rendered":"<p>Pedala per un Sorriso: la sesta edizione Una ciclopasseggiata, tra le vie pi\u00f9 suggestive di Roma, per donare un po&#8217; di serenit\u00e0 a chi ne ha bisogno. \u00c8 Pedala per un Sorriso, l&#8217;iniziativa organizzata dall&#8217;omonima onlus che torna quest&#8217;anno per la sesta edizione. L&#8217;appuntamento \u00e8 per domenica 10 novembre. Le iscrizioni sono aperte fino alle [&hellip;]<\/p>\n","protected":false},"author":6,"featured_media":1786,"comment_status":"open","ping_status":"open","sticky":false,"template":"","format":"standard","meta":{"footnotes":""},"categories":[20],"tags":[],"class_list":["post-1785","post","type-post","status-publish","format-standard","has-post-thumbnail","hentry","category-notizie"],"_links":{"self":[{"href":"https:\/\/www.diocesidiroma.it\/utsroma\/index.php\/wp-json\/wp\/v2\/posts\/1785","targetHints":{"allow":["GET"]}}],"collection":[{"href":"https:\/\/www.diocesidiroma.it\/utsroma\/index.php\/wp-json\/wp\/v2\/posts"}],"about":[{"href":"https:\/\/www.diocesidiroma.it\/utsroma\/index.php\/wp-json\/wp\/v2\/types\/post"}],"author":[{"embeddable":true,"href":"https:\/\/www.diocesidiroma.it\/utsroma\/index.php\/wp-json\/wp\/v2\/users\/6"}],"replies":[{"embeddable":true,"href":"https:\/\/www.diocesidiroma.it\/utsroma\/index.php\/wp-json\/wp\/v2\/comments?post=1785"}],"version-history":[{"count":6,"href":"https:\/\/www.diocesidiroma.it\/utsroma\/index.php\/wp-json\/wp\/v2\/posts\/1785\/revisions"}],"predecessor-version":[{"id":2011,"href":"https:\/\/www.diocesidiroma.it\/utsroma\/index.php\/wp-json\/wp\/v2\/posts\/1785\/revisions\/2011"}],"wp:featuredmedia":[{"embeddable":true,"href":"https:\/\/www.diocesidiroma.it\/utsroma\/index.php\/wp-json\/wp\/v2\/media\/1786"}],"wp:attachment":[{"href":"https:\/\/www.diocesidiroma.it\/utsroma\/index.php\/wp-json\/wp\/v2\/media?parent=1785"}],"wp:term":[{"taxonomy":"category","embeddable":true,"href":"https:\/\/www.diocesidiroma.it\/utsroma\/index.php\/wp-json\/wp\/v2\/categories?post=1785"},{"taxonomy":"post_tag","embeddable":true,"href":"https:\/\/www.diocesidiroma.it\/utsroma\/index.php\/wp-json\/wp\/v2\/tags?post=1785"}],"curies":[{"name":"wp","href":"https:\/\/api.w.org\/{rel}","templated":true}]}}