{"id":1820,"date":"2019-11-27T12:09:20","date_gmt":"2019-11-27T11:09:20","guid":{"rendered":"https:\/\/www.diocesidiroma.it\/utsroma\/\/?p=1820"},"modified":"2019-11-27T12:09:20","modified_gmt":"2019-11-27T11:09:20","slug":"scatta-in-parrocchia-terza-edizione","status":"publish","type":"post","link":"https:\/\/www.diocesidiroma.it\/utsroma\/index.php\/scatta-in-parrocchia-terza-edizione\/","title":{"rendered":"&#8220;Scatta in parrocchia&#8221;: da gennaio 2020 la terza edizione"},"content":{"rendered":"<h2 class=\"entry-title\">\u201cScatta in Parrocchia\u201d, l\u2019edizione 2020<\/h2>\n<p><em>Concorso fotografico Roma \u2013<\/em>\u00a0Qualche piccola novit\u00e0, ma lo spirito \u00e8 sempre lo stesso: raccontare la propria chiesa per immagini, senza perdere di vista il legame tra arte e fede. Torna nel 2020\u00a0<strong>\u201cScatta in Parrocchia\u201d<\/strong>, il concorso fotografico, del tutto\u00a0<strong>gratuito<\/strong>, ideato dall&#8217;emittente radiofonica <a href=\"http:\/\/www.radiopiu.eu\">Radiopi\u00f9 Roma<\/a>, con il patrocinio dell\u2019Ufficio per la Pastorale del tempo libero, turismo e sport della Diocesi di Roma.<\/p>\n<p>Anche per il prossimo anno, non \u00e8 necessario essere dei fotografi professionisti: basta uno smartphone e un po\u2019 di creativit\u00e0.<\/p>\n<ul>\n<li><a href=\"https:\/\/www.diocesidiroma.it\/utsroma\/\/wp-content\/uploads\/2019\/11\/scatta-in-parrocchia-2020-regolamento.pdf\">Leggi il regolamento\u00a0<\/a><\/li>\n<li><a href=\"https:\/\/www.radiopiu.eu\/partecipa-al-concorso-scatta-in-parrocchia\/\">Compila il form e invia i tuoi scatti\u00a0<\/a><\/li>\n<\/ul>\n<h2><span id=\"Concorso_fotografico_Roma_Scatta_in_Parrocchia_come_aderire\" class=\"ez-toc-section\">Scatta in Parrocchia: come aderire<\/span><\/h2>\n<p>Sar\u00e0 possibile inviare i propri scatti (al massimo 5 e realizzati negli ultimi 5 anni) a partire\u00a0<strong>dal 1\u00b0 gennaio 2020 ed entro e non oltre il 31 maggio\u00a0<\/strong>dello stesso anno.<\/p>\n<p>Anche per la terza edizione il<strong>\u00a0tema sar\u00e0 libero<\/strong>. Si potr\u00e0 scegliere di fotografare, nella parrocchia di appartenenza, un\u00a0<strong>dettaglio<\/strong>\u00a0artistico, architettonico, un particolare apparentemente non\u00a0<img loading=\"lazy\" decoding=\"async\" class=\"wp-image-29714 alignright td-animation-stack-type0-2\" style=\"box-sizing: border-box; border: 0px; max-width: 100%; height: auto; float: right; margin: 6px 0px 21px 24px; transition: opacity 0.3s cubic-bezier(0.39, 0.76, 0.51, 0.56) 0s; opacity: 0; display: block;\" title=\"Concorso fotografico Roma: &lt;br&gt;&quot;Scatta in Parrocchia&quot;, l'edizione 2020 2\" src=\"https:\/\/www.radiopiu.eu\/wp-content\/uploads\/2019\/11\/concorso.jpg\" sizes=\"auto, (max-width: 474px) 100vw, 474px\" srcset=\"https:\/\/www.radiopiu.eu\/wp-content\/uploads\/2019\/11\/concorso.jpg 960w, https:\/\/www.radiopiu.eu\/wp-content\/uploads\/2019\/11\/concorso-300x200.jpg 300w, https:\/\/www.radiopiu.eu\/wp-content\/uploads\/2019\/11\/concorso-768x512.jpg 768w, https:\/\/www.radiopiu.eu\/wp-content\/uploads\/2019\/11\/concorso-696x464.jpg 696w, https:\/\/www.radiopiu.eu\/wp-content\/uploads\/2019\/11\/concorso-630x420.jpg 630w\" alt=\"concorso fotografico roma, scatta in parrocchia\" width=\"474\" height=\"316\" \/>degno di nota, ma denso di significato per chi scatta. O ancora\u00a0 un\u2019<strong>attivit\u00e0, un evento<\/strong>: dalla Santa Messa alla partita di calcio, dal presepe allestito in Avvento allo spettacolo teatrale, dalle processioni agli incontri culturali e laboratori.<\/p>\n<p>Non importa che le immagini realizzate siano gi\u00e0 apparse sui profili social degli autori. Purch\u00e9 non abbiano gi\u00e0 preso parte ad altri concorsi fotografici, n\u00e9 alle precedenti edizioni di \u201cScatta in Parrocchia\u201d, sono ammesse le foto in formato orizzontale, verticale, a colori e in bianco e nero scattate con ogni tipo di dispositivo:\u00a0<strong>smartphone, tablet, fotocamera<\/strong>.<\/p>\n<h2><span id=\"Concorso_fotografico_Roma_Scatta_in_parrocchia_cosa_cambia\" class=\"ez-toc-section\">Scatta in parrocchia: cosa cambia?<\/span><\/h2>\n<p>Le foto pervenute, se ritenute idonee dalla redazione, saranno pubblicate, di volta in volta, sulla\u00a0<a href=\"https:\/\/www.facebook.com\/radiopiunetwork\/\" target=\"_blank\" rel=\"noopener noreferrer\">pagina Facebook di Radiopi\u00f9 Roma\u00a0<\/a>nell\u2019apposito album\u00a0<strong>\u201cScatta in Parrocchia \u2013 edizione 2020\u201d<\/strong>.<\/p>\n<p><strong>Per la terza edizione aumenta il montepremi e si amplia la rosa dei vincitori<\/strong>. Ai due decretati dalla giuria, presieduta da Mauro Monti, fotografo, dell\u2019ufficio Web di Tv2000, e composta da Valeria De Simone, giornalista, e don Francesco Indelicato, direttore di Radiopi\u00f9, dopo un\u2019attenta valutazione del materiale pervenuto, se ne aggiunge un altro: l\u2019autore dello scatto che avr\u00e0 ottenuto il maggior numero di\u00a0<em><img loading=\"lazy\" decoding=\"async\" class=\"wp-image-29713 alignright td-animation-stack-type0-2\" style=\"box-sizing: border-box; border: 0px; max-width: 100%; height: auto; float: right; margin: 6px 0px 21px 24px; transition: opacity 0.3s cubic-bezier(0.39, 0.76, 0.51, 0.56) 0s; opacity: 0; display: block;\" title=\"Concorso fotografico Roma: &lt;br&gt;&quot;Scatta in Parrocchia&quot;, l'edizione 2020 3\" src=\"https:\/\/www.radiopiu.eu\/wp-content\/uploads\/2019\/11\/concorso-fotografico-roma-1.jpg\" sizes=\"auto, (max-width: 353px) 100vw, 353px\" srcset=\"https:\/\/www.radiopiu.eu\/wp-content\/uploads\/2019\/11\/concorso-fotografico-roma-1.jpg 960w, https:\/\/www.radiopiu.eu\/wp-content\/uploads\/2019\/11\/concorso-fotografico-roma-1-300x225.jpg 300w, https:\/\/www.radiopiu.eu\/wp-content\/uploads\/2019\/11\/concorso-fotografico-roma-1-768x576.jpg 768w, https:\/\/www.radiopiu.eu\/wp-content\/uploads\/2019\/11\/concorso-fotografico-roma-1-80x60.jpg 80w, https:\/\/www.radiopiu.eu\/wp-content\/uploads\/2019\/11\/concorso-fotografico-roma-1-265x198.jpg 265w, https:\/\/www.radiopiu.eu\/wp-content\/uploads\/2019\/11\/concorso-fotografico-roma-1-696x522.jpg 696w, https:\/\/www.radiopiu.eu\/wp-content\/uploads\/2019\/11\/concorso-fotografico-roma-1-560x420.jpg 560w\" alt=\"concorso fotografico roma, scatta in parrocchia \" width=\"353\" height=\"265\" \/>like<\/em>\u00a0(vale qualsiasi tipo di reazione) su Facebook.<\/p>\n<p>Ai primi 2 sar\u00e0 assegnato\u00a0<strong>un buono regalo per l\u2019acquisto di prodotti fotografici\u00a0<\/strong>del valore di\u00a0<strong>100 euro<\/strong>.<\/p>\n<p>Stesso premio, ma del valore di 50 euro,\u00a0 per il\u00a0<strong>vincitore online<\/strong>.<\/p>\n<h3><span id=\"I_vincitori_delle_precedenti_edizioni\" class=\"ez-toc-section\">I vincitori delle precedenti edizioni<\/span><\/h3>\n<p>Altra novit\u00e0 riguarda i vincitori delle precedenti edizioni di \u201cScatta in Parrocchia\u201d. Come per gli scorsi anni, coloro che hanno vinto la prima e la terza edizione del contest\u00a0<strong>sono esclusi dal concorso ma solo per quanto riguarda il voto della giuria<\/strong>. Potranno, dunque, concorrere, come tutti gli altri partecipanti, per la votazione online.<\/p>\n<h4><span id=\"Riascolta_le_loro_interviste\" class=\"ez-toc-section\">Riascolta le loro interviste:<\/span><\/h4>\n<ul>\n<li>\n<p class=\"entry-title\"><a href=\"https:\/\/www.radiopiu.eu\/scatta-in-parrocchia-santina-bellia-nella-mia-foto-un-bel-ricordo\/\">Scatta in Parrocchia, Santina Bellia: \u201cNella mia foto un bel ricordo\u201d<\/a><\/p>\n<\/li>\n<li>\n<p class=\"entry-title\"><a href=\"https:\/\/www.radiopiu.eu\/scatta-in-parrocchia-corviale-e-una-foto-a-colori-intervista-ad-aldo-feroce\/\">Scatta in Parrocchia, Corviale \u00e8 una foto a colori. Intervista ad Aldo Feroce<\/a><\/p>\n<\/li>\n<li>\n<p class=\"entry-title\"><a href=\"https:\/\/www.radiopiu.eu\/scatta-in-parrocchia-alessia\/\">Scatta in Parrocchia, Alessia: \u201cLa macchina fotografica \u00e8 il prolungamento del mio cuore\u201d<\/a><\/p>\n<\/li>\n<li>\n<p class=\"entry-title\"><a href=\"https:\/\/www.radiopiu.eu\/scatta-in-parrocchia-lorenzo\/\">Scatta in Parrocchia: Lorenzo, \u201cCos\u00ec ho sviluppato la mia fantasia\u201d<\/a><\/p>\n<\/li>\n<\/ul>\n<p><strong><a href=\"https:\/\/www.radiopiu.eu\/gallery-radiopiu\/\">Le foto della prima e della seconda edizione del\u00a0<em>contest<\/em><\/a><\/strong><\/p>\n<p><img loading=\"lazy\" decoding=\"async\" class=\"alignnone size-full wp-image-29711 td-animation-stack-type0-2\" style=\"box-sizing: border-box; border: 0px; max-width: 100%; height: auto; margin: 0px 5px; transition: opacity 0.3s cubic-bezier(0.39, 0.76, 0.51, 0.56) 0s; opacity: 0; display: inline-block;\" title=\"Concorso fotografico Roma: &lt;br&gt;&quot;Scatta in Parrocchia&quot;, l'edizione 2020 4\" src=\"https:\/\/www.radiopiu.eu\/wp-content\/uploads\/2019\/11\/bbaf3daf-4b97-450c-a72c-3b54cf5865ab.jpg\" sizes=\"auto, (max-width: 1130px) 100vw, 1130px\" srcset=\"https:\/\/www.radiopiu.eu\/wp-content\/uploads\/2019\/11\/bbaf3daf-4b97-450c-a72c-3b54cf5865ab.jpg 1130w, https:\/\/www.radiopiu.eu\/wp-content\/uploads\/2019\/11\/bbaf3daf-4b97-450c-a72c-3b54cf5865ab-212x300.jpg 212w, https:\/\/www.radiopiu.eu\/wp-content\/uploads\/2019\/11\/bbaf3daf-4b97-450c-a72c-3b54cf5865ab-723x1024.jpg 723w, https:\/\/www.radiopiu.eu\/wp-content\/uploads\/2019\/11\/bbaf3daf-4b97-450c-a72c-3b54cf5865ab-768x1087.jpg 768w, https:\/\/www.radiopiu.eu\/wp-content\/uploads\/2019\/11\/bbaf3daf-4b97-450c-a72c-3b54cf5865ab-1085x1536.jpg 1085w, https:\/\/www.radiopiu.eu\/wp-content\/uploads\/2019\/11\/bbaf3daf-4b97-450c-a72c-3b54cf5865ab-696x985.jpg 696w, https:\/\/www.radiopiu.eu\/wp-content\/uploads\/2019\/11\/bbaf3daf-4b97-450c-a72c-3b54cf5865ab-1068x1512.jpg 1068w, https:\/\/www.radiopiu.eu\/wp-content\/uploads\/2019\/11\/bbaf3daf-4b97-450c-a72c-3b54cf5865ab-297x420.jpg 297w\" alt=\"concorso fotografico roma, scatta in parrocchia\" width=\"1130\" height=\"1600\" \/><\/p>\n","protected":false},"excerpt":{"rendered":"<p>\u201cScatta in Parrocchia\u201d, l\u2019edizione 2020 Concorso fotografico Roma \u2013\u00a0Qualche piccola novit\u00e0, ma lo spirito \u00e8 sempre lo stesso: raccontare la propria chiesa per immagini, senza perdere di vista il legame tra arte e fede. Torna nel 2020\u00a0\u201cScatta in Parrocchia\u201d, il concorso fotografico, del tutto\u00a0gratuito, ideato dall&#8217;emittente radiofonica Radiopi\u00f9 Roma, con il patrocinio dell\u2019Ufficio per la [&hellip;]<\/p>\n","protected":false},"author":6,"featured_media":1824,"comment_status":"open","ping_status":"open","sticky":false,"template":"","format":"standard","meta":{"footnotes":""},"categories":[25],"tags":[],"class_list":["post-1820","post","type-post","status-publish","format-standard","has-post-thumbnail","hentry","category-concorsi"],"_links":{"self":[{"href":"https:\/\/www.diocesidiroma.it\/utsroma\/index.php\/wp-json\/wp\/v2\/posts\/1820","targetHints":{"allow":["GET"]}}],"collection":[{"href":"https:\/\/www.diocesidiroma.it\/utsroma\/index.php\/wp-json\/wp\/v2\/posts"}],"about":[{"href":"https:\/\/www.diocesidiroma.it\/utsroma\/index.php\/wp-json\/wp\/v2\/types\/post"}],"author":[{"embeddable":true,"href":"https:\/\/www.diocesidiroma.it\/utsroma\/index.php\/wp-json\/wp\/v2\/users\/6"}],"replies":[{"embeddable":true,"href":"https:\/\/www.diocesidiroma.it\/utsroma\/index.php\/wp-json\/wp\/v2\/comments?post=1820"}],"version-history":[{"count":3,"href":"https:\/\/www.diocesidiroma.it\/utsroma\/index.php\/wp-json\/wp\/v2\/posts\/1820\/revisions"}],"predecessor-version":[{"id":1825,"href":"https:\/\/www.diocesidiroma.it\/utsroma\/index.php\/wp-json\/wp\/v2\/posts\/1820\/revisions\/1825"}],"wp:featuredmedia":[{"embeddable":true,"href":"https:\/\/www.diocesidiroma.it\/utsroma\/index.php\/wp-json\/wp\/v2\/media\/1824"}],"wp:attachment":[{"href":"https:\/\/www.diocesidiroma.it\/utsroma\/index.php\/wp-json\/wp\/v2\/media?parent=1820"}],"wp:term":[{"taxonomy":"category","embeddable":true,"href":"https:\/\/www.diocesidiroma.it\/utsroma\/index.php\/wp-json\/wp\/v2\/categories?post=1820"},{"taxonomy":"post_tag","embeddable":true,"href":"https:\/\/www.diocesidiroma.it\/utsroma\/index.php\/wp-json\/wp\/v2\/tags?post=1820"}],"curies":[{"name":"wp","href":"https:\/\/api.w.org\/{rel}","templated":true}]}}