{"id":1840,"date":"2019-11-25T10:00:57","date_gmt":"2019-11-25T09:00:57","guid":{"rendered":"https:\/\/www.diocesidiroma.it\/utsroma\/\/?p=1840"},"modified":"2019-12-02T08:59:04","modified_gmt":"2019-12-02T07:59:04","slug":"libri-e-viaggi-giano-specchio-riflesso","status":"publish","type":"post","link":"https:\/\/www.diocesidiroma.it\/utsroma\/index.php\/libri-e-viaggi-giano-specchio-riflesso\/","title":{"rendered":"Libri e viaggi: \u201cGiano specchio riflesso\u201d"},"content":{"rendered":"<h2><span id=\"Libri_e_viaggi_Renzo_Ricci_racconta_il_suo_Giano_specchio_riflesso\" class=\"ez-toc-section\">Libri e viaggi: Renzo Ricci racconta il suo \u201cGiano specchio riflesso\u201d<\/span><\/h2>\n<p>Nella seconda puntata di \u201cParole in onda\u201d, rubrica di approfondimento culturale a cura della\u00a0<strong>parrocchia Santa Monica di Ostia<\/strong>, il giornalista\u00a0<strong>Gianni Maritati<\/strong>\u00a0intervista\u00a0<strong>Renzo Ricci<\/strong>, autore di\u00a0<strong>\u201cGiano specchio riflesso\u201d\u00a0<\/strong>e tra i protagonisti dell\u2019ultima Festa del Libro e della lettura di Ostia.<\/p>\n<p><img loading=\"lazy\" decoding=\"async\" class=\"wp-image-29661 alignright td-animation-stack-type0-2\" title=\"Libri e viaggi: &quot;Giano specchio riflesso&quot; 1\" src=\"https:\/\/www.radiopiu.eu\/wp-content\/uploads\/2019\/11\/libri-e-viaggi.jpg\" sizes=\"auto, (max-width: 247px) 100vw, 247px\" srcset=\"https:\/\/www.radiopiu.eu\/wp-content\/uploads\/2019\/11\/libri-e-viaggi.jpg 887w, https:\/\/www.radiopiu.eu\/wp-content\/uploads\/2019\/11\/libri-e-viaggi-235x300.jpg 235w, https:\/\/www.radiopiu.eu\/wp-content\/uploads\/2019\/11\/libri-e-viaggi-802x1024.jpg 802w, https:\/\/www.radiopiu.eu\/wp-content\/uploads\/2019\/11\/libri-e-viaggi-768x981.jpg 768w, https:\/\/www.radiopiu.eu\/wp-content\/uploads\/2019\/11\/libri-e-viaggi-696x889.jpg 696w, https:\/\/www.radiopiu.eu\/wp-content\/uploads\/2019\/11\/libri-e-viaggi-329x420.jpg 329w\" alt=\"libri e viaggi, renzo ricci\" width=\"247\" height=\"316\" \/>Un titolo eloquente. Al centro del romanzo infatti \u00abla lotta tra il bene e il male e la metamorfosi dei personaggi principali che mutano come in uno specchio riflesso la loro immagine e il loro ruolo fino alla sorpresa finale\u00bb.<\/p>\n<p>Il romanzo, conclusione della trilogia \u00abche nasce con \u201cSole a mezzanotte\u201d, e prosegue con \u201cMalefica discendenza\u201d\u00bb \u00e8 un thriller.<strong>\u00a0Un viaggio, tra aneddoti, citt\u00e0 e luoghi ricchi di storia<\/strong>.<\/p>\n<h2><span id=\"Libri_e_viaggi_come_in_una_visita_guidata\" class=\"ez-toc-section\">Libri e viaggi: come in una visita guidata<\/span><\/h2>\n<p><em>Cosa ci puoi anticipare della trama?<\/em><\/p>\n<p>\u00abPoco, perch\u00e9 lavoro molto sull\u2019intreccio, non posso svelare molto.\u00a0 \u2013 racconta Ricci \u2013 Ma posso dire che tratto diversi argomenti, utilizzo gli omicidi per raccontare storie di vita, di\u00a0<img loading=\"lazy\" decoding=\"async\" class=\"wp-image-29664 alignright td-animation-stack-type0-2\" title=\"Libri e viaggi: &quot;Giano specchio riflesso&quot; 2\" src=\"https:\/\/www.radiopiu.eu\/wp-content\/uploads\/2019\/11\/open-book-1428428_960_720.jpg\" sizes=\"auto, (max-width: 352px) 100vw, 352px\" srcset=\"https:\/\/www.radiopiu.eu\/wp-content\/uploads\/2019\/11\/open-book-1428428_960_720.jpg 960w, https:\/\/www.radiopiu.eu\/wp-content\/uploads\/2019\/11\/open-book-1428428_960_720-300x225.jpg 300w, https:\/\/www.radiopiu.eu\/wp-content\/uploads\/2019\/11\/open-book-1428428_960_720-768x576.jpg 768w, https:\/\/www.radiopiu.eu\/wp-content\/uploads\/2019\/11\/open-book-1428428_960_720-80x60.jpg 80w, https:\/\/www.radiopiu.eu\/wp-content\/uploads\/2019\/11\/open-book-1428428_960_720-265x198.jpg 265w, https:\/\/www.radiopiu.eu\/wp-content\/uploads\/2019\/11\/open-book-1428428_960_720-696x522.jpg 696w, https:\/\/www.radiopiu.eu\/wp-content\/uploads\/2019\/11\/open-book-1428428_960_720-560x420.jpg 560w\" alt=\"libri e viaggi\" width=\"352\" height=\"264\" \/>storici, religiosi.<\/p>\n<p>Con i miei libri faccio fare un percorso al lettore nelle citt\u00e0 europee e africane\u00a0<strong>come una visita guidata<\/strong>.<\/p>\n<p><em>Questo richiamo a Giano, che \u00e8 la divinit\u00e0 bifronte, vuole significare che ognuno di noi \u00e8 un po\u2019 complesso? Bifronte? C\u2019\u00e8 il bene e il male in ognuno di noi?<\/em><\/p>\n<p>\u00abAssolutamente s\u00ec. Ognuno di noi ha la parte buona e cattiva, sta alla razionalit\u00e0 far emergere quella buona\u00bb.<\/p>\n<h2><span id=\"Libri_e_viaggi_alla_scoperta_delle_citta\" class=\"ez-toc-section\">Libri e viaggi: alla scoperta delle citt\u00e0<\/span><\/h2>\n<p><em>Puoi citarci alcune citt\u00e0 che vengono narrate nel romanzo?<\/em><\/p>\n<p>\u00abNel secondo, \u201cMalefiche discendenze\u201d, parlo delle\u00a0<strong>basiliche,<\/strong>\u00a0che ho visitato personalmente, di Roma e di Istanbul.\u00a0<strong>Una mia prerogativa \u00e8 visitare i posti in cui ambiento le scene<\/strong>. (Le chiamo \u201cscene\u201d \u2013 rivela l\u2019autore \u2013 perch\u00e9 le immagino come scene di un film).<\/p>\n<p><img loading=\"lazy\" decoding=\"async\" class=\"wp-image-29659 alignright td-animation-stack-type0-2\" title=\"Libri e viaggi: &quot;Giano specchio riflesso&quot; 3\" src=\"https:\/\/www.radiopiu.eu\/wp-content\/uploads\/2019\/11\/deb60fbd-7752-4ecc-966d-d4dea703b13a.jpg\" sizes=\"auto, (max-width: 267px) 100vw, 267px\" srcset=\"https:\/\/www.radiopiu.eu\/wp-content\/uploads\/2019\/11\/deb60fbd-7752-4ecc-966d-d4dea703b13a.jpg 879w, https:\/\/www.radiopiu.eu\/wp-content\/uploads\/2019\/11\/deb60fbd-7752-4ecc-966d-d4dea703b13a-192x300.jpg 192w, https:\/\/www.radiopiu.eu\/wp-content\/uploads\/2019\/11\/deb60fbd-7752-4ecc-966d-d4dea703b13a-656x1024.jpg 656w, https:\/\/www.radiopiu.eu\/wp-content\/uploads\/2019\/11\/deb60fbd-7752-4ecc-966d-d4dea703b13a-768x1200.jpg 768w, https:\/\/www.radiopiu.eu\/wp-content\/uploads\/2019\/11\/deb60fbd-7752-4ecc-966d-d4dea703b13a-696x1087.jpg 696w, https:\/\/www.radiopiu.eu\/wp-content\/uploads\/2019\/11\/deb60fbd-7752-4ecc-966d-d4dea703b13a-269x420.jpg 269w\" alt=\"libri e viaggi, giano specchio riflesso\" width=\"267\" height=\"417\" \/>Nell\u2019ultimo libro \u00e8 rappresentata Spalato, la Croazia, Budapest e Malindi. E poi Roma e il porto di Ostia, dove si conclude l\u2019epopea\u00bb.<\/p>\n<p><em>Quindi tu vedi e racconti. Sei scrittore di cose che hai sperimentato sulla tua pelle\u2026<\/em><\/p>\n<h3><span id=\"Libri_e_viaggi_storie_e_curiosita\" class=\"ez-toc-section\">Libri e viaggi, storie e curiosit\u00e0<\/span><\/h3>\n<p>\u00abMi piace visitare il posto che poi racconter\u00f2 e poi mi informo, racconto anche aneddoti storici. Come ad esempio la cronistoria sulla fortezza di Spalato\u00bb.<\/p>\n<p>Poi, nell\u2019ultimo libro \u00abc\u2019\u00e8 un pentagramma nella copertina perch\u00e9 parlo dell\u2019intonazione del\u00a0<em>la,<\/em>\u00a0la nota musicale, per accordare gli strumenti musicali. Pochi sanno, ma i musicisti s\u00ec, \u00e8 stata voluta dai nazisti. Poi parler\u00f2 delle case\u00a0<a href=\"https:\/\/it.wikipedia.org\/wiki\/Progetto_Lebensborn\" target=\"_blank\" rel=\"noopener noreferrer\">Lebensborn<\/a>.<\/p>\n<p><em>Quindi un romanzo emozionante, complesso e anche istruttivo\u2026<\/em><\/p>\n<p>\u00abS\u00ec, mi piace documentarmi e raccontare ci\u00f2 che scopro\u00bb.<\/p>\n<p><strong><em>Ascolta l\u2019intervista a Renzo Ricci nella seconda puntata di \u201cParole in onda\u201d:<\/em><\/strong><\/p>\n<p><iframe loading=\"lazy\" src=\"https:\/\/w.soundcloud.com\/player\/?url=https%3A\/\/api.soundcloud.com\/tracks\/717850786&amp;color=%23ff5500&amp;auto_play=false&amp;hide_related=false&amp;show_comments=true&amp;show_user=true&amp;show_reposts=false&amp;show_teaser=true&amp;visual=true\" width=\"100%\" height=\"300\" frameborder=\"no\" scrolling=\"no\" data-mce-fragment=\"1\"><\/iframe><\/p>\n<p><a href=\"https:\/\/www.diocesidiroma.it\/utsroma\/\/libri-e-cultura-ostia-dalla-bonifica\/\">Riascolta la puntata precedente<\/a><\/p>\n<div class=\"td-g-rec td-g-rec-id-content_bottom td_uid_17_5de4c2999697c_rand td_block_template_1 \"><\/div>\n","protected":false},"excerpt":{"rendered":"<p>Libri e viaggi: Renzo Ricci racconta il suo \u201cGiano specchio riflesso\u201d Nella seconda puntata di \u201cParole in onda\u201d, rubrica di approfondimento culturale a cura della\u00a0parrocchia Santa Monica di Ostia, il giornalista\u00a0Gianni Maritati\u00a0intervista\u00a0Renzo Ricci, autore di\u00a0\u201cGiano specchio riflesso\u201d\u00a0e tra i protagonisti dell\u2019ultima Festa del Libro e della lettura di Ostia. Un titolo eloquente. Al centro del [&hellip;]<\/p>\n","protected":false},"author":6,"featured_media":1841,"comment_status":"open","ping_status":"open","sticky":false,"template":"","format":"standard","meta":{"footnotes":""},"categories":[20],"tags":[],"class_list":["post-1840","post","type-post","status-publish","format-standard","has-post-thumbnail","hentry","category-notizie"],"_links":{"self":[{"href":"https:\/\/www.diocesidiroma.it\/utsroma\/index.php\/wp-json\/wp\/v2\/posts\/1840","targetHints":{"allow":["GET"]}}],"collection":[{"href":"https:\/\/www.diocesidiroma.it\/utsroma\/index.php\/wp-json\/wp\/v2\/posts"}],"about":[{"href":"https:\/\/www.diocesidiroma.it\/utsroma\/index.php\/wp-json\/wp\/v2\/types\/post"}],"author":[{"embeddable":true,"href":"https:\/\/www.diocesidiroma.it\/utsroma\/index.php\/wp-json\/wp\/v2\/users\/6"}],"replies":[{"embeddable":true,"href":"https:\/\/www.diocesidiroma.it\/utsroma\/index.php\/wp-json\/wp\/v2\/comments?post=1840"}],"version-history":[{"count":1,"href":"https:\/\/www.diocesidiroma.it\/utsroma\/index.php\/wp-json\/wp\/v2\/posts\/1840\/revisions"}],"predecessor-version":[{"id":1842,"href":"https:\/\/www.diocesidiroma.it\/utsroma\/index.php\/wp-json\/wp\/v2\/posts\/1840\/revisions\/1842"}],"wp:featuredmedia":[{"embeddable":true,"href":"https:\/\/www.diocesidiroma.it\/utsroma\/index.php\/wp-json\/wp\/v2\/media\/1841"}],"wp:attachment":[{"href":"https:\/\/www.diocesidiroma.it\/utsroma\/index.php\/wp-json\/wp\/v2\/media?parent=1840"}],"wp:term":[{"taxonomy":"category","embeddable":true,"href":"https:\/\/www.diocesidiroma.it\/utsroma\/index.php\/wp-json\/wp\/v2\/categories?post=1840"},{"taxonomy":"post_tag","embeddable":true,"href":"https:\/\/www.diocesidiroma.it\/utsroma\/index.php\/wp-json\/wp\/v2\/tags?post=1840"}],"curies":[{"name":"wp","href":"https:\/\/api.w.org\/{rel}","templated":true}]}}