{"id":1865,"date":"2019-12-06T09:45:49","date_gmt":"2019-12-06T08:45:49","guid":{"rendered":"https:\/\/www.diocesidiroma.it\/utsroma\/\/?p=1865"},"modified":"2019-12-06T09:45:49","modified_gmt":"2019-12-06T08:45:49","slug":"come-prepararsi-al-natale-seraphicum","status":"publish","type":"post","link":"https:\/\/www.diocesidiroma.it\/utsroma\/index.php\/come-prepararsi-al-natale-seraphicum\/","title":{"rendered":"Come prepararsi al Natale: al Seraphicum si medita sul quarto Vangelo"},"content":{"rendered":"<h2><span id=\"Come_prepararsi_al_Natale_il_Prologo_di_Giovanni\" class=\"ez-toc-section\">Come prepararsi al Natale: il Prologo di Giovanni<\/span><\/h2>\n<p><em>Come prepararsi al Natale \u2013<\/em>\u00a0\u201c<strong>Veniva nel mondo la luce vera\u201d. Il Prologo di Giovanni e il mistero del Natale<\/strong>. \u00c8 il tema del nuovo ciclo di incontri biblici del\u00a0<a href=\"https:\/\/www.seraphicum.org\/\" target=\"_blank\" rel=\"noopener noreferrer\">Seraphicum<\/a>, aperti a tutti, in preparazione al Natale. Dopo il primo appuntamento, lo scorso 30 novembre, con un\u00a0<em>focus<\/em>\u00a0sulla Vita e la Luce degli uomini, domani il frate minore conventuale, biblista e docente di Nuovo Testamento,<strong>\u00a0fra Germano Scaglioni<\/strong>\u00a0si soffermer\u00e0 sul \u201cIl Verbo venne ad abitare in mezzo a noi\u201d.<\/p>\n<p>\u00abDa qualche anno qui al Seraphicum si riunisce un gruppo biblico. Ci incontriamo in occasione dei tempi forti dell\u2019anno liturgico quindi durante l\u2019Avvento, il tempo che precede il Natale, e poi durante la Quaresima, il tempo che prepara alla Pasqua\u00bb racconta padre Scaglioni nella puntata di oggi di\u00a0<em>Tutte le Strade.<\/em><\/p>\n<p><img loading=\"lazy\" decoding=\"async\" class=\"wp-image-29812 alignright td-animation-stack-type0-2\" title=\"Come prepararsi al Natale: al Seraphicum si medita sul quarto Vangelo 1\" src=\"https:\/\/www.radiopiu.eu\/wp-content\/uploads\/2019\/12\/1133-scaled.jpg\" sizes=\"auto, (max-width: 461px) 100vw, 461px\" srcset=\"https:\/\/www.radiopiu.eu\/wp-content\/uploads\/2019\/12\/1133-scaled.jpg 1857w, https:\/\/www.radiopiu.eu\/wp-content\/uploads\/2019\/12\/1133-218x300.jpg 218w, https:\/\/www.radiopiu.eu\/wp-content\/uploads\/2019\/12\/1133-743x1024.jpg 743w, https:\/\/www.radiopiu.eu\/wp-content\/uploads\/2019\/12\/1133-768x1059.jpg 768w, https:\/\/www.radiopiu.eu\/wp-content\/uploads\/2019\/12\/1133-1114x1536.jpg 1114w, https:\/\/www.radiopiu.eu\/wp-content\/uploads\/2019\/12\/1133-1485x2048.jpg 1485w, https:\/\/www.radiopiu.eu\/wp-content\/uploads\/2019\/12\/1133-696x960.jpg 696w, https:\/\/www.radiopiu.eu\/wp-content\/uploads\/2019\/12\/1133-1068x1472.jpg 1068w, https:\/\/www.radiopiu.eu\/wp-content\/uploads\/2019\/12\/1133-305x420.jpg 305w\" alt=\"come prepararsi al natale, seraphicum\" width=\"461\" height=\"635\" \/>\u00abQuesto nostro programma si intitola\u00a0<em>In cammino verso il Natale<\/em>\u00a0e abbiamo scelto di meditare sul Prologo di Giovanni che \u00e8 uno dei testi pi\u00f9 importanti e pi\u00f9 belli non solo del quarto Vangelo, il Vangelo di Giovanni, ma di tutto il Nuovo Testamento\u00bb.<\/p>\n<h3><span id=\"In_cammino_verso_il_Natale\" class=\"ez-toc-section\"><em>In cammino verso il Natale<\/em><\/span><\/h3>\n<p>Nell\u2019incontro di domani, 7 dicembre ci si soffermer\u00e0 su \u00ab\u201dIl Verbo venne ad abitare in mezzo a noi. Il versetto 14 del primo capitolo del Vangelo di Giovanni, lo potremmo definire il cuore del Prologo ed \u00e8 la confessione di fede della comunit\u00e0 credente nel mistero dell\u2019incarnazione.<\/p>\n<p>Il\u00a0<em>Logos,<\/em>\u00a0che \u00e8 Dio e viene da Dio, assume la natura umana per abitare in mezzo a noi, per condividere la nostra vita. Non a caso abbiamo scelto questo tema: per accompagnarci, lasciarci guidare durante il tempo di Avvento. Lo vogliamo leggere, meditare, ne faremo il nostro testo di riferimento in questo tempo che precede il Natale ma anche nel tempo successivo. Perch\u00e9 \u00e8 una fonte pura a cui dobbiamo tornare sempre per abbeverarci, ripetere le sue frasi, assaporare le sue parole, e per nutrire il cuore con la verit\u00e0 e la speranza\u00bb.<\/p>\n<h3><span id=\"La_rivelazione_del_Padre\" class=\"ez-toc-section\">La rivelazione del Padre<\/span><\/h3>\n<p><strong><em>Tema dell\u2019ultimo incontro, il prossimo 14 dicembre, sar\u00e0 \u201cLa rivelazione del Padre\u201d\u2026<\/em><\/strong><\/p>\n<p>\u00abQuesta espressione, la rivelazione del Padre, indica la missione di Ges\u00f9 nel Vangelo di Giovanni. Il Verbo della vita \u00e8 il Verbo creatore,\u00a0<em>Salvatore<\/em>\u00a0ma anche\u00a0<em>Rivelatore.<\/em>\u00a0Cosa rivela Ges\u00f9? Non solo se stesso. Ges\u00f9 \u00e8 venuto per rivelare il volto del Padre, il cuore del Padre. Il prologo di Giovanni si chiude con un\u2019espressione molto bella che \u00e8 un\u2019autentica chiave interpretativa per comprendere tutto il quarto Vangelo. Giovanni ci dice: \u201cDio nessuno lo ha mai visto\u201d\u00bb.<\/p>\n<p><img loading=\"lazy\" decoding=\"async\" class=\"alignnone size-full wp-image-29816 td-animation-stack-type0-2\" title=\"Come prepararsi al Natale: al Seraphicum si medita sul quarto Vangelo 2\" src=\"https:\/\/www.radiopiu.eu\/wp-content\/uploads\/2019\/12\/photo-1480717385037-735ebeb9a198.jpg\" sizes=\"auto, (max-width: 749px) 100vw, 749px\" srcset=\"https:\/\/www.radiopiu.eu\/wp-content\/uploads\/2019\/12\/photo-1480717385037-735ebeb9a198.jpg 749w, https:\/\/www.radiopiu.eu\/wp-content\/uploads\/2019\/12\/photo-1480717385037-735ebeb9a198-300x200.jpg 300w, https:\/\/www.radiopiu.eu\/wp-content\/uploads\/2019\/12\/photo-1480717385037-735ebeb9a198-696x465.jpg 696w, https:\/\/www.radiopiu.eu\/wp-content\/uploads\/2019\/12\/photo-1480717385037-735ebeb9a198-629x420.jpg 629w\" alt=\"come prepararsi al natale, seraphicum\" width=\"749\" height=\"500\" \/>\u00abSolo il figlio unigenito che viene dal Padre. Lui lo riveler\u00e0. In altre parole il quarto evangelista ci vuole dire che solo Ges\u00f9, il Verbo incarnato, pu\u00f2 farci conoscere Dio come Padre.<\/p>\n<p>Il verbo utilizzato \u00e8 molto bello e si pu\u00f2 tradurre cos\u00ec: Ges\u00f9 \u00e8\u00a0<em>l\u2019esegeta<\/em>\u00a0del Padre, colui che ci introduce nel mistero del padre, un mistero di amore, un mistero che ci avvolge, che ci accompagna e noi accediamo a questo mistero di amore tramite il Verbo eterno, ossia il Signore nostro Ges\u00f9 Cristo\u00bb.<\/p>\n<h2><span id=\"Come_prepararsi_al_Natale_il_credente_e_colui_che_attende\" class=\"ez-toc-section\">Come prepararsi al Natale: il credente \u00e8 colui che attende<\/span><\/h2>\n<p><strong><em>Quanto \u00e8 importante soffermarsi a riflettere su queste tematiche in un mondo che va sempre pi\u00f9 di corsa?\u00a0<\/em><\/strong><\/p>\n<p>\u00abOggi pi\u00f9 che mai \u00e8 necessario prepararsi al Natale, perch\u00e9 il Natale non ci colga di sorpresa. Il rischio \u00e8 che, come tutti, anche noi ci lasciamo trascinare dalle cose urgenti e\u00a0<img loading=\"lazy\" decoding=\"async\" class=\"size-full wp-image-29829 alignright td-animation-stack-type0-2\" title=\"Come prepararsi al Natale: al Seraphicum si medita sul quarto Vangelo 3\" src=\"https:\/\/www.radiopiu.eu\/wp-content\/uploads\/2019\/12\/photo-1475113548554-5a36f1f523d6.jpg\" sizes=\"auto, (max-width: 334px) 100vw, 334px\" srcset=\"https:\/\/www.radiopiu.eu\/wp-content\/uploads\/2019\/12\/photo-1475113548554-5a36f1f523d6.jpg 334w, https:\/\/www.radiopiu.eu\/wp-content\/uploads\/2019\/12\/photo-1475113548554-5a36f1f523d6-200x300.jpg 200w, https:\/\/www.radiopiu.eu\/wp-content\/uploads\/2019\/12\/photo-1475113548554-5a36f1f523d6-280x420.jpg 280w\" alt=\"come prepararsi al natale, tramonto \" width=\"334\" height=\"501\" \/>trascuriamo quelle importanti.<\/p>\n<p>Come prepararsi al Natale? \u00abNoi prepariamo il cuore ma ancora di pi\u00f9 la vita ad accogliere il Signore che viene per portare la luce e la gioia e poi perch\u00e9 ci prepariamo ancora di pi\u00f9 a vivere nell\u2019attesa del suo ritorno nella gloria\u00bb.<\/p>\n<p>Due gli aspetti \u00abche ci sono suggeriti dalla spiritualit\u00e0 dell\u2019Avvento e che ci toccano molto da vicino: fare memoria di ci\u00f2 che \u00e8 accaduto 20 secoli fa, quando il Verbo \u00e8 divenuto carne, cio\u00e8 uno di noi, ma al tempo stesso ricordarci che il<strong>\u00a0credente \u00e8 colui che attende<\/strong>. \u00c8 colui che nella speranza attende il ritorno del suo creatore, del suo Salvatore e del Rivelatore\u00bb.<\/p>\n<p><strong><em>Riascolta l\u2019intervista a padre Germano Scaglioni nella puntata di oggi di \u201cTutte le strade\u201d:<\/em><\/strong><\/p>\n<p><iframe loading=\"lazy\" src=\"https:\/\/w.soundcloud.com\/player\/?url=https%3A\/\/api.soundcloud.com\/tracks\/723535954&amp;color=%23ff5500&amp;auto_play=false&amp;hide_related=false&amp;show_comments=true&amp;show_user=true&amp;show_reposts=false&amp;show_teaser=true&amp;visual=true\" width=\"100%\" height=\"300\" frameborder=\"no\" scrolling=\"no\" data-mce-fragment=\"1\"><\/iframe><\/p>\n<p>Leggi anche &#8211; <a href=\"https:\/\/www.diocesidiroma.it\/utsroma\/\/ciclopellegrinaggio-divino-amore-2019\/\">Divino Amore: l\u20198 dicembre torna lo storico pellegrinaggio in bici<\/a><\/p>\n","protected":false},"excerpt":{"rendered":"<p>Come prepararsi al Natale: il Prologo di Giovanni Come prepararsi al Natale \u2013\u00a0\u201cVeniva nel mondo la luce vera\u201d. Il Prologo di Giovanni e il mistero del Natale. \u00c8 il tema del nuovo ciclo di incontri biblici del\u00a0Seraphicum, aperti a tutti, in preparazione al Natale. Dopo il primo appuntamento, lo scorso 30 novembre, con un\u00a0focus\u00a0sulla Vita [&hellip;]<\/p>\n","protected":false},"author":6,"featured_media":1866,"comment_status":"open","ping_status":"open","sticky":false,"template":"","format":"standard","meta":{"footnotes":""},"categories":[20],"tags":[],"class_list":["post-1865","post","type-post","status-publish","format-standard","has-post-thumbnail","hentry","category-notizie"],"_links":{"self":[{"href":"https:\/\/www.diocesidiroma.it\/utsroma\/index.php\/wp-json\/wp\/v2\/posts\/1865","targetHints":{"allow":["GET"]}}],"collection":[{"href":"https:\/\/www.diocesidiroma.it\/utsroma\/index.php\/wp-json\/wp\/v2\/posts"}],"about":[{"href":"https:\/\/www.diocesidiroma.it\/utsroma\/index.php\/wp-json\/wp\/v2\/types\/post"}],"author":[{"embeddable":true,"href":"https:\/\/www.diocesidiroma.it\/utsroma\/index.php\/wp-json\/wp\/v2\/users\/6"}],"replies":[{"embeddable":true,"href":"https:\/\/www.diocesidiroma.it\/utsroma\/index.php\/wp-json\/wp\/v2\/comments?post=1865"}],"version-history":[{"count":1,"href":"https:\/\/www.diocesidiroma.it\/utsroma\/index.php\/wp-json\/wp\/v2\/posts\/1865\/revisions"}],"predecessor-version":[{"id":1867,"href":"https:\/\/www.diocesidiroma.it\/utsroma\/index.php\/wp-json\/wp\/v2\/posts\/1865\/revisions\/1867"}],"wp:featuredmedia":[{"embeddable":true,"href":"https:\/\/www.diocesidiroma.it\/utsroma\/index.php\/wp-json\/wp\/v2\/media\/1866"}],"wp:attachment":[{"href":"https:\/\/www.diocesidiroma.it\/utsroma\/index.php\/wp-json\/wp\/v2\/media?parent=1865"}],"wp:term":[{"taxonomy":"category","embeddable":true,"href":"https:\/\/www.diocesidiroma.it\/utsroma\/index.php\/wp-json\/wp\/v2\/categories?post=1865"},{"taxonomy":"post_tag","embeddable":true,"href":"https:\/\/www.diocesidiroma.it\/utsroma\/index.php\/wp-json\/wp\/v2\/tags?post=1865"}],"curies":[{"name":"wp","href":"https:\/\/api.w.org\/{rel}","templated":true}]}}