{"id":1881,"date":"2019-12-12T20:34:20","date_gmt":"2019-12-12T19:34:20","guid":{"rendered":"https:\/\/www.utsroma.it\/?p=1876"},"modified":"2020-03-11T18:38:07","modified_gmt":"2020-03-11T17:38:07","slug":"sport-e-salute-per-comunicare-non-basta-un-click","status":"publish","type":"post","link":"https:\/\/www.diocesidiroma.it\/utsroma\/index.php\/sport-e-salute-per-comunicare-non-basta-un-click\/","title":{"rendered":"Sport e salute: \u201cPer comunicare non basta un click\u201d"},"content":{"rendered":"<h2>Sport e salute: la corretta informazione<\/h2>\n<p><em>Sport e salute &#8211;<\/em> In un mondo sempre pi\u00f9 a portata di click diventa, paradossalmente, meno facile comunicare e trasmettere informazioni in modo esatto ed esaustivo. Le fake news, poi, e i luoghi comuni, soprattutto se si ha a che fare con la salute e la pratica sportiva, sono sempre in agguato.<\/p>\n<p><img loading=\"lazy\" decoding=\"async\" class=\"size-medium wp-image-1877 alignright\" src=\"https:\/\/www.utsroma.it\/wp-content\/uploads\/2019\/12\/sport-e-salute-300x200.jpg\" alt=\"sport e salute\" width=\"300\" height=\"200\" \/>\u00c8 uno degli aspetti emerso questa mattina da <strong><em>Per comunicare non basta un click. Lo sport e la corretta informazione medico-scientifica<\/em><\/strong> incontro organizzato al Vicariato di Roma dall\u2019<a href=\"http:\/\/www.utsroma.it\">Ufficio diocesano per la pastorale del tempo libero<\/a>, del turismo e dello sport, dall\u2019Unione stampa sportiva italiana e dall\u2019Ordine dei giornalisti.<\/p>\n<p><strong><em>Ascolta la puntata di oggi di Radiopi\u00f9 Sport:\u00a0<\/em><\/strong><\/p>\n<p><iframe loading=\"lazy\" src=\"https:\/\/widget.spreaker.com\/player?episode_id=22718942&#038;theme=light&#038;playlist=false&#038;playlist-continuous=false&#038;autoplay=false&#038;live-autoplay=false&#038;chapters-image=true&#038;episode_image_position=right&#038;hide-logo=false&#038;hide-likes=false&#038;hide-comments=false&#038;hide-sharing=false&#038;hide-download=false\" width=\"100%\" height=\"200px\" frameborder=\"0\"><\/iframe><\/p>\n<h2>Sport e salute: Ricciardi, comunicare con umanit\u00e0<\/h2>\n<p>Sport e salute. Come comportarsi dunque? Non fermarsi alla superficie, alla cronaca, ma scavare in profondit\u00e0, comunicare entrando nel cuore dell&#8217;uomo, tenere conto del linguaggio dell&#8217;anima. \u00c8 il suggerimento dato, a chi si occupa di comunicazione, dal <strong>vescovo Paolo Ricciardi, delegato del centro per la pastorale sanitaria del Vicariato di Roma<\/strong>.<\/p>\n<p>\u00abQuando si parla di comunicazione nel mondo di oggi siamo tutti in difficolt\u00e0. Tutti comunicano in realt\u00e0 non comunica nessuno. Soprattutto per quanto riguarda la salute &#8211; ha precisato monsignor Ricciardi ai nostri microfoni &#8211; la malattia, il mondo dello sport, \u00e8 necessario avere una corretta informazione. Avere qualcuno, un interlocutore che sappia che non si tratta solamente di un fisico, di un corpo, ma dell&#8217;interesse di una persona con un&#8217;anima, con uno spirito. Quanto fa il comunicare bene, il modo con cui si comunica, l&#8217;umanit\u00e0 con cui un medico o anche un giornalista racconta quello che \u00e8 successo.<\/p>\n<p>Di estrema importanza \u00e8 poi il linguaggio sportivo. \u00abLo stesso San Paolo si paragona ad un atleta che deve conquistare un premio. O ancora teologi come lo stesso papa Benedetto ha utilizzato l&#8217;immagine dello sport per dire che l&#8217;uomo ha bisogno delle regole, di prendere sul serio il gioco. La gioiosit\u00e0 e le regole vanno di pari passo per vivere bene e anticipare la beatitudine eterna\u00bb.<\/p>\n<h2>Sport e salute: medici e mass media<\/h2>\n<p>Sport e salute. \u00ab\u00c8 importante comprendere per conoscere, conoscere per decidere\u00bb, \u00e8 ancora il messaggio <img loading=\"lazy\" decoding=\"async\" class=\"wp-image-29888 alignright\" src=\"https:\/\/www.radiopiu.eu\/wp-content\/uploads\/2019\/12\/e6977404-5bab-411e-96e1-71f195c7a259.jpg\" alt=\"sport e salute\" width=\"403\" height=\"302\" \/>lanciato da <strong>Gianni Bondini<\/strong>, stella d\u2019oro al merito sportivo del Coni.<\/p>\n<p>\u00ab\u00c8 necessario implementare la comunicazione tra medici-mass media\u00bb, e verificare le fonti hanno sottolineato <strong>Marzia Duse<\/strong> e <strong>Lucia Leonardi<\/strong> del dipartimento di Pediatria e Neuropsichiatria infantile della Sapienza di Roma, che, soffermandosi sul tema delle vaccinazioni hanno messo in evidenza come \u00abricorrere all\u2019obbligatoriet\u00e0 (del vaccino, Ndr) ha segnato una sconfitta della comunicazione, la quale deve fornire messaggi chiari, anzich\u00e9 interpretare i dubbi\u00bb.<\/p>\n<h2><span style=\"color: #000000;\">Sport e salute: Maffei, &#8220;No al sentito dire&#8221;<\/span><\/h2>\n<p>Onde evitare di incorrere in gravi problemi di salute, \u00abnon si pu\u00f2 andare avanti con il sentito dire\u00bb, ha ribadito <strong>Michele Maffei<\/strong>, presidente dell&#8217;Associazione Medaglie d&#8217;Oro al Valore Atletico, consigliere nazionale Coni e medaglia d&#8217;oro olimpica e mondiale sciabola a squadre.<\/p>\n<p><span style=\"color: #000000;\">\u00abIl progetto di fare dello sport, solidariet\u00e0, educazione e anche salute \u00e8 fondamentale. L&#8217;importante\u00a0 &#8211; ha precisato a Radiopi\u00f9 Roma &#8211; \u00e8 che venga seguito con una serie di professionisti ed esperti con le strutture adeguate per far si che non si facciano errori in buona fede o dei danni.<\/span><\/p>\n<p><span style=\"color: #000000;\"> La progressivit\u00e0, la cautela, il rispetto del proprio fisico, significa anche avere molta pazienza e non le soluzioni in mano in poco tempo: dimagrimento, potenziamento, attivit\u00e0 fisica, ciclismo, vanno seguite giorno per giorno con il medico di fiducia e vanno valutate sulla nostra esperienza diretta\u00bb. Mai dunque affidarsi ai \u00abpersonaggi che cercano con il fitness e attivit\u00e0 nuove di proporre soluzioni magiche che non esistono\u00bb.<\/span><\/p>\n<h3>Quando lo sport non educa, degenera<\/h3>\n<p>Cos\u00ec accade che quando lo sport non educa, degenera. E si incorre in fenomeni, difficili da estirpare, come la pratica del <strong>doping<\/strong>, in aumento soprattutto negli sport amatoriali. Cultura e convincimento dei propri mezzi sono gli strumenti in grado di arginarlo, ha sottolineato il procuratore capo della federazione ciclistica italiana, <strong>Giovanni Grauso<\/strong>.<\/p>\n<p>A fargli eco\u00a0<strong>Daniele Pasquini<\/strong>, presidente del comitato provinciale del<strong> Centro Sportivo Italiano<\/strong> che, per contrastare il fenomeno, ha avviato una collaborazione con Federfarma Roma.<\/p>\n<p><img loading=\"lazy\" decoding=\"async\" class=\"wp-image-29889 alignright\" src=\"https:\/\/www.radiopiu.eu\/wp-content\/uploads\/2019\/12\/278f609b-3647-49f1-a91d-aad596a18333.jpg\" alt=\"sport e salute\" width=\"451\" height=\"338\" \/>\u00abIl problema del doping bisogna provare ad affrontarlo su due piani: quello dei controlli e quello delle sanzioni. &#8211; spiega ai nostri microfoni &#8211; Purtroppo questo piano riguarda solo la punta dell&#8217;iceberg del mondo dello sport perch\u00e9 coinvolge solo quello professionistico.<\/p>\n<p>Il problema del doping si sta diffondendo soprattutto alla base. \u00c8 un problema sommerso, e per il suo essere immerso nell&#8217;acqua, non lo si vede e lo si tende a trascurare.<\/p>\n<p>Il mondo sportivo dilettantistico, giovanile, amatoriale oggi \u00e8 sempre pi\u00f9 pieno di doping. Bisogna far s\u00ec che i nostri ragazzi capiscano che attraverso lo sport possano raggiungere i loro obiettivi con le loro forza. Non si tratta di andare oltre i propri limiti come promette il doping ma si tratta di scoprire i propri limiti, lavorarci sopra, e spostarli con l&#8217;allenamento e il sacrificio.<\/p>\n<p>Questa \u00e8 secondo me la grande battaglia culturale che deve partire dal mondo delle famiglie, dal mondo delle societ\u00e0 sportive di base, allenatori, dirigenti. Tutti insieme bisogna mettersi a testa bassa per cercare di cambiare questa cultura. Io dico che bisogna far s\u00ec che il doping sia messo fuori gioco dal punto di vista culturale\u00bb.<\/p>\n<h3>CSI:<em> La Notte dei Capitani<\/em><\/h3>\n<p>Esempio concreto \u00e8 proprio la <strong><em>Notte dei Capitani<\/em><\/strong> l&#8217;evento targato CSI, in programma sabato 14 dicembre in via Montona.\u00a0 Sar\u00e0 chiesto a ciascun capitano di prestare il \u201cgiuramento del capitano\u201d, di impegnarsi cio\u00e8\u00a0 di fronte al proprio presidente di societ\u00e0 e di fronte a tutta l\u2019Associazione a dare testimonianza di lealt\u00e0, onest\u00e0, correttezza, fairplay dentro e fuori dal campo, verso i propri compagni e avversari, con se stesso e con gli altri.<\/p>\n<p><img loading=\"lazy\" decoding=\"async\" class=\"alignnone size-full wp-image-29890\" src=\"https:\/\/www.radiopiu.eu\/wp-content\/uploads\/2019\/12\/78088024_3002533696426739_8747814574733918208_o.jpg\" alt=\"sport e salute, la notte dei capitani\" width=\"960\" height=\"324\" \/><\/p>\n<p>\u00abStiamo investendo tanto sulla formazione oltre che dei dirigenti e degli allenatori anche sui capitani delle squadre giovanili perch\u00e9\u00a0 &#8211; aggiunge Pasquini\u00a0 &#8211; sono oggi, figure di leadership all&#8217;interno della squadra e probabilmente domani saranno i futuri allenatori, dirigenti delle societ\u00e0 sportive.<\/p>\n<p>Se i nostri capitani riusciranno a fare propri alcuni ideali, alcuni valori e li trasmetteranno ai propri <img loading=\"lazy\" decoding=\"async\" class=\"wp-image-29891 alignright\" src=\"https:\/\/www.radiopiu.eu\/wp-content\/uploads\/2019\/12\/77319065_2608477882568142_3068157149717725184_o.jpg\" alt=\"sport e salute, polisportive giovanili salesiane\" width=\"365\" height=\"516\" \/>compagni di strada, allora probabilmente possiamo guardare con ottimismo al futuro\u00bb.<\/p>\n<h3>Gli altri appuntamenti della settimana<\/h3>\n<p>Le Polisportive giovanili salesiane organizzano per domenica 15 dicembre alle ore 10 il trofeo di atletica A<strong><em>more a prima pista<\/em><\/strong> all&#8217;oratorio borgo don Bosco.<\/p>\n<p>Sempre domenica, \u00e8 in programma<em>\u00a0<a href=\"https:\/\/www.radiopiu.eu\/festa-del-rugby-padel-afmal\/\">I torneo di Padel<\/a>: il torneo che fa bene al cuore<\/em>. A organizzarlo l\u2019<strong>A.F.Ma.L.<\/strong>, l\u2019associazione con i Fatebenefratelli per i Malati lontani\u00a0 a partire dal circolo Due Ponti club.<\/p>\n<p>&nbsp;<\/p>\n","protected":false},"excerpt":{"rendered":"<p>Sport e salute: la corretta informazione Sport e salute &#8211; In un mondo sempre pi\u00f9 a portata di click diventa, paradossalmente, meno facile comunicare e trasmettere informazioni in modo esatto ed esaustivo. Le fake news, poi, e i luoghi comuni, soprattutto se si ha a che fare con la salute e la pratica sportiva, sono [&hellip;]<\/p>\n","protected":false},"author":6,"featured_media":1878,"comment_status":"open","ping_status":"open","sticky":false,"template":"","format":"standard","meta":{"footnotes":""},"categories":[20],"tags":[],"class_list":["post-1881","post","type-post","status-publish","format-standard","has-post-thumbnail","hentry","category-notizie"],"_links":{"self":[{"href":"https:\/\/www.diocesidiroma.it\/utsroma\/index.php\/wp-json\/wp\/v2\/posts\/1881","targetHints":{"allow":["GET"]}}],"collection":[{"href":"https:\/\/www.diocesidiroma.it\/utsroma\/index.php\/wp-json\/wp\/v2\/posts"}],"about":[{"href":"https:\/\/www.diocesidiroma.it\/utsroma\/index.php\/wp-json\/wp\/v2\/types\/post"}],"author":[{"embeddable":true,"href":"https:\/\/www.diocesidiroma.it\/utsroma\/index.php\/wp-json\/wp\/v2\/users\/6"}],"replies":[{"embeddable":true,"href":"https:\/\/www.diocesidiroma.it\/utsroma\/index.php\/wp-json\/wp\/v2\/comments?post=1881"}],"version-history":[{"count":1,"href":"https:\/\/www.diocesidiroma.it\/utsroma\/index.php\/wp-json\/wp\/v2\/posts\/1881\/revisions"}],"predecessor-version":[{"id":2021,"href":"https:\/\/www.diocesidiroma.it\/utsroma\/index.php\/wp-json\/wp\/v2\/posts\/1881\/revisions\/2021"}],"wp:featuredmedia":[{"embeddable":true,"href":"https:\/\/www.diocesidiroma.it\/utsroma\/index.php\/wp-json\/"}],"wp:attachment":[{"href":"https:\/\/www.diocesidiroma.it\/utsroma\/index.php\/wp-json\/wp\/v2\/media?parent=1881"}],"wp:term":[{"taxonomy":"category","embeddable":true,"href":"https:\/\/www.diocesidiroma.it\/utsroma\/index.php\/wp-json\/wp\/v2\/categories?post=1881"},{"taxonomy":"post_tag","embeddable":true,"href":"https:\/\/www.diocesidiroma.it\/utsroma\/index.php\/wp-json\/wp\/v2\/tags?post=1881"}],"curies":[{"name":"wp","href":"https:\/\/api.w.org\/{rel}","templated":true}]}}