{"id":1882,"date":"2019-12-13T09:35:05","date_gmt":"2019-12-13T08:35:05","guid":{"rendered":"https:\/\/www.utsroma.it\/?p=1880"},"modified":"2019-12-13T09:35:05","modified_gmt":"2019-12-13T08:35:05","slug":"coro-diocesi-di-roma-concerto-di-natale-don-bosco","status":"publish","type":"post","link":"https:\/\/www.diocesidiroma.it\/utsroma\/index.php\/coro-diocesi-di-roma-concerto-di-natale-don-bosco\/","title":{"rendered":"Coro Diocesi di Roma: concerto di Natale alla parrocchia don Bosco"},"content":{"rendered":"<h2>Coro Diocesi di Roma: concerto a San Giovanni Bosco<\/h2>\n<p>Non solo il tradizionale appuntamento alla <strong>Basilica di San Giovanni in Laterano<\/strong> domenica <strong>15 dicembre<\/strong>. Il <strong>coro della Diocesi di Roma<\/strong>, diretto da monsignor Marco Frisina, <img loading=\"lazy\" decoding=\"async\" class=\"wp-image-29875 alignright\" src=\"https:\/\/www.radiopiu.eu\/wp-content\/uploads\/2019\/12\/49213380_1447615778703898_1751681495182868480_o.jpg\" alt=\"coro diocesi di roma, frisina\" width=\"401\" height=\"267\" \/>eseguir\u00e0 il concerto di Natale anche alla <a href=\"https:\/\/www.parrocchiadonbosco.it\/\"><strong>Basilica di San Giovanni Bosco a Cinecitt\u00e0<\/strong><\/a>.<\/p>\n<p>L&#8217;appuntamento \u00e8 per venerd\u00ec<strong> 20 dicembre<\/strong> alle ore 20.30.<\/p>\n<p>L&#8217;idea \u00e8 quella di coinvolgere anche i cori della parrocchia, tra cui quello dei <a href=\"https:\/\/www.utsroma.it\/cantate-inni-con-arte-al-via-la-quarta-edizione\/\">Giovani &amp; Universitari<\/a> che lo scorso ottobre ha vinto, con il brano inedito, Mostrami Signore, la terza edizione del Festival <em>Cantate Inni con Arte<\/em>.<\/p>\n<h2>Coro Diocesi di Roma: Capitani, &#8220;Quale migliore occasione?&#8221;<\/h2>\n<p>Ne abbiamo parlato, nella puntata di oggi di <em><strong>Tutte le strade<\/strong>,<\/em> con <strong>Alessandro Capitani<\/strong>, uno dei tre organisti e responsabile dei concerti della Basilica in via dei Salesiani.<\/p>\n<p>\u00abAbbiamo chiesto al coro della Diocesi di Roma di fare questo concerto di Natale perch\u00e9 la Basilica \u00e8 stata riaperta da un mese e mezzo circa dopo 5 anni di lavori. \u00c8 stata sempre agibile per\u00f2 tutta la parte in fondo era occupata da un grande ponteggio.<\/p>\n<p>Cos\u00ec abbiamo ripreso a fare la nostra rassegna concertistica, che facciamo dal 2000, almeno una volta l&#8217;anno. Quale migliore occasione di cominciare con il concerto di Natale con il coro della Diocesi?\u00bb<\/p>\n<h3>Verso il Natale: preghiera e musica<\/h3>\n<p><strong><em>L&#8217;Avvento \u00e8 tempo di riflessione, meditazione. Quanto \u00e8 importante pregare anche attraverso la musica?\u00a0<\/em><\/strong><\/p>\n<p><img loading=\"lazy\" decoding=\"async\" class=\"wp-image-29876 alignleft\" src=\"https:\/\/www.radiopiu.eu\/wp-content\/uploads\/2019\/12\/angel-1210727_960_720-1.jpg\" alt=\"coro diocesi roma, angelo, musica\" width=\"310\" height=\"229\" \/>\u00ab\u00c8 molto importante perch\u00e9 ci sono tanti spunti che possono aiutare a entrare meglio in questo cammino. Noi, infatti, da quest&#8217;anno abbiamo ripreso a fare i vespri d&#8217;organo d&#8217;Avvento.<\/p>\n<p>Si tratta di un quarto d&#8217;ora ogni domenica, tra una Messa e l&#8217;altra, con delle musiche a tema di quel giorno. Ci siamo resi conto che aiuta molte persone a entrare in intimit\u00e0 con questo tempo forte\u00bb.<\/p>\n<h2>Coro Diocesi di Roma: prima tappa della rassegna natalizia<\/h2>\n<p><em><strong>L&#8217;evento del 20 dicembre, non \u00e8 un incontro a se stante ma si inserisce in una rassegna concertistica nell&#8217;ambito 60esimo anniversario della dedicazione della Basilica e della benedizione del grande organo&#8230;<\/strong><\/em><\/p>\n<p><img loading=\"lazy\" decoding=\"async\" class=\"wp-image-29873 size-full alignright\" src=\"https:\/\/www.radiopiu.eu\/wp-content\/uploads\/2019\/12\/LocandinaOrgano-26ed.stampa3-212x300.jpg\" alt=\"coro diocesi di roma, parrocchia don bosco\" width=\"212\" height=\"300\" \/><\/p>\n<p>Non solo il Coro Diocesi di Roma. \u00abIl concerto del 20 apre la rassegna natalizia che continuer\u00e0 con due concerti d&#8217;organo che termineranno il prossimo 11 gennaio, sempre in Basilica.<\/p>\n<p>Il <strong>4 gennaio<\/strong> alle 19.30 ci sar\u00e0 il secondo organista, di Santa Maria Maggiore, Davide Bucci.\u00a0L&#8217;<strong>11 gennaio<\/strong>, invece, ci sar\u00e0 Federico Vallini, un affezionato alla nostra Basilica. Attualmente insegna organo al Conservatorio di Firenze ed organista a Santa Maria degli Angeli, a Roma.<\/p>\n<p>Si tratta di 2 concerti in tema. &#8211; precisa Capitani &#8211; il Maestro Bucci far\u00e0 un concerto ancora all&#8217;interno del tempo natalizio. Il maestro Vallini far\u00e0 un percorso sulle musiche di Bach\u00bb.<\/p>\n<p><em><strong>L&#8217;evento del 20 dicembre sar\u00e0 trasmesso in diretta Facebook sulla <a href=\"https:\/\/www.facebook.com\/radiopiunetwork\/\">pagina di Radiopi\u00f9 Roma<\/a><\/strong>. <\/em><strong><em>Riascolta l&#8217;intervista ad Alessandro Capitani nella puntata di oggi di Tutte le Strade:<\/em><\/strong><\/p>\n<p>&nbsp;<\/p>\n<p><iframe loading=\"lazy\" src=\"https:\/\/w.soundcloud.com\/player\/?url=https%3A\/\/api.soundcloud.com\/tracks\/726929683&amp;color=%23ff5500&amp;auto_play=false&amp;hide_related=false&amp;show_comments=true&amp;show_user=true&amp;show_reposts=false&amp;show_teaser=true&amp;visual=true\" width=\"100%\" height=\"300\" frameborder=\"no\" scrolling=\"no\" data-mce-fragment=\"1\"><\/iframe><\/p>\n","protected":false},"excerpt":{"rendered":"<p>Coro Diocesi di Roma: concerto a San Giovanni Bosco Non solo il tradizionale appuntamento alla Basilica di San Giovanni in Laterano domenica 15 dicembre. Il coro della Diocesi di Roma, diretto da monsignor Marco Frisina, eseguir\u00e0 il concerto di Natale anche alla Basilica di San Giovanni Bosco a Cinecitt\u00e0. L&#8217;appuntamento \u00e8 per venerd\u00ec 20 dicembre [&hellip;]<\/p>\n","protected":false},"author":6,"featured_media":1881,"comment_status":"open","ping_status":"open","sticky":false,"template":"","format":"standard","meta":{"footnotes":""},"categories":[20],"tags":[],"class_list":["post-1882","post","type-post","status-publish","format-standard","has-post-thumbnail","hentry","category-notizie"],"_links":{"self":[{"href":"https:\/\/www.diocesidiroma.it\/utsroma\/index.php\/wp-json\/wp\/v2\/posts\/1882","targetHints":{"allow":["GET"]}}],"collection":[{"href":"https:\/\/www.diocesidiroma.it\/utsroma\/index.php\/wp-json\/wp\/v2\/posts"}],"about":[{"href":"https:\/\/www.diocesidiroma.it\/utsroma\/index.php\/wp-json\/wp\/v2\/types\/post"}],"author":[{"embeddable":true,"href":"https:\/\/www.diocesidiroma.it\/utsroma\/index.php\/wp-json\/wp\/v2\/users\/6"}],"replies":[{"embeddable":true,"href":"https:\/\/www.diocesidiroma.it\/utsroma\/index.php\/wp-json\/wp\/v2\/comments?post=1882"}],"version-history":[{"count":0,"href":"https:\/\/www.diocesidiroma.it\/utsroma\/index.php\/wp-json\/wp\/v2\/posts\/1882\/revisions"}],"wp:featuredmedia":[{"embeddable":true,"href":"https:\/\/www.diocesidiroma.it\/utsroma\/index.php\/wp-json\/wp\/v2\/posts\/1881"}],"wp:attachment":[{"href":"https:\/\/www.diocesidiroma.it\/utsroma\/index.php\/wp-json\/wp\/v2\/media?parent=1882"}],"wp:term":[{"taxonomy":"category","embeddable":true,"href":"https:\/\/www.diocesidiroma.it\/utsroma\/index.php\/wp-json\/wp\/v2\/categories?post=1882"},{"taxonomy":"post_tag","embeddable":true,"href":"https:\/\/www.diocesidiroma.it\/utsroma\/index.php\/wp-json\/wp\/v2\/tags?post=1882"}],"curies":[{"name":"wp","href":"https:\/\/api.w.org\/{rel}","templated":true}]}}