{"id":1893,"date":"2019-12-20T09:26:31","date_gmt":"2019-12-20T08:26:31","guid":{"rendered":"https:\/\/www.utsroma.it\/?p=1893"},"modified":"2020-03-04T07:44:17","modified_gmt":"2020-03-04T06:44:17","slug":"canti-di-natale-san-giuliano","status":"publish","type":"post","link":"https:\/\/www.diocesidiroma.it\/utsroma\/index.php\/canti-di-natale-san-giuliano\/","title":{"rendered":"Canti di Natale: il concerto spirituale a San Giuliano"},"content":{"rendered":"<h2><span id=\"Canti_di_Natale_San_Giuliano_si_ispira_al_Kings_College\" class=\"ez-toc-section\">Canti di Natale: San Giuliano si ispira al King\u2019s College<\/span><\/h2>\n<p>Una preparazione al Natale all\u2019insegna della musica. \u00c8 quella che sta vivendo la parrocchia di San Giuliano, in via Cassia. Non solo\u00a0<em>Preludio di Avvento<\/em>, le meditazioni organistiche\u00a0<em>ante missam<\/em>. Domenica prossima,\u00a0<strong>22 dicembre<\/strong>, alle ore 20, torna, per il secondo anno consecutivo<em>\u00a0<strong>Letture e canti di Natale<\/strong>\u00a0<\/em>ispirato al\u00a0<strong><em><a href=\"https:\/\/it.wikipedia.org\/wiki\/Nine_Lessons_and_Carols\" target=\"_blank\" rel=\"noopener noreferrer\">Festival of Nine Lessons and Carols\u00a0<\/a><\/em><\/strong>di\u00a0<img loading=\"lazy\" decoding=\"async\" class=\"wp-image-29952 alignright td-animation-stack-type0-2\" title=\"Canti di Natale: il concerto spirituale a San Giuliano 1\" src=\"https:\/\/www.radiopiu.eu\/wp-content\/uploads\/2019\/12\/60a8e615-218a-4ae1-b4bb-bbf7f37f6bea-1.jpg\" sizes=\"auto, (max-width: 436px) 100vw, 436px\" srcset=\"https:\/\/www.radiopiu.eu\/wp-content\/uploads\/2019\/12\/60a8e615-218a-4ae1-b4bb-bbf7f37f6bea-1.jpg 895w, https:\/\/www.radiopiu.eu\/wp-content\/uploads\/2019\/12\/60a8e615-218a-4ae1-b4bb-bbf7f37f6bea-1-245x300.jpg 245w, https:\/\/www.radiopiu.eu\/wp-content\/uploads\/2019\/12\/60a8e615-218a-4ae1-b4bb-bbf7f37f6bea-1-835x1024.jpg 835w, https:\/\/www.radiopiu.eu\/wp-content\/uploads\/2019\/12\/60a8e615-218a-4ae1-b4bb-bbf7f37f6bea-1-768x941.jpg 768w, https:\/\/www.radiopiu.eu\/wp-content\/uploads\/2019\/12\/60a8e615-218a-4ae1-b4bb-bbf7f37f6bea-1-696x853.jpg 696w, https:\/\/www.radiopiu.eu\/wp-content\/uploads\/2019\/12\/60a8e615-218a-4ae1-b4bb-bbf7f37f6bea-1-343x420.jpg 343w\" alt=\"canti di natale, san giuliano \" width=\"436\" height=\"534\" \/>tradizione anglofona.<\/p>\n<p>\u00abNel luogo dove \u00e8 nato, al <a href=\"https:\/\/www.kings.cam.ac.uk\/choir\/listen-to-the-choir\/recordings\/festival-nine-lessons-carols-centenary-service\">King\u2019s College<\/a>, \u00e8 un appuntamento fisso \u2013 racconta ai nostri microfoni\u00a0<strong>Agostino Maria Greco, direttore del coro e organista della parrocchia<\/strong>\u00a0nella puntata odierna di\u00a0<em>Tutte le strade<\/em>.\u00a0 \u2013 Lo fanno la Vigilia di Natale, alle 4 del pomeriggio. \u00c8 una vera e propria liturgia, \u00e8 un\u00a0<strong>alternarsi di letture e brani, di carols<\/strong>\u00bb.<\/p>\n<p>Su questo modello dunque, si ripercorreranno\u00a0<strong>le tappe principali della storia della salvezza<\/strong>. Saranno lette \u00abda un cantore, (uno vecchio, uno giovane del coro),\u00a0 dal direttore del coro, dal parroco, dagli altri sacerdoti e dai religiosi e dalle religiose presenti in parrocchia\u2026\u00bb.<\/p>\n<h2><span id=\"Canti_di_Natale_le_9_letture\" class=\"ez-toc-section\">Canti di Natale: le 9 letture<\/span><\/h2>\n<p>\u00abLe\u00a0<strong>letture sono 9<\/strong>\u00a0come nella tradizione delle\u00a0<em>Lessons and Carols<\/em>. Si parte da Genesi 3, il peccato originale, la caduta di Adamo ed Eva, si continua con il sacrificio di Isacco, che nella tradizione cristiana \u00e8 profezia, poi, del sacrificio di Ges\u00f9. Quindi la lettura di Isaia 9, che \u00e8 poi la stessa che sentiremo la notte di Natale nelle nostre liturgie (<em>Il popolo che camminava nelle tenebre vide una grande luce<\/em>\u00a0e\u00a0<em>Un virgulto fiorir\u00e0 dal tronco di Iesse<\/em>), quindi la profezia del Messia in Isaia 11.<\/p>\n<p>Poi si passa direttamente al Nuovo Testamento dalla quinta lettura in poi: l\u2019annunciazione dell\u2019Angelo a Maria, la nascita di Ges\u00f9 a Betlemme secondo il Vangelo di Luca, la venuta\u00a0<img loading=\"lazy\" decoding=\"async\" class=\"size-full wp-image-29953 alignright td-animation-stack-type0-2\" title=\"Canti di Natale: il concerto spirituale a San Giuliano 2\" src=\"https:\/\/www.radiopiu.eu\/wp-content\/uploads\/2019\/12\/photo-1482627988233-7c68311232ea.jpg\" sizes=\"auto, (max-width: 334px) 100vw, 334px\" srcset=\"https:\/\/www.radiopiu.eu\/wp-content\/uploads\/2019\/12\/photo-1482627988233-7c68311232ea.jpg 334w, https:\/\/www.radiopiu.eu\/wp-content\/uploads\/2019\/12\/photo-1482627988233-7c68311232ea-200x300.jpg 200w, https:\/\/www.radiopiu.eu\/wp-content\/uploads\/2019\/12\/photo-1482627988233-7c68311232ea-280x420.jpg 280w\" alt=\"canti di natale, san giuliano\" width=\"334\" height=\"501\" \/>dei pastori, l\u2019arrivo dei Magi, il Vangelo di Matteo. L\u2019ultima lettura \u00e8 il\u00a0<a href=\"https:\/\/www.radiopiu.eu\/come-prepararsi-al-natale-seraphicum\/\">prologo del Vangelo di Giovanni<\/a>, al capitolo 1\u00bb.<\/p>\n<h2><span id=\"Canti_di_Natale_i_brani\" class=\"ez-toc-section\">Canti di Natale: i brani<\/span><\/h2>\n<p>\u00abLa scelta dei brani \u00e8 stata pensata e calibrata in base alle letture\u00bb precisa ancora il direttore del coro di San Giuliano.<\/p>\n<p>A differenza della tradizione anglofona (due canti fissi per ogni lettura), \u00abper alcune letture ci saranno due brani corali oppure un brano d\u2019organo e un brano corale.<\/p>\n<p>Il concerto infatti lo far\u00e0 il coro parrocchiale da me diretto con un\u2019<strong>organista, Livia Sandra Frau<\/strong>\u00a0che oltre ad accompagnare il coro nei brani corali far\u00e0 anche alcuni pezzi di organo\u00bb.<\/p>\n<h2><span id=\"Preludio_di_Avvento_meditazioni_dorgano_ante_missam\" class=\"ez-toc-section\">Preludio di Avvento: meditazioni d\u2019organo\u00a0<em>ante missam\u00a0<\/em><\/span><\/h2>\n<p><strong><em>Non solo Letture e Canti di Natale. Domenica ci sar\u00e0 anche l\u2019ultimo incontro del Preludio di Avvento\u2026<\/em><\/strong><\/p>\n<p>Si tratta di un \u00ab<strong>momento di ascolto<\/strong>\u00a0di circa una ventina di minuti di musica prima della celebrazione di mezzogiorno che tradizionalmente viene accompagnata dal coro\u00bb. Un momento cio\u00e8 che \u00abpreparasse i fedeli alla celebrazione eucaristica attraverso la musica, la musica di organo. I pezzi sono stati scelti in base alla tematica della domenica prendendo spunto dai corali della tradizione tedesca di\u00a0<img loading=\"lazy\" decoding=\"async\" class=\"wp-image-29954 alignright td-animation-stack-type0-2\" title=\"Canti di Natale: il concerto spirituale a San Giuliano 3\" src=\"https:\/\/www.radiopiu.eu\/wp-content\/uploads\/2019\/12\/Preludio-di-Avvento-2019-Meditazioni-organistiche-696x984-1.png\" sizes=\"auto, (max-width: 359px) 100vw, 359px\" srcset=\"https:\/\/www.radiopiu.eu\/wp-content\/uploads\/2019\/12\/Preludio-di-Avvento-2019-Meditazioni-organistiche-696x984-1.png 696w, https:\/\/www.radiopiu.eu\/wp-content\/uploads\/2019\/12\/Preludio-di-Avvento-2019-Meditazioni-organistiche-696x984-1-212x300.png 212w, https:\/\/www.radiopiu.eu\/wp-content\/uploads\/2019\/12\/Preludio-di-Avvento-2019-Meditazioni-organistiche-696x984-1-297x420.png 297w\" alt=\"canti di natale, preludio di avvento, san giuliano\" width=\"359\" height=\"508\" \/>Avvento\u00bb.<\/p>\n<p>\u00abHo introdotto questo momento \u2013 aggiunge Agostino Greco \u2013 spiegando anche la scelta alle persone presenti dei brani proposti.<\/p>\n<p>Ci sembra importante riscoprire anche questo aspetto: cio\u00e8 dell\u2019<strong>arte che \u00e8 sempre a servizio non solo della liturgia ma anche della spiritualit\u00e0<\/strong>\u00a0come \u00e8 stato da sempre nella storia della Chiesa e che forse nel passato prossimo e nel presente abbiamo un po\u2019 smarrito.<\/p>\n<p>L\u2019idea \u00e8 quella di far ritornare questo patrimonio musicale, culturale, all\u2019interno dell\u2019<em>humus,<\/em>\u00a0dell\u2019ambiente in cui sono nati\u00bb.<\/p>\n<p><strong><em>Ascolta l\u2019intervista ad Agostino Maria Greco nella puntata di oggi di \u201cTutte le strade\u201d:<\/em><\/strong><\/p>\n<p><iframe loading=\"lazy\" src=\"https:\/\/w.soundcloud.com\/player\/?url=https%3A\/\/api.soundcloud.com\/tracks\/731289397&amp;color=%23ff5500&amp;auto_play=false&amp;hide_related=false&amp;show_comments=true&amp;show_user=true&amp;show_reposts=false&amp;show_teaser=true&amp;visual=true\" width=\"100%\" height=\"300\" frameborder=\"no\" scrolling=\"no\" data-mce-fragment=\"1\"><\/iframe><\/p>\n<p>Leggi anche \u2013\u00a0<a href=\"https:\/\/www.utsroma.it\/cantate-inni-con-arte-al-via-la-quarta-edizione\/\">Cantate Inni con Arte: al via la quarta edizione\u00a0<\/a><\/p>\n","protected":false},"excerpt":{"rendered":"<p>Canti di Natale: San Giuliano si ispira al King\u2019s College Una preparazione al Natale all\u2019insegna della musica. \u00c8 quella che sta vivendo la parrocchia di San Giuliano, in via Cassia. Non solo\u00a0Preludio di Avvento, le meditazioni organistiche\u00a0ante missam. Domenica prossima,\u00a022 dicembre, alle ore 20, torna, per il secondo anno consecutivo\u00a0Letture e canti di Natale\u00a0ispirato al\u00a0Festival [&hellip;]<\/p>\n","protected":false},"author":6,"featured_media":1961,"comment_status":"open","ping_status":"open","sticky":false,"template":"","format":"standard","meta":{"footnotes":""},"categories":[20],"tags":[],"class_list":["post-1893","post","type-post","status-publish","format-standard","has-post-thumbnail","hentry","category-notizie"],"_links":{"self":[{"href":"https:\/\/www.diocesidiroma.it\/utsroma\/index.php\/wp-json\/wp\/v2\/posts\/1893","targetHints":{"allow":["GET"]}}],"collection":[{"href":"https:\/\/www.diocesidiroma.it\/utsroma\/index.php\/wp-json\/wp\/v2\/posts"}],"about":[{"href":"https:\/\/www.diocesidiroma.it\/utsroma\/index.php\/wp-json\/wp\/v2\/types\/post"}],"author":[{"embeddable":true,"href":"https:\/\/www.diocesidiroma.it\/utsroma\/index.php\/wp-json\/wp\/v2\/users\/6"}],"replies":[{"embeddable":true,"href":"https:\/\/www.diocesidiroma.it\/utsroma\/index.php\/wp-json\/wp\/v2\/comments?post=1893"}],"version-history":[{"count":2,"href":"https:\/\/www.diocesidiroma.it\/utsroma\/index.php\/wp-json\/wp\/v2\/posts\/1893\/revisions"}],"predecessor-version":[{"id":1966,"href":"https:\/\/www.diocesidiroma.it\/utsroma\/index.php\/wp-json\/wp\/v2\/posts\/1893\/revisions\/1966"}],"wp:featuredmedia":[{"embeddable":true,"href":"https:\/\/www.diocesidiroma.it\/utsroma\/index.php\/wp-json\/wp\/v2\/media\/1961"}],"wp:attachment":[{"href":"https:\/\/www.diocesidiroma.it\/utsroma\/index.php\/wp-json\/wp\/v2\/media?parent=1893"}],"wp:term":[{"taxonomy":"category","embeddable":true,"href":"https:\/\/www.diocesidiroma.it\/utsroma\/index.php\/wp-json\/wp\/v2\/categories?post=1893"},{"taxonomy":"post_tag","embeddable":true,"href":"https:\/\/www.diocesidiroma.it\/utsroma\/index.php\/wp-json\/wp\/v2\/tags?post=1893"}],"curies":[{"name":"wp","href":"https:\/\/api.w.org\/{rel}","templated":true}]}}