{"id":1905,"date":"2020-01-09T11:06:50","date_gmt":"2020-01-09T10:06:50","guid":{"rendered":"https:\/\/www.utsroma.it\/?p=1905"},"modified":"2020-01-09T11:06:50","modified_gmt":"2020-01-09T10:06:50","slug":"corsa-di-miguel-gennaio-2020","status":"publish","type":"post","link":"https:\/\/www.diocesidiroma.it\/utsroma\/index.php\/corsa-di-miguel-gennaio-2020\/","title":{"rendered":"Corsa di Miguel: lo sport, \u201cuno straordinario professore di storia\u201d"},"content":{"rendered":"<h2><span id=\"Corsa_di_Miguel_il_19_gennaio_la_21a_edizione\" class=\"ez-toc-section\">Corsa di Miguel: il 19 gennaio la 21\u00aa edizione<\/span><\/h2>\n<p><em>\u00abPer te atleta che disprezzi la guerra e sogni la pace\u00bb<\/em>. \u00c8 l\u2019ultimo verso della poesia scritta dal giovane podista argentino\u00a0<strong>Miguel S\u00e0nchez<\/strong>\u00a0in occasione della\u00a0<em>Corrida di San Silvestro<\/em>\u00a0il 31 dicembre 1977. Di l\u00ec a pochi giorni la sua corsa si sarebbe arrestata per sempre. Proprio\u00a0<strong>il 9 gennaio di 42 anni<\/strong>\u00a0<strong>fa<\/strong>\u00a0Miguel veniva portato via dalla sua casa a Buenos Aires da un<\/p>\n<figure id=\"attachment_30035\" class=\"wp-caption alignright\" aria-describedby=\"caption-attachment-30035\"><img loading=\"lazy\" decoding=\"async\" class=\"size-full wp-image-30035 td-animation-stack-type0-2 lazyautosizes ls-is-cached lazyloaded\" title=\"Corsa di Miguel: lo sport, &quot;uno straordinario professore di storia&quot; 1\" src=\"https:\/\/www.radiopiu.eu\/wp-content\/uploads\/2020\/01\/rsz_4f724bf2340d1.jpg\" sizes=\"auto, 375px\" srcset=\"https:\/\/www.radiopiu.eu\/wp-content\/uploads\/2020\/01\/rsz_4f724bf2340d1.jpg 375w, https:\/\/www.radiopiu.eu\/wp-content\/uploads\/2020\/01\/rsz_4f724bf2340d1-300x197.jpg 300w\" alt=\"corsa di miguel\" width=\"375\" height=\"246\" data-src=\"https:\/\/www.radiopiu.eu\/wp-content\/uploads\/2020\/01\/rsz_4f724bf2340d1.jpg\" data-srcset=\"https:\/\/www.radiopiu.eu\/wp-content\/uploads\/2020\/01\/rsz_4f724bf2340d1.jpg 375w, https:\/\/www.radiopiu.eu\/wp-content\/uploads\/2020\/01\/rsz_4f724bf2340d1-300x197.jpg 300w\" data-sizes=\"auto\" \/><figcaption id=\"caption-attachment-30035\" class=\"wp-caption-text\">Miguel Benancio S\u00e0nchez<\/figcaption><\/figure>\n<p>commando paramilitare, diventando uno dei quasi 30.000\u00a0<em>desaparecidos<\/em>\u00a0vittime della dittatura.<\/p>\n<p>Esattamente 22 anni dopo, il<strong>\u00a09 gennaio del 2000<\/strong>, si disputa a Roma la prima corsa dedicata al poeta podista. A riportare l\u2019atleta argentino per le strade del mondo il giornalista italiano della\u00a0<em>Gazzetta dello Sport<\/em>,\u00a0<strong>Valerio Piccioni<\/strong>.<\/p>\n<h3><span id=\"Valerio_Piccioni_Sono_stato_calamitato_dalla_sua_storia\" class=\"ez-toc-section\">Valerio Piccioni: \u00abSono stato calamitato dalla sua storia\u00bb<\/span><\/h3>\n<p>\u00abLa\u00a0<strong><em>Corsa di Miguel<\/em><\/strong>\u00a0 \u2013 racconta il giornalista ai microfoni di Radiopi\u00f9 Roma \u2013 \u00e8 nata da un viaggio che ho compiuto in Argentina per un convegno su globalizzazione e sport. Io sono sempre stato incuriosito dal mondo dello sport anche dal punto di vista editoriale e letterario e quindi gli occhi sono caduti su un libro che si chiamava \u201cIl terrore e la gloria\u201d. Era la storia del campionato del mondo di calcio del 1978 vista per\u00f2 dagli occhi delle famiglie che avevano i loro cari, mariti, figli, sorelle, fratelli,\u00a0<em>desaperecidos<\/em>\u00a0proprio in quel momento dei mondiali.<\/p>\n<p>In questa carrellata di storie c\u2019era anche quella di\u00a0<a href=\"https:\/\/www.utsroma.it\/corsa-di-miguel-weston-di-athletica-vaticana-la-diversita-e-valore-aggiunto\/\">Miguel S\u00e0nchez<\/a>,\u00a0<strong>podista, poeta, grande cantore della bellezza del correre<\/strong>. Sono stato calamitato dalla sua storia, dalle sue poesie. Ho cominciato a cercare i fratelli e le sorelle ed \u00e8 nata l\u2019idea di fare la cosa che forse a Miguel piaceva di pi\u00f9: cio\u00e8 correre e far correre in suo nome.<\/p>\n<p>Cos\u00ec \u00e8 nata la\u00a0<em>Corsa di Miguel<\/em>\u00a0che ha raggiunto la sua ventesima edizione l\u2019anno scorso e adesso tocca i 20 anni, il 19 gennaio allo stadio Olimpico di Roma\u00bb.<\/p>\n<h2><span id=\"Corsa_di_Miguel_Non_basta_essere_antirazzisti\" class=\"ez-toc-section\">Corsa di Miguel: \u00abNon basta essere antirazzisti\u00bb<\/span><\/h2>\n<p><em>Quindi domenica 19 da piazzale della Farnesina si correr\u00e0 fino ad arrivare allo Stadio Olimpico. Insomma, l\u2019appuntamento \u00e8 divenuto ormai storico\u2026<\/em><\/p>\n<p>\u00abNel disordine generale del mondo, dove certe volte di svegli la mattina invaso da emozioni, sensazioni, percezioni e fatichi a cercare dei punti di riferimento, quelle parole cos\u00ec semplici, cos\u00ec tenere, cos\u00ec ingenue di Miguel, il modo in cui raccontava le sue corse, anche\u00a0<img loading=\"lazy\" decoding=\"async\" class=\"alignright wp-image-24411 td-animation-stack-type0-2 lazyautosizes lazyloaded\" title=\"Corsa di Miguel: lo sport, &quot;uno straordinario professore di storia&quot; 2\" src=\"https:\/\/www.radiopiu.eu\/wp-content\/uploads\/2019\/01\/la-corsa-di-miguel.jpg\" sizes=\"auto, 500px\" srcset=\"https:\/\/www.radiopiu.eu\/wp-content\/uploads\/2019\/01\/la-corsa-di-miguel.jpg 1920w, https:\/\/www.radiopiu.eu\/wp-content\/uploads\/2019\/01\/la-corsa-di-miguel-300x169.jpg 300w, https:\/\/www.radiopiu.eu\/wp-content\/uploads\/2019\/01\/la-corsa-di-miguel-768x432.jpg 768w, https:\/\/www.radiopiu.eu\/wp-content\/uploads\/2019\/01\/la-corsa-di-miguel-1024x576.jpg 1024w, https:\/\/www.radiopiu.eu\/wp-content\/uploads\/2019\/01\/la-corsa-di-miguel-696x392.jpg 696w, https:\/\/www.radiopiu.eu\/wp-content\/uploads\/2019\/01\/la-corsa-di-miguel-1068x601.jpg 1068w, https:\/\/www.radiopiu.eu\/wp-content\/uploads\/2019\/01\/la-corsa-di-miguel-747x420.jpg 747w\" alt=\"corsa di miguel \" width=\"500\" height=\"281\" data-src=\"https:\/\/www.radiopiu.eu\/wp-content\/uploads\/2019\/01\/la-corsa-di-miguel.jpg\" data-srcset=\"https:\/\/www.radiopiu.eu\/wp-content\/uploads\/2019\/01\/la-corsa-di-miguel.jpg 1920w, https:\/\/www.radiopiu.eu\/wp-content\/uploads\/2019\/01\/la-corsa-di-miguel-300x169.jpg 300w, https:\/\/www.radiopiu.eu\/wp-content\/uploads\/2019\/01\/la-corsa-di-miguel-768x432.jpg 768w, https:\/\/www.radiopiu.eu\/wp-content\/uploads\/2019\/01\/la-corsa-di-miguel-1024x576.jpg 1024w, https:\/\/www.radiopiu.eu\/wp-content\/uploads\/2019\/01\/la-corsa-di-miguel-696x392.jpg 696w, https:\/\/www.radiopiu.eu\/wp-content\/uploads\/2019\/01\/la-corsa-di-miguel-1068x601.jpg 1068w, https:\/\/www.radiopiu.eu\/wp-content\/uploads\/2019\/01\/la-corsa-di-miguel-747x420.jpg 747w\" data-sizes=\"auto\" \/>l\u2019ultima la corrida di San Silvestro quando definiva una salita il suo boia\u2026ecco, tutto questo ci rimane dentro. Ci sta nel cuore\u00bb.<\/p>\n<p>\u00abQuindi io credo che il significato della storia di Miguel \u00e8 l\u2019idea che lo sport sia una <strong>straordinaria occasione per conoscersi tra le persone, persone lontanissime anche decine di migliaia di chilometri o magari anche persone molto lontane proprio culturalmente<\/strong>\u00a0ma che possono ritrovarsi a parlare lo stesso linguaggio\u00bb.<\/p>\n<p>\u00ab\u00c8 per questo che la\u00a0<em>Corsa di Miguel<\/em>\u00a0\u00e8 tanto presente nelle scuole, non solo di Roma e del Lazio, ma anche di tutta Italia\u00bb. Ci fa \u00abcapire quanto lo sport possa essere uno straordinario professore di storia\u00bb.<\/p>\n<p>\u00abTutto questo ha un po\u2019 irrobustito la\u00a0<em>Corsa di Miguel<\/em>. Non c\u2019\u00e8 solo quella di 10 km (competitiva e non), ma c\u2019\u00e8 anche una manifestazione gemella: la <strong><em>Strantirazzismo\u00a0<\/em><\/strong>(non competitiva di 3 km), che dice tutto nel suo nome. Non basta essere antirazzisti. Vogliamo essere strantirazzisti. Vogliamo fare di tutto e di pi\u00f9, il possibile e l\u2019impossibile perch\u00e9 questa bestia si fermi e non avveleni pi\u00f9 il nostro mondo e il nostro sport\u00bb.<\/p>\n<h2><span id=\"La_Corsa_di_Miguel_e_di_tutti\" class=\"ez-toc-section\">La Corsa di Miguel \u00e8 di tutti<\/span><\/h2>\n<p><em>Anche quest\u2019anno, la Corsa di Miguel si fa portavoce di determinati valori \u2026<\/em><\/p>\n<p>Importante, racconta ancora Piccioni, \u00e8 \u00abla presenza delle\u00a0<em>joelette<\/em>, cio\u00e8 mezzi tecnologicamente avanzati che consentono ad alcuni podisti che non hanno la possibilit\u00e0 di camminare,<\/p>\n<figure id=\"attachment_30033\" class=\"wp-caption alignright\" aria-describedby=\"caption-attachment-30033\"><img loading=\"lazy\" decoding=\"async\" class=\"wp-image-30033 td-animation-stack-type0-2 lazyautosizes lazyloaded\" title=\"Corsa di Miguel: lo sport, &quot;uno straordinario professore di storia&quot; 3\" src=\"https:\/\/www.radiopiu.eu\/wp-content\/uploads\/2020\/01\/82291896_1408440856003144_1251127701356412928_n.jpg\" sizes=\"auto, 432px\" srcset=\"https:\/\/www.radiopiu.eu\/wp-content\/uploads\/2020\/01\/82291896_1408440856003144_1251127701356412928_n.jpg 724w, https:\/\/www.radiopiu.eu\/wp-content\/uploads\/2020\/01\/82291896_1408440856003144_1251127701356412928_n-280x300.jpg 280w, https:\/\/www.radiopiu.eu\/wp-content\/uploads\/2020\/01\/82291896_1408440856003144_1251127701356412928_n-696x746.jpg 696w, https:\/\/www.radiopiu.eu\/wp-content\/uploads\/2020\/01\/82291896_1408440856003144_1251127701356412928_n-392x420.jpg 392w\" alt=\"corsa di miguel \" width=\"432\" height=\"463\" data-src=\"https:\/\/www.radiopiu.eu\/wp-content\/uploads\/2020\/01\/82291896_1408440856003144_1251127701356412928_n.jpg\" data-srcset=\"https:\/\/www.radiopiu.eu\/wp-content\/uploads\/2020\/01\/82291896_1408440856003144_1251127701356412928_n.jpg 724w, https:\/\/www.radiopiu.eu\/wp-content\/uploads\/2020\/01\/82291896_1408440856003144_1251127701356412928_n-280x300.jpg 280w, https:\/\/www.radiopiu.eu\/wp-content\/uploads\/2020\/01\/82291896_1408440856003144_1251127701356412928_n-696x746.jpg 696w, https:\/\/www.radiopiu.eu\/wp-content\/uploads\/2020\/01\/82291896_1408440856003144_1251127701356412928_n-392x420.jpg 392w\" data-sizes=\"auto\" \/><figcaption id=\"caption-attachment-30033\" class=\"wp-caption-text\">Dalla pagina Facebook \u201cLa Corsa di Miguel\u201d<\/figcaption><\/figure>\n<p>correre, di sedere, essere trasportati da un gruppo di podisti che costituiscono un vero e proprio corteo attorno a queste persone consentendo loro di vivere questa atmosfera proprio nella pancia della corsa. Quest\u2019anno questi cortei, piccoli e grandi, saranno addirittura 20.<\/p>\n<p><strong>La\u00a0<em>Corsa di Miguel<\/em>\u00a0non \u00e8 di nessuno ma di tutti<\/strong>. Nel senso che \u00e8 un\u00a0<strong>grande contenitore di iniziative<\/strong>. Si trovano in questa stessa giornata, persone, atleti che vanno fortissimo (tra l\u2019altro c\u2019\u00e8 il ritorno di una grande atleta come Veronica Inglese) ma anche gente che pu\u00f2 camminare tranquillamente e non sentirsi sola anche se va a 5km l\u2019ora\u00bb.<\/p>\n<p><em>Tutte le informazioni sul sito<\/em>\u00a0<a href=\"https:\/\/www.lacorsadimiguel.it\/\" target=\"_blank\" rel=\"noopener noreferrer\">www.lacorsadimiguel.it.<\/a><\/p>\n<p><em><strong>Ascolta l\u2019intervista a Valerio Piccioni nell\u2019edizione odierna di Radiopi\u00f9 Sport:<\/strong><\/em><\/p>\n<p><iframe loading=\"lazy\" src=\"https:\/\/w.soundcloud.com\/player\/?url=https%3A\/\/api.soundcloud.com\/tracks\/740607649&amp;color=%23ff5500&amp;auto_play=false&amp;hide_related=false&amp;show_comments=true&amp;show_user=true&amp;show_reposts=false&amp;show_teaser=true&amp;visual=true\" width=\"100%\" height=\"300\" frameborder=\"no\" scrolling=\"no\"><\/iframe><\/p>\n","protected":false},"excerpt":{"rendered":"<p>Corsa di Miguel: il 19 gennaio la 21\u00aa edizione \u00abPer te atleta che disprezzi la guerra e sogni la pace\u00bb. \u00c8 l\u2019ultimo verso della poesia scritta dal giovane podista argentino\u00a0Miguel S\u00e0nchez\u00a0in occasione della\u00a0Corrida di San Silvestro\u00a0il 31 dicembre 1977. Di l\u00ec a pochi giorni la sua corsa si sarebbe arrestata per sempre. Proprio\u00a0il 9 gennaio [&hellip;]<\/p>\n","protected":false},"author":6,"featured_media":1334,"comment_status":"open","ping_status":"open","sticky":false,"template":"","format":"standard","meta":{"footnotes":""},"categories":[20],"tags":[],"class_list":["post-1905","post","type-post","status-publish","format-standard","has-post-thumbnail","hentry","category-notizie"],"_links":{"self":[{"href":"https:\/\/www.diocesidiroma.it\/utsroma\/index.php\/wp-json\/wp\/v2\/posts\/1905","targetHints":{"allow":["GET"]}}],"collection":[{"href":"https:\/\/www.diocesidiroma.it\/utsroma\/index.php\/wp-json\/wp\/v2\/posts"}],"about":[{"href":"https:\/\/www.diocesidiroma.it\/utsroma\/index.php\/wp-json\/wp\/v2\/types\/post"}],"author":[{"embeddable":true,"href":"https:\/\/www.diocesidiroma.it\/utsroma\/index.php\/wp-json\/wp\/v2\/users\/6"}],"replies":[{"embeddable":true,"href":"https:\/\/www.diocesidiroma.it\/utsroma\/index.php\/wp-json\/wp\/v2\/comments?post=1905"}],"version-history":[{"count":0,"href":"https:\/\/www.diocesidiroma.it\/utsroma\/index.php\/wp-json\/wp\/v2\/posts\/1905\/revisions"}],"wp:featuredmedia":[{"embeddable":true,"href":"https:\/\/www.diocesidiroma.it\/utsroma\/index.php\/wp-json\/wp\/v2\/media\/1334"}],"wp:attachment":[{"href":"https:\/\/www.diocesidiroma.it\/utsroma\/index.php\/wp-json\/wp\/v2\/media?parent=1905"}],"wp:term":[{"taxonomy":"category","embeddable":true,"href":"https:\/\/www.diocesidiroma.it\/utsroma\/index.php\/wp-json\/wp\/v2\/categories?post=1905"},{"taxonomy":"post_tag","embeddable":true,"href":"https:\/\/www.diocesidiroma.it\/utsroma\/index.php\/wp-json\/wp\/v2\/tags?post=1905"}],"curies":[{"name":"wp","href":"https:\/\/api.w.org\/{rel}","templated":true}]}}