{"id":1918,"date":"2020-01-20T09:08:53","date_gmt":"2020-01-20T08:08:53","guid":{"rendered":"https:\/\/www.utsroma.it\/?p=1918"},"modified":"2020-03-04T07:17:21","modified_gmt":"2020-03-04T06:17:21","slug":"scrittrici-italiane-liliana-manetti-racconta-colore-di-donna","status":"publish","type":"post","link":"https:\/\/www.diocesidiroma.it\/utsroma\/index.php\/scrittrici-italiane-liliana-manetti-racconta-colore-di-donna\/","title":{"rendered":"Scrittrici italiane: Liliana Manetti racconta &#8220;Colore di donna&#8221;"},"content":{"rendered":"<h2>Scrittrici italiane: Liliana Manetti si racconta<\/h2>\n<p>\u00abUn vulcano di idee, progetti e proposte\u00bb. \u00c8 Liliana Manetti, tra le scrittrici italiane protagoniste della <a href=\"https:\/\/www.facebook.com\/FestadellibroOstia\/\">Festa e della Lettura di Ostia.<\/a><\/p>\n<p>Autrice della raccolta di poesie <em>Colore di donna,<\/em> racconta la sua esperienza nella puntata di oggi di <a href=\"https:\/\/www.utsroma.it\/la-preghiera-del-silenzio-diari-paola-buccheri\/\"><em>Parole in onda<\/em><\/a>, a cura del giornalista Gianni Maritati.<\/p>\n<p><iframe loading=\"lazy\" src=\"https:\/\/w.soundcloud.com\/player\/?url=https%3A\/\/api.soundcloud.com\/tracks\/746281600&amp;color=%23ff5500&amp;auto_play=false&amp;hide_related=false&amp;show_comments=true&amp;show_user=true&amp;show_reposts=false&amp;show_teaser=true&amp;visual=true\" width=\"100%\" height=\"300\" frameborder=\"no\" scrolling=\"no\" data-mce-fragment=\"1\"><\/iframe><\/p>\n<p><em>Perch\u00e9 questo titolo? che colore ha la donna?<\/em><\/p>\n<figure id=\"attachment_30137\" aria-describedby=\"caption-attachment-30137\" style=\"width: 456px\" class=\"wp-caption alignright\"><img loading=\"lazy\" decoding=\"async\" class=\"wp-image-30137\" src=\"https:\/\/www.radiopiu.eu\/wp-content\/uploads\/2020\/01\/WhatsApp-Image-2019-11-28-at-16.33.39.jpeg\" alt=\"scrittrici italiane, liliana manetti\" width=\"456\" height=\"456\" \/><figcaption id=\"caption-attachment-30137\" class=\"wp-caption-text\">Liliana Manetti<\/figcaption><\/figure>\n<p>\u00abLa donna ha dei colori meravigliosi. Il libro \u00e8 stato chiamato in questo modo innanzitutto perch\u00e9 c&#8217;\u00e8 una collaborazione artistica importante, che guida questa mia nuova silloge, con la<strong> pittrice polacca Anna Novak<\/strong> che ha illustrato pi\u00f9 di 10 poesie. Si \u00e8 ispirata ai miei versi per le illustrazioni di alcuni acquerelli in bianco e nero.<\/p>\n<p>Essendo il mondo delle donne cos\u00ec variopinto, noi abbiamo fatto tutto il testo in bianco e nero, compresi gli acquerelli.<\/p>\n<p><strong>Questi colori meravigliosi, sgargianti che ha il mondo femminile vengono sporcati<\/strong> a volte dal colore rosso della violenza da parte dell&#8217;uomo (La poesia <em>Rosso Valentino<\/em> \u00e8 dedicata proprio a questo).<\/p>\n<p>Qui mi sono ispirata io a un quadro della Novak per ringraziarla per il lavoro fatto a me. Un&#8217;altra motivazione \u00e8 che c&#8217;\u00e8 una poesia alla fine dell&#8217;opera oltre a questa, chiamata appunto <em>Colore di donna<\/em>. (C&#8217;\u00e8 un altro dipinto della Novak a cui mi sono ispirata)\u00bb.<\/p>\n<h2>Scrittrici italiane: poesia e romanzi<\/h2>\n<p><em>Oltre alla poesia affronta altri generi letterari?<\/em><\/p>\n<p>\u00abS\u00ec, mi sono impegnata in quella che \u00e8 la <strong>narrativa.<\/strong> Sono nata come poetessa ma poi mi sono avventurata anche in quest&#8217;altro tipo di scrittura. Ho prodotto 2 romanzi, l&#8217;ultimo, <em>La nuova favola di amore e Psiche<\/em>, pubblicato l&#8217;anno scorso con l&#8217;edizione L&#8217;Erudita da cui \u00e8 nata poi un&#8217;esperienza bellissima perch\u00e9 mi sono trovata ad affrontare un tour di <img loading=\"lazy\" decoding=\"async\" class=\"size-full wp-image-30138 alignright\" src=\"https:\/\/www.radiopiu.eu\/wp-content\/uploads\/2020\/01\/ShabnamLadonnachevennedalontano.jpg\" alt=\"scrittrici italiane, liliana manetti\" width=\"300\" height=\"420\" \/>pi\u00f9 di 10 presentazioni, fino a Bologna, con l&#8217;attrice <strong>Chiara Pavoni<\/strong> che a ogni presentazione si esibiva in una performance differente.<\/p>\n<p>Il precedente \u00e8 <em>Shabnam,<\/em> <em>la donna che viene da lontano<\/em>. Anche questo ha dato vita a un&#8217;esperienza molto bella tre anni fa quando conobbi Chiara Pavoni che mi propose di fare un monologo rispetto al romanzo e quest&#8217;anno riproporremo la seconda edizione sempre con la Santelli Editore (che \u00e8 la stessa casa editrice di <em>Colore di donna<\/em>) e riproporremo anche il monologo in alcune presentazioni.<\/p>\n<h2>Scrittrici italiane: nuove idee e progetti<\/h2>\n<p><em>Progetti per il 2020?<\/em><\/p>\n<p>\u00abDa un anno e mezzo due mi sto occupando anche di articoli di giornale. Sto macinando l&#8217;idea di fare un <strong>reportage giornalistico<\/strong> rispetto a una <strong>causa umanitaria<\/strong>, ma non <img loading=\"lazy\" decoding=\"async\" class=\"size-full wp-image-30139 alignleft\" src=\"https:\/\/www.radiopiu.eu\/wp-content\/uploads\/2020\/01\/41WC55ZKZeL._BO1204203200_.jpg\" alt=\"scrittrici italiane, liliana manetti\" width=\"202\" height=\"285\" \/>voglio svelare pi\u00f9 di tanto perch\u00e9 \u00e8 una sorpresa.<\/p>\n<p>Inoltre sto collaborando con una mia collega, Selina Giomarelli con la quale ho gi\u00e0 scritto il mio primo romanzo <em>Almond. Il fiore dei mondi paralleli<\/em>.<\/p>\n<p>Vorremo pubblicare un <strong>nuovo romanzo<\/strong>. Non si tratta questa volta di un fantasy ma di un giallo\/noir\/thriller.<\/p>\n<p><strong><em><a href=\"https:\/\/www.radiopiu.eu\/i-beni-ecclesiastici-mimmo-muolo\/\">Riascolta la puntata precedente di &#8220;Parole in onda&#8221;\u00a0<\/a><\/em><\/strong><\/p>\n","protected":false},"excerpt":{"rendered":"<p>Scrittrici italiane: Liliana Manetti si racconta \u00abUn vulcano di idee, progetti e proposte\u00bb. \u00c8 Liliana Manetti, tra le scrittrici italiane protagoniste della Festa e della Lettura di Ostia. Autrice della raccolta di poesie Colore di donna, racconta la sua esperienza nella puntata di oggi di Parole in onda, a cura del giornalista Gianni Maritati. Perch\u00e9 [&hellip;]<\/p>\n","protected":false},"author":6,"featured_media":1954,"comment_status":"open","ping_status":"open","sticky":false,"template":"","format":"standard","meta":{"footnotes":""},"categories":[20],"tags":[],"class_list":["post-1918","post","type-post","status-publish","format-standard","has-post-thumbnail","hentry","category-notizie"],"_links":{"self":[{"href":"https:\/\/www.diocesidiroma.it\/utsroma\/index.php\/wp-json\/wp\/v2\/posts\/1918","targetHints":{"allow":["GET"]}}],"collection":[{"href":"https:\/\/www.diocesidiroma.it\/utsroma\/index.php\/wp-json\/wp\/v2\/posts"}],"about":[{"href":"https:\/\/www.diocesidiroma.it\/utsroma\/index.php\/wp-json\/wp\/v2\/types\/post"}],"author":[{"embeddable":true,"href":"https:\/\/www.diocesidiroma.it\/utsroma\/index.php\/wp-json\/wp\/v2\/users\/6"}],"replies":[{"embeddable":true,"href":"https:\/\/www.diocesidiroma.it\/utsroma\/index.php\/wp-json\/wp\/v2\/comments?post=1918"}],"version-history":[{"count":1,"href":"https:\/\/www.diocesidiroma.it\/utsroma\/index.php\/wp-json\/wp\/v2\/posts\/1918\/revisions"}],"predecessor-version":[{"id":1955,"href":"https:\/\/www.diocesidiroma.it\/utsroma\/index.php\/wp-json\/wp\/v2\/posts\/1918\/revisions\/1955"}],"wp:featuredmedia":[{"embeddable":true,"href":"https:\/\/www.diocesidiroma.it\/utsroma\/index.php\/wp-json\/wp\/v2\/media\/1954"}],"wp:attachment":[{"href":"https:\/\/www.diocesidiroma.it\/utsroma\/index.php\/wp-json\/wp\/v2\/media?parent=1918"}],"wp:term":[{"taxonomy":"category","embeddable":true,"href":"https:\/\/www.diocesidiroma.it\/utsroma\/index.php\/wp-json\/wp\/v2\/categories?post=1918"},{"taxonomy":"post_tag","embeddable":true,"href":"https:\/\/www.diocesidiroma.it\/utsroma\/index.php\/wp-json\/wp\/v2\/tags?post=1918"}],"curies":[{"name":"wp","href":"https:\/\/api.w.org\/{rel}","templated":true}]}}