{"id":1921,"date":"2020-01-23T08:40:17","date_gmt":"2020-01-23T07:40:17","guid":{"rendered":"https:\/\/www.utsroma.it\/?p=1921"},"modified":"2020-03-12T11:15:52","modified_gmt":"2020-03-12T10:15:52","slug":"ciclismo-roma-pedalando-nella-memoria-2020","status":"publish","type":"post","link":"https:\/\/www.diocesidiroma.it\/utsroma\/index.php\/ciclismo-roma-pedalando-nella-memoria-2020\/","title":{"rendered":"Ciclismo Roma. Il 26 gennaio torna &#8220;Pedalando nella memoria&#8221;"},"content":{"rendered":"<h2>Ciclismo Roma: in bici sui luoghi della memoria<\/h2>\n<p>Si dice che una volta imparato a pedalare non si scorda pi\u00f9. Allo stesso tempo, pare che il ciclismo abbia effetti benefici sulla nostra memoria. Non c&#8217;\u00e8 mezzo migliore, dunque, della bicicletta per ricordare un passato che poi cos\u00ec remoto non \u00e8.<\/p>\n<p>Torna domenica <strong>26 gennaio<\/strong> <em>Pedalando nella memoria<\/em>, la ciclopasseggiata dedicata a <strong>Settimia Spizzichino<\/strong>, unica donna sopravvissuta al rastrellamento del ghetto di Roma.<\/p>\n<p><img loading=\"lazy\" decoding=\"async\" class=\"wp-image-30206 alignright\" src=\"https:\/\/www.radiopiu.eu\/wp-content\/uploads\/2020\/01\/corurbis-porta-san-paolo-roma-1.jpg\" alt=\"ciclismo roma, porta san paolo, pedalando nella memoria\" width=\"444\" height=\"250\" \/>Partendo da <strong>Porta San Paolo<\/strong> (\u00e8 da l\u00ec che il <a href=\"https:\/\/www.radiopiu.eu\/almanacco-romano-10-settembre-2019\/\">10 settembre<\/a> 1943 l&#8217;esercito italiano tent\u00f2 di bloccare l&#8217;avanzata dei tedeschi) si attraverseranno in bici alcuni dei luoghi simbolo dell&#8217;occupazione nazista della nostra citt\u00e0, si ascolteranno racconti ed esperienze di quegli anni per riconoscere e combattere vecchie e nuove discriminazioni.<\/p>\n<h2>Ciclismo Roma: tra pedalate e racconti<\/h2>\n<p>Ne abbiamo parlato, nella puntata di oggi di Radiopi\u00f9 Sport, con <strong>Roberto Cavallini<\/strong>, responsabile di <strong>Fiab Roma ruota libera<\/strong>, tra gli organizzatori dell&#8217;evento:<\/p>\n<p>\u00abNoi essendo prevalentemente associazioni di cicloambientalisti vogliamo mantenere vivo lo spirito della memoria usando il nostro mezzo di spostamento privilegiato che \u00e8 la bicicletta. \u00c8 chiaro che come associazioni cicloambientaliste, che si rivolgono al territorio e alla conoscenza del territorio, da sole non bastiamo. Quindi abbiamo chiesto aiuto ad associazioni che sono molto pi\u00f9 specificatamente impegnate in ambito storico e politico quali ad esempio l&#8217;<strong>Anpi<\/strong>.<\/p>\n<p><img loading=\"lazy\" decoding=\"async\" class=\"wp-image-30205 alignleft\" src=\"https:\/\/www.radiopiu.eu\/wp-content\/uploads\/2020\/01\/82871983_10220955516987705_5737974173133701120_o.jpg\" alt=\"ciclismo roma, pedalando nella memoria\" width=\"469\" height=\"246\" \/>Ci sono varie sessioni dell&#8217;Anpi che partecipano a questa nostra manifestazione (Anpi provinciale di Roma, di Monterotondo, Anpi Esquilino-Monti-Celio &#8230;)<\/p>\n<p>Organizziamo questo percorso romano nei luoghi della memoria (tra cui il Museo della liberazione di via Tasso, le Fosse Ardeatine, il ghetto e il portico d&#8217;Ottavia). Partiamo sempre da Porta San Paolo, perch\u00e9 \u00e8 un luogo tra i pi\u00f9 significativi, <strong>toccando di anno in anno un numero di stazioni varie<\/strong>. Per esempio quest&#8217;anno non facciamo in tempo a passare a via degli Zingari a Monti, per una questione logistica\u00bb. Sono previsti degli interventi e delle spiegazioni \u00abche portano via del tempo e ci dispiacerebbe non ascoltarle\u00bb spiega Cavallini. \u00abAbbiamo dei tempi tecnici che ci impediscono di toccare tutti i luoghi significativi di Roma. Li cambiamo di anno in anno\u00bb.<\/p>\n<p>Quindi il nostro itinerario si svolge in bicicletta, ci si ferma alle stazioni, dove le autorit\u00e0 storiche, culturali che abbiamo individuato di volta in volta ci illustrano dei temi relativi al luogo che visitiamo. Quest&#8217;anno, al ghetto, c&#8217;\u00e8 anche un intervento di uno scrittore di religione ebraica: Arturo Belluardo \u00bb.<\/p>\n<h3>La performance di <em>Macchia Rossa<\/em><\/h3>\n<p>Non solo la pedalata. \u00abAll&#8217;inizio ,a porta San Paolo davanti al monumento &#8220;Tutti potenziali bersagli&#8221;, quello delle 5 sagome di ferro (che rappresentano 5 categorie di deportati: ebrei, zingari, omosessuali, gli oppositori politici, gli immigrati) il gruppo teatrale di<em> Macchia Rossa<\/em> far\u00e0 un&#8217;introduzione e una performance\u00bb.<\/p>\n<p><img loading=\"lazy\" decoding=\"async\" class=\"wp-image-30207 alignleft\" src=\"https:\/\/www.radiopiu.eu\/wp-content\/uploads\/2020\/01\/monumento-antifascista-piazzale-ostiense.jpg\" alt=\"ciclismo roma, pedalando nella memoria\" width=\"483\" height=\"362\" \/> \u00abDi solito\u00a0 &#8211; aggiunge Cavallini &#8211; noi concludiamo questo nostro giro all&#8217;ora di pranzo per\u00f2 \u00e8 sempre previsto, in un luogo o in un altro, un intervento pomeridiano di carattere cinematografico, musicale o teatrale.<\/p>\n<p>Quest&#8217;anno <em>Macchia Rossa<\/em> far\u00e0 uno spettacolo sul tema della memoria nella sua sede di via di Pieve Fosciana alla Magliana.<\/p>\n<h2>Ciclismo Roma: Roberto Cavallini, &#8220;La memoria \u00e8 uno strumento di difesa&#8221;<\/h2>\n<p><em>Alla pedalata, senza previa iscrizione, (basta recarsi sul luogo dell&#8217;appuntamento o in una delle tappe, all&#8217;orario stabilito ) pu\u00f2 partecipare chiunque &#8230;<\/em><\/p>\n<p>\u00ab\u00c8 un evento aperto a tutti, assolutamente s\u00ec. \u00c8 rivolto alla cittadinanza, tant&#8217;\u00e8 che abbiamo scelto di <a href=\"https:\/\/www.facebook.com\/events\/613908956107335\/\">pubblicizzarlo attraverso i social media<\/a> in modo da avere pi\u00f9 partecipanti possibile\u00bb.<\/p>\n<p><em>Quale messaggio, dunque, si vuole lanciare?<\/em><\/p>\n<p>\u00abTenere viva la <a href=\"https:\/\/www.utsroma.it\/giorno-della-memoria-sport-e-dialogo\/\">memoria<\/a>. Sono momenti in cui qualcuno vorrebbe cancellarla. Noi vogliamo mantenerla viva perch\u00e9 \u00e8 uno strumento di difesa\u00bb.<\/p>\n<p><strong><em>Ascolta l&#8217;intervista a Roberto Cavallini nell&#8217;edizione odierna di &#8220;Radiopi\u00f9 Sport&#8221;:<\/em><\/strong><\/p>\n<p><iframe loading=\"lazy\" src=\"https:\/\/widget.spreaker.com\/player?episode_id=22718911&#038;theme=light&#038;playlist=false&#038;playlist-continuous=false&#038;autoplay=false&#038;live-autoplay=true&#038;chapters-image=true&#038;episode_image_position=right&#038;hide-logo=false&#038;hide-likes=false&#038;hide-comments=false&#038;hide-sharing=false&#038;hide-download=false\" width=\"100%\" height=\"200px\" frameborder=\"0\"><\/iframe><\/p>\n<h2>Romanews: Nicol\u00f2 Zaniolo dal Papa<\/h2>\n<p>Non solo ciclismo Roma. Domenica 26 si celebra anche la prima<a href=\"https:\/\/www.radiopiu.eu\/domenica-della-parola-2020\/\"><strong> Domenica della Parola<\/strong><\/a>, istituita dal Santo Padre lo scorso settembre. Al termine della Messa nella Basilica di San Pietro il Papa compir\u00e0 un gesto simbolico: consegner\u00e0 la Bibbia a 40 persone in rappresentanza di diverse categorie.<\/p>\n<p>Tra coloro che riceveranno la Sacra Scrittura anche il calciatore della Roma <strong>Nicol\u00f2 Zaniolo<\/strong> in rappresentanza degli sportivi.<\/p>\n<p>&nbsp;<\/p>\n","protected":false},"excerpt":{"rendered":"<p>Ciclismo Roma: in bici sui luoghi della memoria Si dice che una volta imparato a pedalare non si scorda pi\u00f9. Allo stesso tempo, pare che il ciclismo abbia effetti benefici sulla nostra memoria. Non c&#8217;\u00e8 mezzo migliore, dunque, della bicicletta per ricordare un passato che poi cos\u00ec remoto non \u00e8. Torna domenica 26 gennaio Pedalando [&hellip;]<\/p>\n","protected":false},"author":6,"featured_media":1950,"comment_status":"open","ping_status":"open","sticky":false,"template":"","format":"standard","meta":{"footnotes":""},"categories":[20],"tags":[],"class_list":["post-1921","post","type-post","status-publish","format-standard","has-post-thumbnail","hentry","category-notizie"],"_links":{"self":[{"href":"https:\/\/www.diocesidiroma.it\/utsroma\/index.php\/wp-json\/wp\/v2\/posts\/1921","targetHints":{"allow":["GET"]}}],"collection":[{"href":"https:\/\/www.diocesidiroma.it\/utsroma\/index.php\/wp-json\/wp\/v2\/posts"}],"about":[{"href":"https:\/\/www.diocesidiroma.it\/utsroma\/index.php\/wp-json\/wp\/v2\/types\/post"}],"author":[{"embeddable":true,"href":"https:\/\/www.diocesidiroma.it\/utsroma\/index.php\/wp-json\/wp\/v2\/users\/6"}],"replies":[{"embeddable":true,"href":"https:\/\/www.diocesidiroma.it\/utsroma\/index.php\/wp-json\/wp\/v2\/comments?post=1921"}],"version-history":[{"count":4,"href":"https:\/\/www.diocesidiroma.it\/utsroma\/index.php\/wp-json\/wp\/v2\/posts\/1921\/revisions"}],"predecessor-version":[{"id":2034,"href":"https:\/\/www.diocesidiroma.it\/utsroma\/index.php\/wp-json\/wp\/v2\/posts\/1921\/revisions\/2034"}],"wp:featuredmedia":[{"embeddable":true,"href":"https:\/\/www.diocesidiroma.it\/utsroma\/index.php\/wp-json\/wp\/v2\/media\/1950"}],"wp:attachment":[{"href":"https:\/\/www.diocesidiroma.it\/utsroma\/index.php\/wp-json\/wp\/v2\/media?parent=1921"}],"wp:term":[{"taxonomy":"category","embeddable":true,"href":"https:\/\/www.diocesidiroma.it\/utsroma\/index.php\/wp-json\/wp\/v2\/categories?post=1921"},{"taxonomy":"post_tag","embeddable":true,"href":"https:\/\/www.diocesidiroma.it\/utsroma\/index.php\/wp-json\/wp\/v2\/tags?post=1921"}],"curies":[{"name":"wp","href":"https:\/\/api.w.org\/{rel}","templated":true}]}}