{"id":1925,"date":"2020-01-27T09:14:31","date_gmt":"2020-01-27T08:14:31","guid":{"rendered":"https:\/\/www.utsroma.it\/?p=1925"},"modified":"2020-03-04T07:04:44","modified_gmt":"2020-03-04T06:04:44","slug":"viaggio-in-africa-giovanna-nobile","status":"publish","type":"post","link":"https:\/\/www.diocesidiroma.it\/utsroma\/index.php\/viaggio-in-africa-giovanna-nobile\/","title":{"rendered":"Viaggio in Africa, alla scoperta di un luogo senza tempo con Giovanna Nobile"},"content":{"rendered":"<h2><span id=\"Viaggio_in_Africa_il_diario_di_Giovanna_Nobile\" class=\"ez-toc-section\">Viaggio in Africa: il \u201cdiario\u201d di Giovanna Nobile<\/span><\/h2>\n<p>Protagonista della puntata di oggi di\u00a0<strong><em>Parole in onda<\/em><\/strong>, a cura del giornalista Gianni\u00a0<strong>Maritati<\/strong>, \u00e8\u00a0<strong>Giovanna Nobile<\/strong>.\u00a0Tra le autrici che hanno preso parte alla\u00a0<em>Festa del Libro e della Lettura<\/em>\u00a0alla parrocchia di Santa Monica a Ostia, racconta il suo \u201cNegli occhi dell\u2019Africa\u201d.<\/p>\n<p><em>Perch\u00e9 questa passione cos\u00ec forte per l\u2019Africa?<\/em><\/p>\n<p>\u00abQuesta passione nasce da quando avevo circa 16\/17 anni. Sarei voluta andare in Africa, \u00e8 qualcosa di particolare, non sapevo spiegarmelo. Per\u00f2 i miei genitori mi hanno bloccato immediatamente.<\/p>\n<p><img loading=\"lazy\" decoding=\"async\" class=\"wp-image-30235 alignright lazyautosizes lazyloaded td-animation-stack-type0-2\" title=\"Viaggio in Africa, alla scoperta di un luogo senza tempo con Giovanna Nobile 1\" src=\"https:\/\/www.radiopiu.eu\/wp-content\/uploads\/2020\/01\/WhatsApp-Image-2020-01-15-at-18.20.23.jpeg\" sizes=\"auto, 395px\" srcset=\"https:\/\/www.radiopiu.eu\/wp-content\/uploads\/2020\/01\/WhatsApp-Image-2020-01-15-at-18.20.23.jpeg 1200w, https:\/\/www.radiopiu.eu\/wp-content\/uploads\/2020\/01\/WhatsApp-Image-2020-01-15-at-18.20.23-225x300.jpeg 225w, https:\/\/www.radiopiu.eu\/wp-content\/uploads\/2020\/01\/WhatsApp-Image-2020-01-15-at-18.20.23-768x1023.jpeg 768w, https:\/\/www.radiopiu.eu\/wp-content\/uploads\/2020\/01\/WhatsApp-Image-2020-01-15-at-18.20.23-1153x1536.jpeg 1153w, https:\/\/www.radiopiu.eu\/wp-content\/uploads\/2020\/01\/WhatsApp-Image-2020-01-15-at-18.20.23-696x927.jpeg 696w, https:\/\/www.radiopiu.eu\/wp-content\/uploads\/2020\/01\/WhatsApp-Image-2020-01-15-at-18.20.23-1068x1423.jpeg 1068w, https:\/\/www.radiopiu.eu\/wp-content\/uploads\/2020\/01\/WhatsApp-Image-2020-01-15-at-18.20.23-315x420.jpeg 315w\" alt=\"viaggio in africa, giovanna nobile\" width=\"395\" height=\"526\" data-src=\"https:\/\/www.radiopiu.eu\/wp-content\/uploads\/2020\/01\/WhatsApp-Image-2020-01-15-at-18.20.23.jpeg\" data-srcset=\"https:\/\/www.radiopiu.eu\/wp-content\/uploads\/2020\/01\/WhatsApp-Image-2020-01-15-at-18.20.23.jpeg 1200w, https:\/\/www.radiopiu.eu\/wp-content\/uploads\/2020\/01\/WhatsApp-Image-2020-01-15-at-18.20.23-225x300.jpeg 225w, https:\/\/www.radiopiu.eu\/wp-content\/uploads\/2020\/01\/WhatsApp-Image-2020-01-15-at-18.20.23-768x1023.jpeg 768w, https:\/\/www.radiopiu.eu\/wp-content\/uploads\/2020\/01\/WhatsApp-Image-2020-01-15-at-18.20.23-1153x1536.jpeg 1153w, https:\/\/www.radiopiu.eu\/wp-content\/uploads\/2020\/01\/WhatsApp-Image-2020-01-15-at-18.20.23-696x927.jpeg 696w, https:\/\/www.radiopiu.eu\/wp-content\/uploads\/2020\/01\/WhatsApp-Image-2020-01-15-at-18.20.23-1068x1423.jpeg 1068w, https:\/\/www.radiopiu.eu\/wp-content\/uploads\/2020\/01\/WhatsApp-Image-2020-01-15-at-18.20.23-315x420.jpeg 315w\" data-sizes=\"auto\" \/>\u00c8 successo che poi, nel momento in cui sono andata in pensione, Giuseppe Ragona, che aveva fondato la seconda linea missionaria, mi propose di andare in Africa\u00bb.<\/p>\n<h2><span id=\"Viaggio_in_Africa_il_tempo_non_esiste\" class=\"ez-toc-section\">Viaggio in Africa: il tempo non esiste<\/span><\/h2>\n<p>\u00abQuindi immediatamente partii e se devo essere sincera \u2013 spiega Giovanna Nobile \u2013 ho scoperto un nuovo mondo.\u00a0<strong>Non un mondo di fantasia, un mondo di semplicit\u00e0, un modo fuori tempo<\/strong>.<\/p>\n<p>L\u00ec in Africa il tempo non esiste. Non esiste la malattia mentale, la malattia intesa in senso ampio, ma c\u2019\u00e8 sempre il desiderio di tanto amore e di fraternit\u00e0. Ci\u00f2 che manca purtroppo nei nostri paesi occidentali.<\/p>\n<p>Sono stata circa 20 giorni in missione, ho girato tutta la zona di Balaka in\u00a0<a href=\"https:\/\/it.wikipedia.org\/wiki\/Malawi\" target=\"_blank\" rel=\"noopener noreferrer\">Malawi<\/a>\u00a0e Cangau (Angola), altre zone tutte molto povere.<\/p>\n<p>E l\u00ec ho conosciuto, ho cercato di capire la mentalit\u00e0 di queste persone che vivono esclusivamente di pochissimo per\u00f2 si accontentano. Su di loro c\u2019\u00e8 sempre quel sorriso che ti aiuta ad andare avanti. Quindi \u00e8 stata proprio\u00a0<strong>\u201cun\u2019ossigenata\u201d<\/strong>\u00a0per me che venivo da Roma e quindi in un caos di vita totale\u00bb.<\/p>\n<p><img loading=\"lazy\" decoding=\"async\" class=\"alignnone size-full wp-image-30236 lazyautosizes lazyloaded td-animation-stack-type0-2\" title=\"Viaggio in Africa, alla scoperta di un luogo senza tempo con Giovanna Nobile 2\" src=\"https:\/\/www.radiopiu.eu\/wp-content\/uploads\/2020\/01\/africa.jpg\" sizes=\"auto, 696px\" srcset=\"https:\/\/www.radiopiu.eu\/wp-content\/uploads\/2020\/01\/africa.jpg 960w, https:\/\/www.radiopiu.eu\/wp-content\/uploads\/2020\/01\/africa-300x201.jpg 300w, https:\/\/www.radiopiu.eu\/wp-content\/uploads\/2020\/01\/africa-768x514.jpg 768w, https:\/\/www.radiopiu.eu\/wp-content\/uploads\/2020\/01\/africa-696x465.jpg 696w, https:\/\/www.radiopiu.eu\/wp-content\/uploads\/2020\/01\/africa-628x420.jpg 628w\" alt=\"viaggio in africa, africa, bambino\" width=\"960\" height=\"642\" data-src=\"https:\/\/www.radiopiu.eu\/wp-content\/uploads\/2020\/01\/africa.jpg\" data-srcset=\"https:\/\/www.radiopiu.eu\/wp-content\/uploads\/2020\/01\/africa.jpg 960w, https:\/\/www.radiopiu.eu\/wp-content\/uploads\/2020\/01\/africa-300x201.jpg 300w, https:\/\/www.radiopiu.eu\/wp-content\/uploads\/2020\/01\/africa-768x514.jpg 768w, https:\/\/www.radiopiu.eu\/wp-content\/uploads\/2020\/01\/africa-696x465.jpg 696w, https:\/\/www.radiopiu.eu\/wp-content\/uploads\/2020\/01\/africa-628x420.jpg 628w\" data-sizes=\"auto\" \/><\/p>\n<h2><span id=\"Viaggio_in_Africa_la_vita_vera\" class=\"ez-toc-section\">Viaggio in Africa: la vita vera<\/span><\/h2>\n<p><em>E nel libro cosa hai voluto raccontare?\u00a0\u00a0<\/em><\/p>\n<p>\u00ab\u00c8 una specie di diario. Ogni sera ho dedicato queste pagine a un mio carissimo amico (anche lui voleva andare in Africa) che purtroppo non c\u2019\u00e8 pi\u00f9.<\/p>\n<p>Ho raccontato a lui, come appunto a un amico fraterno, ci\u00f2 che avevo fatto durante la giornata\u00bb. C\u2019\u00e8 poi \u00abun piccolo suggerimento ai\u00a0<img loading=\"lazy\" decoding=\"async\" class=\"wp-image-30237 alignright lazyautosizes lazyloaded td-animation-stack-type0-2\" title=\"Viaggio in Africa, alla scoperta di un luogo senza tempo con Giovanna Nobile 3\" src=\"https:\/\/www.radiopiu.eu\/wp-content\/uploads\/2020\/01\/school-1589323_960_720.jpg\" sizes=\"auto, 332px\" srcset=\"https:\/\/www.radiopiu.eu\/wp-content\/uploads\/2020\/01\/school-1589323_960_720.jpg 960w, https:\/\/www.radiopiu.eu\/wp-content\/uploads\/2020\/01\/school-1589323_960_720-300x225.jpg 300w, https:\/\/www.radiopiu.eu\/wp-content\/uploads\/2020\/01\/school-1589323_960_720-768x576.jpg 768w, https:\/\/www.radiopiu.eu\/wp-content\/uploads\/2020\/01\/school-1589323_960_720-80x60.jpg 80w, https:\/\/www.radiopiu.eu\/wp-content\/uploads\/2020\/01\/school-1589323_960_720-265x198.jpg 265w, https:\/\/www.radiopiu.eu\/wp-content\/uploads\/2020\/01\/school-1589323_960_720-696x522.jpg 696w, https:\/\/www.radiopiu.eu\/wp-content\/uploads\/2020\/01\/school-1589323_960_720-560x420.jpg 560w\" alt=\"viaggio in africa, scuola africa\" width=\"332\" height=\"249\" data-src=\"https:\/\/www.radiopiu.eu\/wp-content\/uploads\/2020\/01\/school-1589323_960_720.jpg\" data-srcset=\"https:\/\/www.radiopiu.eu\/wp-content\/uploads\/2020\/01\/school-1589323_960_720.jpg 960w, https:\/\/www.radiopiu.eu\/wp-content\/uploads\/2020\/01\/school-1589323_960_720-300x225.jpg 300w, https:\/\/www.radiopiu.eu\/wp-content\/uploads\/2020\/01\/school-1589323_960_720-768x576.jpg 768w, https:\/\/www.radiopiu.eu\/wp-content\/uploads\/2020\/01\/school-1589323_960_720-80x60.jpg 80w, https:\/\/www.radiopiu.eu\/wp-content\/uploads\/2020\/01\/school-1589323_960_720-265x198.jpg 265w, https:\/\/www.radiopiu.eu\/wp-content\/uploads\/2020\/01\/school-1589323_960_720-696x522.jpg 696w, https:\/\/www.radiopiu.eu\/wp-content\/uploads\/2020\/01\/school-1589323_960_720-560x420.jpg 560w\" data-sizes=\"auto\" \/>miei figli.\u00a0 Ho spiegato cosa significa veramente vivere con la \u201cV\u201d maiuscola e che poteva essere di esempio anche per il loro futuro\u00bb.<\/p>\n<p><em>Ma l\u2019Africa ha bisogno ancora della nostra solidariet\u00e0?<\/em><\/p>\n<p>\u00abLa solidariet\u00e0 che dobbiamo dare all\u2019Africa non \u00e8 dare soldi in prestito.<\/p>\n<p>Ci\u00f2 che serve a loro \u00e8 aprire la mentalit\u00e0 verso un futuro migliore, per cui noi\u00a0<strong>dobbiamo aiutarli attraverso la cultura, lo studio<\/strong>, a migliorarsi. Per essere pi\u00f9 completi nel loro modo di vita. Non hanno bisogno di soldi. Hanno solo bisogno di essere supportati in questo loro sviluppo\u00bb.<\/p>\n<p><em>Ascolta l\u2019intervista:<\/em><\/p>\n<p><iframe loading=\"lazy\" src=\"https:\/\/w.soundcloud.com\/player\/?url=https%3A\/\/api.soundcloud.com\/tracks\/750158629&amp;color=%23ff5500&amp;auto_play=false&amp;hide_related=false&amp;show_comments=true&amp;show_user=true&amp;show_reposts=false&amp;show_teaser=true&amp;visual=true\" width=\"100%\" height=\"300\" frameborder=\"no\" scrolling=\"no\" data-mce-fragment=\"1\"><\/iframe><\/p>\n<p><a href=\"https:\/\/www.utsroma.it\/scrittrici-italiane-liliana-manetti-racconta-colore-di-donna\/\"><strong><em>Ascolta la puntata precedente di \u201cParole in onda\u201d<\/em><\/strong><\/a><\/p>\n","protected":false},"excerpt":{"rendered":"<p>Viaggio in Africa: il \u201cdiario\u201d di Giovanna Nobile Protagonista della puntata di oggi di\u00a0Parole in onda, a cura del giornalista Gianni\u00a0Maritati, \u00e8\u00a0Giovanna Nobile.\u00a0Tra le autrici che hanno preso parte alla\u00a0Festa del Libro e della Lettura\u00a0alla parrocchia di Santa Monica a Ostia, racconta il suo \u201cNegli occhi dell\u2019Africa\u201d. Perch\u00e9 questa passione cos\u00ec forte per l\u2019Africa? \u00abQuesta [&hellip;]<\/p>\n","protected":false},"author":6,"featured_media":1948,"comment_status":"open","ping_status":"open","sticky":false,"template":"","format":"standard","meta":{"footnotes":""},"categories":[20],"tags":[],"class_list":["post-1925","post","type-post","status-publish","format-standard","has-post-thumbnail","hentry","category-notizie"],"_links":{"self":[{"href":"https:\/\/www.diocesidiroma.it\/utsroma\/index.php\/wp-json\/wp\/v2\/posts\/1925","targetHints":{"allow":["GET"]}}],"collection":[{"href":"https:\/\/www.diocesidiroma.it\/utsroma\/index.php\/wp-json\/wp\/v2\/posts"}],"about":[{"href":"https:\/\/www.diocesidiroma.it\/utsroma\/index.php\/wp-json\/wp\/v2\/types\/post"}],"author":[{"embeddable":true,"href":"https:\/\/www.diocesidiroma.it\/utsroma\/index.php\/wp-json\/wp\/v2\/users\/6"}],"replies":[{"embeddable":true,"href":"https:\/\/www.diocesidiroma.it\/utsroma\/index.php\/wp-json\/wp\/v2\/comments?post=1925"}],"version-history":[{"count":1,"href":"https:\/\/www.diocesidiroma.it\/utsroma\/index.php\/wp-json\/wp\/v2\/posts\/1925\/revisions"}],"predecessor-version":[{"id":1949,"href":"https:\/\/www.diocesidiroma.it\/utsroma\/index.php\/wp-json\/wp\/v2\/posts\/1925\/revisions\/1949"}],"wp:featuredmedia":[{"embeddable":true,"href":"https:\/\/www.diocesidiroma.it\/utsroma\/index.php\/wp-json\/wp\/v2\/media\/1948"}],"wp:attachment":[{"href":"https:\/\/www.diocesidiroma.it\/utsroma\/index.php\/wp-json\/wp\/v2\/media?parent=1925"}],"wp:term":[{"taxonomy":"category","embeddable":true,"href":"https:\/\/www.diocesidiroma.it\/utsroma\/index.php\/wp-json\/wp\/v2\/categories?post=1925"},{"taxonomy":"post_tag","embeddable":true,"href":"https:\/\/www.diocesidiroma.it\/utsroma\/index.php\/wp-json\/wp\/v2\/tags?post=1925"}],"curies":[{"name":"wp","href":"https:\/\/api.w.org\/{rel}","templated":true}]}}