{"id":1933,"date":"2020-02-03T08:59:08","date_gmt":"2020-02-03T07:59:08","guid":{"rendered":"https:\/\/www.utsroma.it\/?p=1933"},"modified":"2020-03-04T07:00:58","modified_gmt":"2020-03-04T06:00:58","slug":"locus-iste-dallo-spartito-al-romanzo-giallo","status":"publish","type":"post","link":"https:\/\/www.diocesidiroma.it\/utsroma\/index.php\/locus-iste-dallo-spartito-al-romanzo-giallo\/","title":{"rendered":"Locus Iste, dallo spartito al romanzo giallo"},"content":{"rendered":"<h2><em>Locus Iste<\/em>: il romanzo di Rossella Cirigliano<\/h2>\n<p>Nella puntata di oggi di <strong><em>Parole in onda<\/em><\/strong> il giornalista <strong>Gianni Maritati<\/strong> intervista una delle protagoniste dell&#8217;ultima <a href=\"https:\/\/www.facebook.com\/FestadellibroOstia\/\">Festa del Libro e della Lettura di Ostia<\/a>: <strong>Rossella Cirigliano<\/strong>, corista della Parrocchia di Santa Monica e autrice di <em>Locus Iste<\/em>.<\/p>\n<p><strong><em>Perch\u00e9 questo titolo cos\u00ec enigmatico?<\/em><\/strong><\/p>\n<p><em>\u00abLocus iste<\/em>, dal latino &#8220;questo luogo&#8221;, \u00e8 un brano di un compositore di musica classica, sacra, <a href=\"https:\/\/it.wikipedia.org\/wiki\/Anton_Bruckner\">Anton Bruckner<\/a>. Ho utilizzato lo spartito sulla copertina proprio perch\u00e9 mi piace molto questo brano che canto con il mio coro. Quindi ho voluto coniugare le mie due attivit\u00e0 di scrittrice e corista. So cantare questo brano e allo stesso tempo ci ho messo su un giallo\u00bb.<\/p>\n<p><em>Ascolta l&#8217;intervista:<\/em><\/p>\n<p><iframe loading=\"lazy\" src=\"https:\/\/w.soundcloud.com\/player\/?url=https%3A\/\/api.soundcloud.com\/tracks\/754166125&amp;color=%23ff5500&amp;auto_play=false&amp;hide_related=false&amp;show_comments=true&amp;show_user=true&amp;show_reposts=false&amp;show_teaser=true&amp;visual=true\" width=\"100%\" height=\"300\" frameborder=\"no\" scrolling=\"no\" data-mce-fragment=\"1\"><\/iframe><\/p>\n<h2><em>Locus Iste<\/em>: la passione per il mistero<\/h2>\n<p><strong><em>Il giallo ti appartiene come genere. Anche i libri precedenti hanno un po\u2019 del misterioso\u2026<\/em><\/strong><\/p>\n<p>\u00abHo sempre ho avuto la passione per il giallo, diciamo non tanto per il poliziesco ma per il <strong>thriller psicologico<\/strong>, dell\u2019introspezione. Non sono mai riuscita a prescindere dal mistero, pi\u00f9 che dalla indagini fini a se stesse. Un mistero da dipanare nel corso dello svolgimento.<\/p>\n<p>Nello specifico in <em>Locus Iste<\/em> parlo di una magistrato e di una corista soprano che percorrono una strada parallela fino a un certo punto per poi intrecciarsi e fondersi alla fine in un finale<\/p>\n<figure id=\"attachment_30404\" aria-describedby=\"caption-attachment-30404\" style=\"width: 304px\" class=\"wp-caption alignright\"><img loading=\"lazy\" decoding=\"async\" class=\" wp-image-30404\" src=\"http:\/\/www.radiopiu.eu\/wp-content\/uploads\/2020\/02\/WhatsApp-Image-2020-01-23-at-20.20.25.jpeg\" alt=\"locus iste\" width=\"304\" height=\"405\" \/><figcaption id=\"caption-attachment-30404\" class=\"wp-caption-text\">Rossella Cirigliano<\/figcaption><\/figure>\n<p>abbastanza di impatto e spero inaspettato.<\/p>\n<p>C\u2019\u00e8 l\u2019amore, pi\u00f9 pensato, sentito che non espresso in scene esplicite, e poi l\u2019omicidio che \u00e8 un po\u2019 un argomento che unisce le sorti dei personaggi\u00bb.<\/p>\n<p><strong><em>Ma la giustizia trionfa sempre?<\/em><\/strong><\/p>\n<p>\u00abS\u00ec, nel mio caso s\u00ec, per quanto riguarda la scoperta dei colpevoli. \u00c8 anche un discorso di giustizia rispetto alla libert\u00e0 di espressione di individui nella societ\u00e0. Quindi il libro non \u00e8 solo improntato sull\u2019omicidio e sulle indagini ma anche e soprattutto sui sentimenti dei personaggi, su quello che provano, quello che attraversano, quello che hanno vissuto, il \u201crisolversi\u201d individuale dei personaggi che va di pari passo con l\u2019azione, con il movimento, che rende un po\u2019 pi\u00f9 \u201cpepato\u201d il tutto\u00bb.<\/p>\n<p><a href=\"https:\/\/www.utsroma.it\/viaggio-in-africa-giovanna-nobile\/\"><strong><em>Ascolta la puntata precedente di &#8220;Parole in onda&#8221;\u00a0<\/em><\/strong><\/a><\/p>\n","protected":false},"excerpt":{"rendered":"<p>Locus Iste: il romanzo di Rossella Cirigliano Nella puntata di oggi di Parole in onda il giornalista Gianni Maritati intervista una delle protagoniste dell&#8217;ultima Festa del Libro e della Lettura di Ostia: Rossella Cirigliano, corista della Parrocchia di Santa Monica e autrice di Locus Iste. Perch\u00e9 questo titolo cos\u00ec enigmatico? \u00abLocus iste, dal latino &#8220;questo [&hellip;]<\/p>\n","protected":false},"author":6,"featured_media":1944,"comment_status":"open","ping_status":"open","sticky":false,"template":"","format":"standard","meta":{"footnotes":""},"categories":[20],"tags":[],"class_list":["post-1933","post","type-post","status-publish","format-standard","has-post-thumbnail","hentry","category-notizie"],"_links":{"self":[{"href":"https:\/\/www.diocesidiroma.it\/utsroma\/index.php\/wp-json\/wp\/v2\/posts\/1933","targetHints":{"allow":["GET"]}}],"collection":[{"href":"https:\/\/www.diocesidiroma.it\/utsroma\/index.php\/wp-json\/wp\/v2\/posts"}],"about":[{"href":"https:\/\/www.diocesidiroma.it\/utsroma\/index.php\/wp-json\/wp\/v2\/types\/post"}],"author":[{"embeddable":true,"href":"https:\/\/www.diocesidiroma.it\/utsroma\/index.php\/wp-json\/wp\/v2\/users\/6"}],"replies":[{"embeddable":true,"href":"https:\/\/www.diocesidiroma.it\/utsroma\/index.php\/wp-json\/wp\/v2\/comments?post=1933"}],"version-history":[{"count":1,"href":"https:\/\/www.diocesidiroma.it\/utsroma\/index.php\/wp-json\/wp\/v2\/posts\/1933\/revisions"}],"predecessor-version":[{"id":1945,"href":"https:\/\/www.diocesidiroma.it\/utsroma\/index.php\/wp-json\/wp\/v2\/posts\/1933\/revisions\/1945"}],"wp:featuredmedia":[{"embeddable":true,"href":"https:\/\/www.diocesidiroma.it\/utsroma\/index.php\/wp-json\/wp\/v2\/media\/1944"}],"wp:attachment":[{"href":"https:\/\/www.diocesidiroma.it\/utsroma\/index.php\/wp-json\/wp\/v2\/media?parent=1933"}],"wp:term":[{"taxonomy":"category","embeddable":true,"href":"https:\/\/www.diocesidiroma.it\/utsroma\/index.php\/wp-json\/wp\/v2\/categories?post=1933"},{"taxonomy":"post_tag","embeddable":true,"href":"https:\/\/www.diocesidiroma.it\/utsroma\/index.php\/wp-json\/wp\/v2\/tags?post=1933"}],"curies":[{"name":"wp","href":"https:\/\/api.w.org\/{rel}","templated":true}]}}