{"id":1968,"date":"2020-03-06T08:55:55","date_gmt":"2020-03-06T07:55:55","guid":{"rendered":"https:\/\/www.diocesidiroma.it\/utsroma\/\/?p=1968"},"modified":"2020-03-06T08:55:55","modified_gmt":"2020-03-06T07:55:55","slug":"coronavirus-sport","status":"publish","type":"post","link":"https:\/\/www.diocesidiroma.it\/utsroma\/index.php\/coronavirus-sport\/","title":{"rendered":"Coronavirus: dal CSI all&#8217;US Acli, anche lo sport si ferma"},"content":{"rendered":"<h2>Coronavirus: il decreto della Presidenza del Consiglio dei Ministri del 4 marzo e le comunicazioni dalla Diocesi di Roma<\/h2>\n<p>Scuole chiuse fino al prossimo 15 marzo. Sospesi congressi, riunioni e manifestazioni. Niente abbracci, n\u00e9 strette di mano. Sono queste alcune delle misure riguardanti il contrasto e il contenimento sull\u2019intero territorio nazionale del\u00a0<img loading=\"lazy\" decoding=\"async\" class=\"size-medium wp-image-32794 alignright\" src=\"https:\/\/www.radiopiu.eu\/wp-content\/uploads\/2020\/03\/kids-1093758_640-1-300x200.jpg\" sizes=\"auto, (max-width: 300px) 100vw, 300px\" srcset=\"https:\/\/www.radiopiu.eu\/wp-content\/uploads\/2020\/03\/kids-1093758_640-1-300x200.jpg 300w, https:\/\/www.radiopiu.eu\/wp-content\/uploads\/2020\/03\/kids-1093758_640-1.jpg 640w\" alt=\"coronavirus, bambini\" width=\"300\" height=\"200\" \/>diffondersi del Coronavirus contenute nel<a href=\"http:\/\/www.governo.it\/it\/articolo\/coronavirus-firmato-il-dpcm-4-marzo-2020\/14241\" target=\"_blank\" rel=\"noopener noreferrer\">\u00a0Dpcm\u00a0<\/a>firmato ieri dal presidente del Consiglio Giuseppe Conte.<\/p>\n<p>Insomma, si legge nel decreto, \u00absono sospesi gli eventi di qualsiasi natura svolti in ogni luogo sia pubblico che privato, che comportano affollamento di persone tale da non consentire il rispetto della distanza di sicurezza interpersonale di almeno un metro\u00bb.<\/p>\n<p>E nel pomeriggio arrivano le\u00a0<a href=\"https:\/\/www.radiopiu.eu\/coronavirus-diocesi-di-roma-attivita-sospese\/\">comunicazioni da parte della Diocesi di Roma.<\/a>\u00a0\u00abLa comunit\u00e0 diocesana di Roma \u2013 queste le parole di\u00a0<strong>monsignor Pierangelo Pedretti, prelato segretario del Vicariato,\u00a0<\/strong>accoglie con fiducia tali indicazioni, a tutela del bene comune e della salute pubblica. Per arginare l\u2019emergenza Coronavirus si dispone che nella nostra Diocesi le attivit\u00e0 pastorali non sacramentali rivolte a gruppi di fedeli siano sospese fino al prossimo 15 marzo\u00bb.<\/p>\n<h2>Coronavirus: sport, le attivit\u00e0 sospese<\/h2>\n<p>Stop dunque a catechismo, attivit\u00e0 associative e oratoriali. E intanto in citt\u00e0<strong>\u00a0saltano storici eventi sportivi<\/strong>\u00a0come la Mezza Maratona di Roma-Ostia e la Maratona di Roma. Annunciata e attesa con lo storico motto \u201cPray and Play\u201d, la\u00a0<a href=\"https:\/\/www.radiopiu.eu\/clericus-cup-2020-play-and-pray\/\">Clericus Cup 2020<\/a>\u00a0non gioca ancora. Resta solo la preghiera ai 300 seminaristi e sacerdoti iscritti.\u00a0 A causa dell\u2019emergenza sanitaria internazionale legata al covid-19, ha ancora sottolineato monsignor Pedretti \u00abil cammino\u00a0<img loading=\"lazy\" decoding=\"async\" class=\"size-medium wp-image-25316 alignleft\" src=\"https:\/\/www.radiopiu.eu\/wp-content\/uploads\/2019\/03\/football-606235_960_720-300x200.jpg\" sizes=\"auto, (max-width: 300px) 100vw, 300px\" srcset=\"https:\/\/www.radiopiu.eu\/wp-content\/uploads\/2019\/03\/football-606235_960_720-300x200.jpg 300w, https:\/\/www.radiopiu.eu\/wp-content\/uploads\/2019\/03\/football-606235_960_720-768x511.jpg 768w, https:\/\/www.radiopiu.eu\/wp-content\/uploads\/2019\/03\/football-606235_960_720-600x399.jpg 600w, https:\/\/www.radiopiu.eu\/wp-content\/uploads\/2019\/03\/football-606235_960_720.jpg 960w\" alt=\"coronavirus, calcio\" width=\"300\" height=\"200\" \/>spirituale della Quaresima 2020 ha assunto una forma inedita\u00bb.<\/p>\n<p>Una Quaresima in cui \u00abchiederemo un sacrificio a tutti i nostri atleti, tesserati, societ\u00e0 sportive in un\u2019ottica di responsabilit\u00e0 collettiva\u00bb ha detto ai nostri microfoni\u00a0<strong>Daniele Pasquini, presidente del Centro Sportivo Italiano, comitato di Roma<\/strong>.<\/p>\n<p>\u00abIl decreto della presidenza del Consiglio dei Ministri, di fatto, per l\u2019attivit\u00e0 sportiva di base, tiene comunque alcune possibilit\u00e0 aperte, come svolgimento delle attivit\u00e0 a porte chiuse. Ma abbiamo voluto sospendere l\u2019attivit\u00e0 anche per dare un segnale di chiarezza e di responsabilit\u00e0 riprendendo, se ci saranno le condizioni, dopo il 15 marzo, le competizioni, le gare, le formazioni, tutti gli eventi formativi\u00bb.<\/p>\n<p><strong><em>Ascolta la puntata di Radiopi\u00f9 Sport del 5-3-2020:<\/em><\/strong><\/p>\n<p><iframe loading=\"lazy\" src=\"https:\/\/widget.spreaker.com\/player?episode_id=23511892&amp;theme=light&amp;playlist=false&amp;playlist-continuous=false&amp;chapters-image=true&amp;autoplay=false&amp;live-autoplay=false&amp;episode_image_position=right&amp;hide-likes=false&amp;hide-comments=false&amp;hide-sharing=false&amp;hide-logo=false&amp;hide-download=true\" width=\"100%\" height=\"200px\" frameborder=\"0\" data-mce-fragment=\"1\"><\/iframe><\/p>\n<h2>Coronavirus: CSI, riflessione e senso civico<\/h2>\n<p>\u00abPotete immaginare le centinaia di telefonate di preoccupazione che ci arrivano dai dirigenti, dai genitori, di preoccupazione. Forse questi giorni di pausa\u00a0 \u2013 sottolinea ancora Pasquini \u2013 ci aiuteranno anche a riflettere e a calmarci ulteriormente e ad affrontare con pi\u00f9 lucidit\u00e0 il prosieguo\u00bb.<\/p>\n<p>Credo anche che ci sia un senso civico che va condiviso un po\u2019 con tutti e che anche i ragazzi sapranno mostrare probabilmente anche pi\u00f9 saggezza di alcuni adulti. Affronteranno questi dieci giorni senza giocare sui campi, sappiamo che avranno modo di comunicare tra di loro anche attraverso i social e in altri modi.<\/p>\n<p>Preferiamo una sospensione, un periodo di sacrificio adesso per poter tornare con pi\u00f9 serenit\u00e0 dopo a giocare senza pensieri. Purtroppo in questi giorni anche se su Roma e in provincia non c\u2019erano particolari limitazioni all\u2019attivit\u00e0 sportiva comunque c\u2019era molta preoccupazione da parte delle famiglie e delle societ\u00e0 sportive. Questo decreto ci d\u00e0 un quadro in cui incanalarci e comportarci tutti alla stessa maniera\u00bb.<\/p>\n<h2>Coronavirus: ferma anche US Acli Roma<\/h2>\n<div id=\"js_if\" class=\"_5pbx userContent _3576\" data-testid=\"post_message\" data-ft=\"{&quot;tn&quot;:&quot;K&quot;}\">\n<div id=\"id_5e60e5d47583e2f30972348\" class=\"text_exposed_root text_exposed\">Cos\u00ec lo sport, \u00abdi norma chiamato a unire le persone, oggi ha il compito prioritario di preservarne la salute\u00bb. \u00c8 quanto si legge in un comunicato di Us Acli di Roma che ha deciso di sospendere in via precauzionale da oggi fino al 15 marzo compreso, tutte le competizioni sportive dei Campionati provinciali di calcio a 11, calcio a 5, calcio giovanile, pallavolo, nuoto e ginnastica art<span class=\"text_exposed_show\">istica in corso.<\/span><\/div>\n<\/div>\n<p><span class=\"text_exposed_show\">\u00abDobbiamo rispettare il decreto che parla della distanza interpersonale di almeno un metro \u2013 ci spiega\u00a0<strong>Luca Serangeli, presidente di Us Acli Roma<\/strong>\u00a0\u2013 e in queste discipline \u00e8 impossibile mantenerla. Quindi la disposizione che abbiamo dato alle nostre societ\u00e0 \u00e8 o di fare attivit\u00e0 all\u2019aperto o comunque se allenamenti al chiuso solo per quelle discipline che consentono questa distanza interpersonale tra l\u2019istruttore e i ragazzi. Nei giochi di strada, il calcio, la pallavolo, il basket, c\u2019\u00e8 il contatto. Quindi questa distanza non pu\u00f2 essere mantenuta\u00bb.\u00a0<\/span><\/p>\n<h3>Suor Francesca Barbanera (Pgs): \u201cI ragazzi hanno delle risorse per non scoraggiarsi troppo\u201d<\/h3>\n<p>\u00abTutti i nostri ragazzi frequentano ambienti dove c\u2019\u00e8 promiscuit\u00e0, dove sono vicino e a contatto con gli altri\u00bb queste ancora, a Radiopi\u00f9 Sport, le parole di\u00a0<strong>suor Francesca Barbanera, referente delle Polisportive Giovanili Salesiane di\u00a0<img loading=\"lazy\" decoding=\"async\" class=\"size-medium wp-image-32795 alignright\" src=\"https:\/\/www.radiopiu.eu\/wp-content\/uploads\/2020\/03\/photo-1523221746585-396fbfea5033-300x200.jpg\" sizes=\"auto, (max-width: 300px) 100vw, 300px\" srcset=\"https:\/\/www.radiopiu.eu\/wp-content\/uploads\/2020\/03\/photo-1523221746585-396fbfea5033-300x200.jpg 300w, https:\/\/www.radiopiu.eu\/wp-content\/uploads\/2020\/03\/photo-1523221746585-396fbfea5033.jpg 750w\" alt=\"coronavirus, sport\" width=\"300\" height=\"200\" \/>Roma<\/strong>. \u00abPer evitare dei contagi abbiamo dato disposizioni che tutte le attivit\u00e0 all\u2019interno della Diocesi di Roma e di tutta Italia saranno sospese. Poi aspetteremo le ulteriori disposizioni. Chiaramente se tutto questo serve a tutelare il contenimento della diffusione del virus, ci sembra giusto evitare di esporre i ragazzi e le fasce pi\u00f9 deboli a un eventuale contagio. Ci atteniamo a quello che lo Stato ci dice.<\/p>\n<p>Questa per i ragazzi sar\u00e0 una esperienza molto strana, come \u00e8 strana per noi educatori. La stiamo vivendo in maniera nuova. Non ci eravamo mai trovati di fronte a queste realt\u00e0. Certamente i ragazzi e i bambini in modo particolare speriamo che vengano aiutati anche dalle famiglie a vivere questa dimensione in maniera non tanto drammatica, a capire che \u00e8 una cosa passeggera, che pu\u00f2 capitare.\u00a0<strong>Sono 10 giorni, ma i ragazzi hanno delle risorse interiori per non scoraggiarsi troppo<\/strong>.<\/p>\n<p>I ragazzi si rifaranno, speriamo che effettivamente si riescano a fare delle lezioni online come era stato detto in modo che loro giornate siano piene anche di qualcosa di diverso dai videogiochi. Anche queste esperienze servono\u00bb.<\/p>\n<p>&nbsp;<\/p>\n<p>&nbsp;<\/p>\n","protected":false},"excerpt":{"rendered":"<p>Coronavirus: il decreto della Presidenza del Consiglio dei Ministri del 4 marzo e le comunicazioni dalla Diocesi di Roma Scuole chiuse fino al prossimo 15 marzo. Sospesi congressi, riunioni e manifestazioni. Niente abbracci, n\u00e9 strette di mano. Sono queste alcune delle misure riguardanti il contrasto e il contenimento sull\u2019intero territorio nazionale del\u00a0diffondersi del Coronavirus contenute [&hellip;]<\/p>\n","protected":false},"author":6,"featured_media":1801,"comment_status":"open","ping_status":"open","sticky":false,"template":"","format":"standard","meta":{"footnotes":""},"categories":[20],"tags":[],"class_list":["post-1968","post","type-post","status-publish","format-standard","has-post-thumbnail","hentry","category-notizie"],"_links":{"self":[{"href":"https:\/\/www.diocesidiroma.it\/utsroma\/index.php\/wp-json\/wp\/v2\/posts\/1968","targetHints":{"allow":["GET"]}}],"collection":[{"href":"https:\/\/www.diocesidiroma.it\/utsroma\/index.php\/wp-json\/wp\/v2\/posts"}],"about":[{"href":"https:\/\/www.diocesidiroma.it\/utsroma\/index.php\/wp-json\/wp\/v2\/types\/post"}],"author":[{"embeddable":true,"href":"https:\/\/www.diocesidiroma.it\/utsroma\/index.php\/wp-json\/wp\/v2\/users\/6"}],"replies":[{"embeddable":true,"href":"https:\/\/www.diocesidiroma.it\/utsroma\/index.php\/wp-json\/wp\/v2\/comments?post=1968"}],"version-history":[{"count":3,"href":"https:\/\/www.diocesidiroma.it\/utsroma\/index.php\/wp-json\/wp\/v2\/posts\/1968\/revisions"}],"predecessor-version":[{"id":2047,"href":"https:\/\/www.diocesidiroma.it\/utsroma\/index.php\/wp-json\/wp\/v2\/posts\/1968\/revisions\/2047"}],"wp:featuredmedia":[{"embeddable":true,"href":"https:\/\/www.diocesidiroma.it\/utsroma\/index.php\/wp-json\/wp\/v2\/media\/1801"}],"wp:attachment":[{"href":"https:\/\/www.diocesidiroma.it\/utsroma\/index.php\/wp-json\/wp\/v2\/media?parent=1968"}],"wp:term":[{"taxonomy":"category","embeddable":true,"href":"https:\/\/www.diocesidiroma.it\/utsroma\/index.php\/wp-json\/wp\/v2\/categories?post=1968"},{"taxonomy":"post_tag","embeddable":true,"href":"https:\/\/www.diocesidiroma.it\/utsroma\/index.php\/wp-json\/wp\/v2\/tags?post=1968"}],"curies":[{"name":"wp","href":"https:\/\/api.w.org\/{rel}","templated":true}]}}