{"id":2024,"date":"2020-03-12T10:45:31","date_gmt":"2020-03-12T09:45:31","guid":{"rendered":"https:\/\/www.diocesidiroma.it\/utsroma\/\/?p=2024"},"modified":"2020-03-12T10:45:31","modified_gmt":"2020-03-12T09:45:31","slug":"athletica-vaticana-allenamento-spirituale","status":"publish","type":"post","link":"https:\/\/www.diocesidiroma.it\/utsroma\/index.php\/athletica-vaticana-allenamento-spirituale\/","title":{"rendered":"Athletica Vaticana, l&#8217;allenamento spirituale verso la Pasqua"},"content":{"rendered":"<h2>Athletica Vaticana: l&#8217;itinerario spirituale<\/h2>\n<p>\u00c8 nato in Quaresima, periodo che coincideva con quello della preparazione alla Maratona di Roma, poi annullata, a seguito dell&#8217;emergenza Coronavirus nel nostro Paese. Si \u00e8 trasformato, cos\u00ec, in questi giorni surreali in cui tutto si ferma e anche le <a href=\"https:\/\/www.radiopiu.eu\/coronavirus-diocesi-di-roma-8-marzo\/\">Messe si celebrano a porte chiuse<\/a>, in un&#8217;occasione di riflessione.<\/p>\n<p>\u00c8 &#8216;itinerario spirituale promosso da <a href=\"https:\/\/www.facebook.com\/athleticavaticana\/\"><strong>Athletica Vaticana<\/strong><\/a>. Ogni settimana un sacerdote maratoneta suggerisce ai runner una meditazione. Ne parliamo, nella puntata di oggi di Radiopi\u00f9 Sport, con <strong>Giampaolo Mattei<\/strong>, giornalista dell\u2019<em>Osservatore Romano<\/em> e tra i fondatori della societ\u00e0 sportiva di Papa Francesco.<\/p>\n<p><iframe loading=\"lazy\" src=\"https:\/\/widget.spreaker.com\/player?episode_id=23783132&amp;theme=light&amp;playlist=false&amp;playlist-continuous=false&amp;autoplay=false&amp;live-autoplay=false&amp;chapters-image=true&amp;episode_image_position=right&amp;hide-logo=false&amp;hide-likes=false&amp;hide-comments=false&amp;hide-sharing=false&amp;hide-download=true\" width=\"100%\" height=\"200px\" frameborder=\"0\"><\/iframe><\/p>\n<h2>Athletica Vaticana: un cammino fatto di sacrifici, lo sport come metafora<\/h2>\n<p>\u00abLo spirito di Athletica Vaticana fin dall&#8217;inizio \u00e8 quello di non correre e basta. Sono due i nostri slogan. Non corriamo e basta e proviamo a correre insieme. Non c&#8217;era bisogno di una squadra, espressione della Santa Sede, per correre. Ce ne sono tante, persino meglio organizzate di noi e che fanno attivit\u00e0 solidale. Obiettivo \u00e8 lanciare dei messaggi concreti vivendoli di spiritualit\u00e0, di solidariet\u00e0 e cultura.<\/p>\n<p>Quindi nel periodo di Quaresima ci \u00e8 sembrato normale, avendo in squadra numerosi sacerdoti, una suora e due vescovi di proporre delle meditazioni molto semplici per gli sportivi, per le famiglie, per gli allenatori, per chi vive lo sport nel senso pi\u00f9 ampio del termine.<\/p>\n<figure id=\"attachment_26070\" aria-describedby=\"caption-attachment-26070\" style=\"width: 300px\" class=\"wp-caption alignright\"><img loading=\"lazy\" decoding=\"async\" class=\"size-medium wp-image-26070\" src=\"https:\/\/www.radiopiu.eu\/wp-content\/uploads\/2019\/04\/athletica-300x194.jpg\" alt=\"athletica vaticana\" width=\"300\" height=\"194\" \/><figcaption id=\"caption-attachment-26070\" class=\"wp-caption-text\">Foto Athletica Vaticana<\/figcaption><\/figure>\n<p>Lo sport\u00a0 &#8211; spiega Giampaolo Mattei &#8211; si presta a molte metafore spirituali. <strong>Preparare la Quaresima \u00e8 come preparare una maratona. Ci vuole pazienza, il risultato non arriva subito<\/strong>. Ci vogliono 40 giorni, la maratona \u00e8 fatta di 42 km. \u00c8 un cammino fatto di sacrifici. Anche di digiuno, perch\u00e9 no. Per andare a correre una maratona siamo attenti a cosa mangiare.<\/p>\n<p>La maratona stessa ha comunque un richiamo spirituale. \u00c8 una corsa che si fa da soli, che richiede mesi di preparazione, sotto il freddo, sotto il caldo, sotto la pioggia perch\u00e9 non si possono perdere gli allenamenti. Quindi perch\u00e9 non fare anche un allenamento spirituale? E quindi abbiamo chiesto ad alcuni dei nostri atleti, quattro sacerdoti e una suora, di proporre una meditazione per ogni domenica di Quaresima\u00bb.<\/p>\n<h2>Athletica Vaticana: riempire il vuoto con Dio<\/h2>\n<p>A scandire il passo <a href=\"https:\/\/www.radiopiu.eu\/clericus-cup-2020-play-and-pray\/\">monsignor Melchor Sanchez de Toca<\/a>, sottosegretario del Pontificio Consiglio della Cultura e presidente di Athletica Vaticana. \u00abUn programma di allenamento\u00a0 &#8211; queste le sue parole &#8211; pu\u00f2 diventare cos\u00ec anche metafora della Quaresima, non diversamente da come san Paolo parlava della corsa nelle sue lettere per spiegare lo sforzo del cristiano. Il passo pi\u00f9 famoso \u00e8 tratto dalla prima Lettera ai Corinzi (9, 24): \u201cNon sapete che, nelle corse allo stadio, tutti corrono, ma uno solo conquista il premio? Correte anche voi in modo da conquistarlo!\u201d<\/p>\n<p>Considerare la Quaresima come processo \u2013 di cambiamento, di conversione a Dio \u2013 significa che se anche, sin dall\u2019inizio, mettiamo tutto l\u2019impegno, gli obiettivi si raggiungeranno solo gradualmente, passo dopo passo. La conversione\u00a0 &#8211; scrive ancora monsignor Sanchez &#8211; non \u00e8 opera di un istante, ma il risultato di un processo che tende verso l\u2019abbraccio con Cristo, morto e risorto per noi\u201d\u00bb.<\/p>\n<p>Domenica scorsa, domenica della Trasfigurazione, \u00e8 sta poi la volta di <strong>don Giovanni Bontempo<\/strong>, officiale del Dicastero laici famiglia e vita, che in questi giorni di vuoto, di paura del vuoto, ha invitato gli atleti a guardarsi dentro. \u00abL\u2019umanit\u00e0\u00a0 &#8211; ha detto &#8211; mostra la sua vera bellezza quando \u00e8 riempita di Dio\u00bb.<\/p>\n<h2>Athletica Vaticana: correre per migliorare se stessi<\/h2>\n<p>Seguir\u00e0 (15 marzo) <strong>monsignor Andrea Palmieri<\/strong> sottosegretario del Pontificio consiglio per la promozione dell&#8217;unit\u00e0 dei cristiani poi sar\u00e0 <strong>suor Marie-Theo<\/strong>, provinciale della Congregazione Romana di San Domenico (22 marzo) e concluder\u00e0 <strong>monsignor Daniel Tumiel,<\/strong> officiale della Segreteria di Stato. Sono 5 riflessioni molto semplici che ognuno si pu\u00f2 portare con s\u00e9 anche nei suoi allenamenti.<\/p>\n<p><img loading=\"lazy\" decoding=\"async\" class=\"size-medium wp-image-21637 alignleft\" src=\"https:\/\/www.radiopiu.eu\/wp-content\/uploads\/2018\/09\/mezza-maratona-roma-300x200.jpg\" alt=\"athletica vaticana, corsa \" width=\"300\" height=\"200\" \/>Viene consegnata a tutti e ciascuno la diffonde. Per esempio, se a me arriva, la giro a tutti i miei amici runner indipendentemente dalla squadra di appartenenza in modo da diffondere un certo messaggio, cio\u00e8 che la Quaresima, come la preparazione di una maratona, non \u00e8 un periodo triste ma un periodo in cui prepari qualcosa di pi\u00f9 bello, la Pasqua.<\/p>\n<p>\u00c8 un modo per migliorare se stessi come uomini e come persone. Credo ci sia una coincidenza tra questo tipo di preparazione spirituale e fisica.<\/p>\n<p>\u00c8 una piccola proposta molto semplice, libera, perch\u00e9 ti arriva questo testo, si impiega pochi minuti a leggerlo. Magari ci si scrive dei passaggi, ti ci riconosci. Proporre idee solidali e spirituali per Athletica Vaticana \u00e8 normale\u00bb.<\/p>\n<p>Leggi e ascolta anche &#8211; <a href=\"https:\/\/www.diocesidiroma.it\/utsroma\/\/index.php\/coronavirus-sport\/\">CORONAVIRUS: DAL CSI ALL\u2019US ACLI, ANCHE LO SPORT SI FERMA<\/a><\/p>\n","protected":false},"excerpt":{"rendered":"<p>Athletica Vaticana: l&#8217;itinerario spirituale \u00c8 nato in Quaresima, periodo che coincideva con quello della preparazione alla Maratona di Roma, poi annullata, a seguito dell&#8217;emergenza Coronavirus nel nostro Paese. Si \u00e8 trasformato, cos\u00ec, in questi giorni surreali in cui tutto si ferma e anche le Messe si celebrano a porte chiuse, in un&#8217;occasione di riflessione. \u00c8 [&hellip;]<\/p>\n","protected":false},"author":6,"featured_media":2025,"comment_status":"open","ping_status":"open","sticky":false,"template":"","format":"standard","meta":{"footnotes":""},"categories":[20],"tags":[],"class_list":["post-2024","post","type-post","status-publish","format-standard","has-post-thumbnail","hentry","category-notizie"],"_links":{"self":[{"href":"https:\/\/www.diocesidiroma.it\/utsroma\/index.php\/wp-json\/wp\/v2\/posts\/2024","targetHints":{"allow":["GET"]}}],"collection":[{"href":"https:\/\/www.diocesidiroma.it\/utsroma\/index.php\/wp-json\/wp\/v2\/posts"}],"about":[{"href":"https:\/\/www.diocesidiroma.it\/utsroma\/index.php\/wp-json\/wp\/v2\/types\/post"}],"author":[{"embeddable":true,"href":"https:\/\/www.diocesidiroma.it\/utsroma\/index.php\/wp-json\/wp\/v2\/users\/6"}],"replies":[{"embeddable":true,"href":"https:\/\/www.diocesidiroma.it\/utsroma\/index.php\/wp-json\/wp\/v2\/comments?post=2024"}],"version-history":[{"count":4,"href":"https:\/\/www.diocesidiroma.it\/utsroma\/index.php\/wp-json\/wp\/v2\/posts\/2024\/revisions"}],"predecessor-version":[{"id":2029,"href":"https:\/\/www.diocesidiroma.it\/utsroma\/index.php\/wp-json\/wp\/v2\/posts\/2024\/revisions\/2029"}],"wp:featuredmedia":[{"embeddable":true,"href":"https:\/\/www.diocesidiroma.it\/utsroma\/index.php\/wp-json\/wp\/v2\/media\/2025"}],"wp:attachment":[{"href":"https:\/\/www.diocesidiroma.it\/utsroma\/index.php\/wp-json\/wp\/v2\/media?parent=2024"}],"wp:term":[{"taxonomy":"category","embeddable":true,"href":"https:\/\/www.diocesidiroma.it\/utsroma\/index.php\/wp-json\/wp\/v2\/categories?post=2024"},{"taxonomy":"post_tag","embeddable":true,"href":"https:\/\/www.diocesidiroma.it\/utsroma\/index.php\/wp-json\/wp\/v2\/tags?post=2024"}],"curies":[{"name":"wp","href":"https:\/\/api.w.org\/{rel}","templated":true}]}}