{"id":2037,"date":"2020-02-06T12:57:36","date_gmt":"2020-02-06T11:57:36","guid":{"rendered":"https:\/\/www.diocesidiroma.it\/utsroma\/\/?p=2037"},"modified":"2020-03-13T14:28:35","modified_gmt":"2020-03-13T13:28:35","slug":"giorno-del-ricordo-la-corsa-nel-quartiere-giuliano-dalmata","status":"publish","type":"post","link":"https:\/\/www.diocesidiroma.it\/utsroma\/index.php\/giorno-del-ricordo-la-corsa-nel-quartiere-giuliano-dalmata\/","title":{"rendered":"Giorno del Ricordo: la corsa nel quartiere giuliano-dalmata"},"content":{"rendered":"<h2>Giorno del Ricordo: la corsa del 9 febbraio<\/h2>\n<p>Partir\u00e0 da via Oscar Sinigaglia, la strada romana dedicata all&#8217;ingegnere e industriale che diresse insieme alla moglie Marcella Mayer l&#8217;opera per l&#8217;assistenza ai profughi giuliani e dalmati, la settima edizione della <strong><em>Corsa del Ricordo<\/em><\/strong>. L&#8217;appuntamento \u00e8 per domenica <strong>9 febbraio<\/strong>, proprio a 24 ore dalla Giornata commemorativa delle vittime dei <a title=\"Massacri delle foibe\" href=\"https:\/\/it.wikipedia.org\/wiki\/Massacri_delle_foibe\">massacri delle foibe.<\/a><\/p>\n<p>Di cosa si tratta, chi potr\u00e0 partecipare? Ne abbiamo parlato nella puntata di oggi di Radiopi\u00f9 Sport con il <strong>presidente del Comitato di Roma dell&#8217;<em>ASI <\/em>Marco Carotti<\/strong>:<\/p>\n<p><iframe loading=\"lazy\" src=\"https:\/\/widget.spreaker.com\/player?episode_id=22718878&amp;theme=light&amp;playlist=false&amp;playlist-continuous=false&amp;autoplay=false&amp;live-autoplay=true&amp;chapters-image=true&amp;episode_image_position=right&amp;hide-logo=false&amp;hide-likes=false&amp;hide-comments=false&amp;hide-sharing=false&amp;hide-download=false\" width=\"100%\" height=\"200px\" frameborder=\"0\"><\/iframe><\/p>\n<h2>Giorno del Ricordo: commemorare attraverso lo sport<\/h2>\n<p>\u00abLa corsa \u00e8 nata da un&#8217;idea di amici dell&#8217;ASI comitato provinciale di Roma e del Lazio. Ha lo scopo di commemorare i fatti tragici delle <a href=\"https:\/\/it.wikipedia.org\/wiki\/Massacri_delle_foibe\">Foibe e l&#8217;esodo delle popolazioni giuliano dalmata <\/a>attraverso lo sport: dieci chilometri di corsa per tener vivo il ricordo.<\/p>\n<p><img loading=\"lazy\" decoding=\"async\" class=\"size-full wp-image-30467 alignright\" src=\"http:\/\/www.radiopiu.eu\/wp-content\/uploads\/2020\/02\/unnamed-1.jpg\" alt=\"giorno del ricordo, corsa del ricordo\" width=\"366\" height=\"512\" \/>\u00c8 aperta a tutti: c&#8217;\u00e8 sia la gara competitiva di 10 km che quella non competitiva di 3 chilometri e mezzo. \u00c8 aperta ai tesserati degli enti di promozione, a tutti i tesserati Fidal ma anche a coloro che vengono l\u00ec a farsi una passeggiata per ricordare questi tragici avvenimenti della nostra storia\u00bb.<\/p>\n<h2>Giorno del Ricordo: percorso e partecipanti<\/h2>\n<p>\u00abSi parte alle ore 9 da viale Oscar Sinigaglia, proprio all&#8217;interno del quartiere Giuliano Dalmata fino alla Laurentina, da l\u00ec si scender\u00e0 fino alla metropolitana per poi andare a via di Vigna Murata. Poi ci sar\u00e0 il passaggio all&#8217;interno della citt\u00e0 militare della Cecchignola fino a ritornare sul punto di partenza\u00bb.<\/p>\n<p><strong><em>A questa gara hanno partecipato e parteciperanno alcune personalit\u00e0 di spicco?\u00a0<\/em><\/strong><\/p>\n<figure id=\"attachment_30458\" aria-describedby=\"caption-attachment-30458\" style=\"width: 243px\" class=\"wp-caption alignright\"><img loading=\"lazy\" decoding=\"async\" class=\"wp-image-30458 size-full\" src=\"http:\/\/www.radiopiu.eu\/wp-content\/uploads\/2020\/02\/unnamed.jpg\" alt=\"giorno del ricordo, nino benvenuti\" width=\"243\" height=\"300\" \/><figcaption id=\"caption-attachment-30458\" class=\"wp-caption-text\">Nino Benvenuti<\/figcaption><\/figure>\n<p>\u00abOltre agli atleti che comunque hanno vinto diverse maratone in Italia, una personalit\u00e0 che ci fa piacere avere sempre con noi \u00e8 l&#8217;ex pugile <strong>Nino Benvenuti<\/strong>\u00bb, medaglia d\u2019oro alle Olimpiadi di Roma 1960, costretto a lasciare Isola d&#8217;Istria, suo paese d&#8217;origine.<\/p>\n<p>\u00abC&#8217;\u00e8 poi <strong>Abdom Pamich<\/strong>\u00bb, <strong>profugo fiumano, ex\u00a0marciatore, campione olimpico ed europeo, nonch\u00e9 40 volte campione italiano su varie distanze. <\/strong>\u00abLoro questa corsa la sentono molto perch\u00e9 sono proprio originari di quelle terre\u00bb.<\/p>\n<h3>Le iscrizioni<\/h3>\n<p><strong><em>Per &#8220;ricordare&#8221; c&#8217;\u00e8 sempre tempo. Ci si potr\u00e0 iscrivere alla corsa fino a pochi minuti prima dell&#8217;inizio&#8230;<\/em><\/strong><\/p>\n<p>\u00abGli atleti che vogliono partecipare alla gara competitiva possono mandare una e-mail<\/p>\n<figure id=\"attachment_30457\" aria-describedby=\"caption-attachment-30457\" style=\"width: 480px\" class=\"wp-caption alignright\"><img loading=\"lazy\" decoding=\"async\" class=\"size-full wp-image-30457\" src=\"http:\/\/www.radiopiu.eu\/wp-content\/uploads\/2020\/02\/la-partenza-della-VI-Corsa-del-ricordo.png\" alt=\"giorno del ricordo, corsa del ricordo \" width=\"480\" height=\"320\" \/><figcaption id=\"caption-attachment-30457\" class=\"wp-caption-text\">La partenza della VI Corsa del Ricordo<\/figcaption><\/figure>\n<p>all&#8217;indirizzo iscrizioni@corsadelricordo.it. Ma possono iscriversi anche sul posto fino alle ore 8.30. (La partenza \u00e8 alle ore 9). Il costo della gara competitiva \u00e8 di 10 euro, il costo di quella non competitiva \u00e8 di 5 euro.<\/p>\n<p>\u00c8 una gara iscritta nel calendario Fidal, quindi \u00e8 competitiva a tutti gli effetti, chi vuole venire a misurare i propri tempi lo pu\u00f2 fare tranquillamente. Ma il vero spirito della corsa \u00e8 comunque ricordare ci\u00f2 che \u00e8 successo\u00bb.<\/p>\n<p><em>Tutte le informazioni su <a href=\"http:\/\/www.corsadelricordo.it\/\">www.lacorsadelricordo.it<\/a><\/em>.<\/p>\n<h2><img loading=\"lazy\" decoding=\"async\" class=\"wp-image-30459 alignright\" src=\"http:\/\/www.radiopiu.eu\/wp-content\/uploads\/2020\/02\/84046856_10216283271251265_840871321435897856_o.jpg\" alt=\"giorno del ricordo, fabio gori, us acli roma\" width=\"323\" height=\"457\" \/>Radiopi\u00f9 Sport: le altre notizie<\/h2>\n<p>Si terr\u00e0 sempre il 9 febbraio, all&#8217;Associazione Sportiva Dilettantistica Babel, la <strong>XX edizione del Memorial Fabio Gori.<\/strong><\/p>\n<p>La manifestazione, in memoria di Fabio, figlio dello storico dirigente US Acli Carlo, si caratterizza come trofeo per scuole nuoto edizione speciale 2020.<\/p>\n<p>E l&#8217;US Acli \u00e8 tra gli organizzatori del convegno<strong><em> Ho l&#8217;asma e faccio sport<\/em><\/strong> che si svolger\u00e0 marted\u00ec 11 febbraio, a partire dalle ore 10.30, al Ministero della Salute a Lungotevere a Ripa.<\/p>\n<p>All&#8217;ordine del giorno la pratica sportiva nell&#8217;adulto e nel bambino inerenti l&#8217;asma e le patologie correlate.<\/p>\n","protected":false},"excerpt":{"rendered":"<p>Giorno del Ricordo: la corsa del 9 febbraio Partir\u00e0 da via Oscar Sinigaglia, la strada romana dedicata all&#8217;ingegnere e industriale che diresse insieme alla moglie Marcella Mayer l&#8217;opera per l&#8217;assistenza ai profughi giuliani e dalmati, la settima edizione della Corsa del Ricordo. L&#8217;appuntamento \u00e8 per domenica 9 febbraio, proprio a 24 ore dalla Giornata commemorativa [&hellip;]<\/p>\n","protected":false},"author":3,"featured_media":2067,"comment_status":"open","ping_status":"open","sticky":false,"template":"","format":"standard","meta":{"footnotes":""},"categories":[20],"tags":[],"class_list":["post-2037","post","type-post","status-publish","format-standard","has-post-thumbnail","hentry","category-notizie"],"_links":{"self":[{"href":"https:\/\/www.diocesidiroma.it\/utsroma\/index.php\/wp-json\/wp\/v2\/posts\/2037","targetHints":{"allow":["GET"]}}],"collection":[{"href":"https:\/\/www.diocesidiroma.it\/utsroma\/index.php\/wp-json\/wp\/v2\/posts"}],"about":[{"href":"https:\/\/www.diocesidiroma.it\/utsroma\/index.php\/wp-json\/wp\/v2\/types\/post"}],"author":[{"embeddable":true,"href":"https:\/\/www.diocesidiroma.it\/utsroma\/index.php\/wp-json\/wp\/v2\/users\/3"}],"replies":[{"embeddable":true,"href":"https:\/\/www.diocesidiroma.it\/utsroma\/index.php\/wp-json\/wp\/v2\/comments?post=2037"}],"version-history":[{"count":3,"href":"https:\/\/www.diocesidiroma.it\/utsroma\/index.php\/wp-json\/wp\/v2\/posts\/2037\/revisions"}],"predecessor-version":[{"id":2068,"href":"https:\/\/www.diocesidiroma.it\/utsroma\/index.php\/wp-json\/wp\/v2\/posts\/2037\/revisions\/2068"}],"wp:featuredmedia":[{"embeddable":true,"href":"https:\/\/www.diocesidiroma.it\/utsroma\/index.php\/wp-json\/wp\/v2\/media\/2067"}],"wp:attachment":[{"href":"https:\/\/www.diocesidiroma.it\/utsroma\/index.php\/wp-json\/wp\/v2\/media?parent=2037"}],"wp:term":[{"taxonomy":"category","embeddable":true,"href":"https:\/\/www.diocesidiroma.it\/utsroma\/index.php\/wp-json\/wp\/v2\/categories?post=2037"},{"taxonomy":"post_tag","embeddable":true,"href":"https:\/\/www.diocesidiroma.it\/utsroma\/index.php\/wp-json\/wp\/v2\/tags?post=2037"}],"curies":[{"name":"wp","href":"https:\/\/api.w.org\/{rel}","templated":true}]}}