{"id":2109,"date":"2020-06-01T14:30:41","date_gmt":"2020-06-01T12:30:41","guid":{"rendered":"https:\/\/www.diocesidiroma.it\/utsroma\/\/?p=2109"},"modified":"2020-06-01T14:30:41","modified_gmt":"2020-06-01T12:30:41","slug":"cantate-inni-annullata-ledizione-2020","status":"publish","type":"post","link":"https:\/\/www.diocesidiroma.it\/utsroma\/index.php\/cantate-inni-annullata-ledizione-2020\/","title":{"rendered":"Cantate inni: annullata l&#8217;edizione 2020"},"content":{"rendered":"<h2>Cantate Inni con Arte: salta la quarta edizione del Festival<\/h2>\n<p>Strette di mano nel veder arrivare i coristi, carichi di gioia, con i loro strumenti e le loro divise. Abbracci a fine esibizione. Parenti e amici seduti vicini, sfruttando al massimo lo spazio, sui banchi della chiesa, per consentire a tutti di partecipare a una grande festa dai toni decisamente familiari. Tanta musica ed entusiasmo. Preghiera e condivisione.<\/p>\n<p>Gi\u00e0 il 21 ottobre 2019, giorno successivo alla serata finale delle terza edizione di <strong>Cantate Inni con Arte<\/strong>, organizzato da <strong>Radiopi\u00f9 Roma<\/strong> con il patrocinio dell\u2019Ufficio Liturgico e dell\u2019<a href=\"http:\/\/www.utsroma.it\/\" target=\"_blank\" rel=\"noopener noreferrer\">Ufficio per la Pastorale del tempo libero, del turismo e dello sport del Vicariato di Roma<\/a>, avevamo immaginato cos\u00ec il Festival del 2020. Come quello degli anni scorsi. Anzi, ancora pi\u00f9 in grande.<\/p>\n<p>Avremmo accolto, quest&#8217;anno, non solo i cori della diocesi di Roma e delle diocesi suburbicarie, ma anche tutti quelli delle altre diocesi del Lazio che avessero voluto prendervi parte. Dalle prime file della Basilica di San Giovanni Bosco (questa la parrocchia scelta per<a href=\"https:\/\/www.radiopiu.eu\/cantate-inni-con-arte-al-via-ledizione-2020\/\"> Cantante Inni con Arte 2020<\/a>) avrebbe rivolto un incoraggiamento ai finalisti e un saluto di benedizione a tutti i presenti anche il cardinale vicario del Papa per la Diocesi di Roma, <strong>Angelo De Donatis<\/strong>.<\/p>\n<figure id=\"attachment_31345\" aria-describedby=\"caption-attachment-31345\" style=\"width: 960px\" class=\"wp-caption alignnone\"><img loading=\"lazy\" decoding=\"async\" class=\"wp-image-31345 size-full\" src=\"https:\/\/www.radiopiu.eu\/wp-content\/uploads\/2020\/01\/73504693_1696310643834409_6452626821035851776_o.jpg\" alt=\"cantate inni con arte\" width=\"960\" height=\"640\" \/><figcaption id=\"caption-attachment-31345\" class=\"wp-caption-text\">Cantate Inni con Arte &#8211; serata finale, 20 ottobre 2019<\/figcaption><\/figure>\n<h2>Cantate Inni con Arte: arrivederci al 2021<\/h2>\n<p>Ma non \u00e8 questo, purtroppo, il tempo di fare progetti a lungo termine. \u00c8, invece, ha ricordato il Santo Padre proprio qualche giorno fa, quello \u00abdella prudenza e della obbedienza, perch\u00e9 la pandemia non torni\u00bb.<\/p>\n<p>Non \u00e8 ancora stato reso noto, infatti, quando nelle nostre parrocchie saranno celebrate le Messe con il popolo e, soprattutto, in quale modalit\u00e0. Non sappiamo, inoltre, se sar\u00e0 consentito nei prossimi mesi organizzare in chiesa delle manifestazioni, come<strong> Cantate Inni con Arte<\/strong>, che coinvolgono centinaia di persone.<\/p>\n<p>La decisione pi\u00f9 opportuna, dunque, anche se sofferta, rimane quella di annullare la quarta edizione del Festival. Nelle prossime settimane <strong>provvederemo a restituire a tutti i cori iscritti la quota di iscrizione<\/strong>.<\/p>\n<p><strong>Cantate Inni con Arte<\/strong>, sperando in tempi migliori, \u00e8 rimandato all&#8217;anno prossimo. Allora, sar\u00e0 il pi\u00f9 bello degli &#8220;assembramenti&#8221;.<\/p>\n<p>In attesa, rivediamo le immagini, piene di sorrisi, del 2019:<\/p>\n","protected":false},"excerpt":{"rendered":"<p>Cantate Inni con Arte: salta la quarta edizione del Festival Strette di mano nel veder arrivare i coristi, carichi di gioia, con i loro strumenti e le loro divise. Abbracci a fine esibizione. Parenti e amici seduti vicini, sfruttando al massimo lo spazio, sui banchi della chiesa, per consentire a tutti di partecipare a una [&hellip;]<\/p>\n","protected":false},"author":4,"featured_media":1779,"comment_status":"open","ping_status":"open","sticky":false,"template":"","format":"standard","meta":{"footnotes":""},"categories":[25],"tags":[],"class_list":["post-2109","post","type-post","status-publish","format-standard","has-post-thumbnail","hentry","category-concorsi"],"_links":{"self":[{"href":"https:\/\/www.diocesidiroma.it\/utsroma\/index.php\/wp-json\/wp\/v2\/posts\/2109","targetHints":{"allow":["GET"]}}],"collection":[{"href":"https:\/\/www.diocesidiroma.it\/utsroma\/index.php\/wp-json\/wp\/v2\/posts"}],"about":[{"href":"https:\/\/www.diocesidiroma.it\/utsroma\/index.php\/wp-json\/wp\/v2\/types\/post"}],"author":[{"embeddable":true,"href":"https:\/\/www.diocesidiroma.it\/utsroma\/index.php\/wp-json\/wp\/v2\/users\/4"}],"replies":[{"embeddable":true,"href":"https:\/\/www.diocesidiroma.it\/utsroma\/index.php\/wp-json\/wp\/v2\/comments?post=2109"}],"version-history":[{"count":1,"href":"https:\/\/www.diocesidiroma.it\/utsroma\/index.php\/wp-json\/wp\/v2\/posts\/2109\/revisions"}],"predecessor-version":[{"id":2110,"href":"https:\/\/www.diocesidiroma.it\/utsroma\/index.php\/wp-json\/wp\/v2\/posts\/2109\/revisions\/2110"}],"wp:featuredmedia":[{"embeddable":true,"href":"https:\/\/www.diocesidiroma.it\/utsroma\/index.php\/wp-json\/wp\/v2\/media\/1779"}],"wp:attachment":[{"href":"https:\/\/www.diocesidiroma.it\/utsroma\/index.php\/wp-json\/wp\/v2\/media?parent=2109"}],"wp:term":[{"taxonomy":"category","embeddable":true,"href":"https:\/\/www.diocesidiroma.it\/utsroma\/index.php\/wp-json\/wp\/v2\/categories?post=2109"},{"taxonomy":"post_tag","embeddable":true,"href":"https:\/\/www.diocesidiroma.it\/utsroma\/index.php\/wp-json\/wp\/v2\/tags?post=2109"}],"curies":[{"name":"wp","href":"https:\/\/api.w.org\/{rel}","templated":true}]}}