{"id":2111,"date":"2020-06-04T10:18:27","date_gmt":"2020-06-04T08:18:27","guid":{"rendered":"https:\/\/www.diocesidiroma.it\/utsroma\/\/?p=2111"},"modified":"2020-06-04T14:49:49","modified_gmt":"2020-06-04T12:49:49","slug":"scatta-in-parrocchia-davide-caia-una-foto-che-ci-appartiene-tantissimo","status":"publish","type":"post","link":"https:\/\/www.diocesidiroma.it\/utsroma\/index.php\/scatta-in-parrocchia-davide-caia-una-foto-che-ci-appartiene-tantissimo\/","title":{"rendered":"Scatta in Parrocchia: Davide Caia, &#8220;Una foto che ci appartiene tantissimo&#8221;"},"content":{"rendered":"<h2>Scatta in Parrocchia: nella foto di Davide il racconto intenso di un tempo sospeso<\/h2>\n<p>&nbsp;<\/p>\n<figure id=\"attachment_36936\" aria-describedby=\"caption-attachment-36936\" style=\"width: 446px\" class=\"wp-caption alignright\"><img loading=\"lazy\" decoding=\"async\" class=\"wp-image-36936\" src=\"https:\/\/www.radiopiu.eu\/wp-content\/uploads\/2020\/06\/b4d6e344-4f61-4a93-a20a-9253701e0abf.jpg\" alt=\"scatta in parrocchia, davide caia\" width=\"446\" height=\"349\" \/><figcaption id=\"caption-attachment-36936\" class=\"wp-caption-text\">Davide Caia<\/figcaption><\/figure>\n<p>Nella foto di Davide Caia il racconto intenso di un tempo sospeso. Sfocato. Indefinito. Come lo sfondo dell&#8217;immagine che, con 361 <em>like<\/em>, ha vinto la sfida online dell&#8217;edizione 2020 di <strong>Scatta in Parrocchia<\/strong>.<\/p>\n<p>Don Wladimiro e gli altri concelebranti stendono le mani sul Calice. Ad assistere alla Consacrazione, dall&#8217;altra parte dello smartphone, 133 parrocchiani. &#8220;Distanti, ma uniti&#8221;, (non a caso \u00e8 proprio questo il titolo della foto).<\/p>\n<p>Non \u00e8 un gioved\u00ec qualsiasi. \u00c8 il 19 marzo. San Giuseppe al Trionfale fa memoria del suo santo patrono in <em>lockdown.<\/em> \u00abPer tutti i mancati pap\u00e0 e per quelli che lo saranno in futuro\u00bb commenta una fedele su Facebook. Una frase, nitida, forte, \u00abche ha colpito tantissimo anche me. All&#8217;inizio\u00a0 &#8211; rivela Davide &#8211; non ci ho fatto caso, me lo ha fatto notare mia moglie. Apparteniamo all&#8217;Opera don Guanella. Per noi \u00e8 estremamente significativa la carit\u00e0 e per me quello \u00e8 un messaggio di carit\u00e0 altissimo.<\/p>\n<p><iframe loading=\"lazy\" src=\"https:\/\/widget.spreaker.com\/player?episode_id=29260022&#038;theme=light&#038;playlist=false&#038;playlist-continuous=false&#038;autoplay=false&#038;live-autoplay=false&#038;chapters-image=true&#038;episode_image_position=right&#038;hide-logo=false&#038;hide-likes=false&#038;hide-comments=false&#038;hide-sharing=false&#038;hide-download=true\" width=\"100%\" height=\"200px\" frameborder=\"0\"><\/iframe><\/p>\n<p>La foto\u00a0 &#8211; spiega &#8211; ci appartiene tantissimo, parla della Solennit\u00e0 di San Giuseppe che quest&#8217;anno per noi era particolarmente importante: festeggiamo il Giubileo per i 50 anni dell&#8217;elevazione a Basilica della Chiesa parrocchiale\u00bb.<\/p>\n<p>La vittoria \u00abnon ce l&#8217;aspettavamo, n\u00e9 io, n\u00e9 il parroco, n\u00e9 tutti coloro che ci hanno votato\u00bb racconta incredulo Davide che, oltre al lavoro nel mondo della televisione, nei ritagli di tempo gestisce la comunicazione della Basilica. \u00abA dicembre \u00e8 nata la <a href=\"https:\/\/www.facebook.com\/basilicasangiuseppealtrionfale\/\">pagina Facebook<\/a>, quindi per noi \u00e8 una cosa molto bella, significativa.\u00a0Essendo un Giubileo ero previsto di tutto e di pi\u00f9, ma ci rifaremo il prossimo anno. San Giuseppe \u00e8 ancora sull&#8217;altare, aspetta tutti coloro che vogliono venire a salutarlo\u00bb.<\/p>\n<figure id=\"attachment_36849\" aria-describedby=\"caption-attachment-36849\" style=\"width: 2560px\" class=\"wp-caption alignnone\"><img loading=\"lazy\" decoding=\"async\" class=\"wp-image-36849 size-full\" src=\"https:\/\/www.radiopiu.eu\/wp-content\/uploads\/2020\/05\/Distanti_ma_uniti-scaled.jpg\" alt=\"scatta in parrocchia 2020, san giuseppe al trionfale\" width=\"2560\" height=\"1920\" \/><figcaption id=\"caption-attachment-36849\" class=\"wp-caption-text\">&#8220;Distanti ma uniti&#8221; &#8211; Davide Caia, San Giuseppe al Trionfale<\/figcaption><\/figure>\n<h2>Scatta in Parrocchia: San Giuseppe al Trionfale riapre le porte<\/h2>\n<p>Intanto, non sono mancati gli abbracci. Almeno quelli virtuali. \u00abL&#8217;altro scatto \u00abcon cui abbiamo partecipato \u00e8 quella di <img loading=\"lazy\" decoding=\"async\" class=\"alignright wp-image-36851 \" src=\"https:\/\/www.radiopiu.eu\/wp-content\/uploads\/2020\/05\/abbraccio_virtuale-1024x684.jpg\" alt=\"scatta in parrocchia, san giuseppe al trionfale\" width=\"505\" height=\"337\" \/>don Wladimiro con le braccia spalancate e le foto dei parrocchiani sulle panche. Si tratta di una campagna che abbiamo chiamato &#8220;Non lasciamo solo San Giuseppe&#8221;\u00bb. Un San Giuseppe, in questo 2020 cos\u00ec particolare, \u00aba porte chiuse ma comunque a cuore aperto\u00bb, <a href=\"https:\/\/www.radiopiu.eu\/san-giuseppe-trionfale-porte-chiuse-cuore-aperto\/\">aveva assicurato lo scorso marzo lo stesso parroco<\/a>.<\/p>\n<p>Adesso quelle porte, continua il vincitore online di Scatta in Parrocchia 2020, \u00able abbiamo aperte. Basta streaming. Ieri (30 maggio, Ndr) abbiamo fatto la Messa all&#8217;aperto nell&#8217;oratorio. E ora, con don Salvatore, si pensa a come far ripartire, gli<a href=\"https:\/\/www.radiopiu.eu\/oratori-estivi-2020-don-magnotta\/\"> oratori estivi\u00bb<\/a>.<\/p>\n<p>\u00abIl tempo di riorganizzarsi e di ripartire alla grande a settembre\u00bb anche con un&#8217;iniziativa nata nei mesi scorsi per far fronte ai problemi di chi, a causa del coronavirus, ha perso il lavoro: il <a href=\"https:\/\/www.radiopiu.eu\/spesa-solidale-san-giuseppe-market\/\">San Giuseppe Market. <\/a>\u00abVoluta dall&#8217;Opera Don Guanella e appoggiata subito dal parroco, dai cooperatori, dall&#8217;oratorio e dal comitato civico Trionfalmente 17, \u00e8 stata il primo esempio di spesa sospesa nella capitale. Siamo ormai a due mesi dall&#8217;attivit\u00e0, adesso stiamo andando un po&#8217; a scemare, ma \u00e8 solo una pausa momentanea. Assistiamo 135 nuclei familiari, 266 persone, 60 minori. Abbiamo raccolto di tutto\u00bb. Forte il segnale di solidariet\u00e0, soprattutto da parte dei commercianti che non hanno esitato un attimo a rispondere alle richieste di aiuto.<\/p>\n<p><img loading=\"lazy\" decoding=\"async\" class=\"alignnone wp-image-36934 size-full\" src=\"https:\/\/www.radiopiu.eu\/wp-content\/uploads\/2020\/06\/100875829_1925827550882716_6901594827821940736_o.jpg\" alt=\"Scatta in parrocchia, san giuseppe market\" width=\"959\" height=\"640\" \/><\/p>\n","protected":false},"excerpt":{"rendered":"<p>Scatta in Parrocchia: nella foto di Davide il racconto intenso di un tempo sospeso &nbsp; Nella foto di Davide Caia il racconto intenso di un tempo sospeso. Sfocato. Indefinito. Come lo sfondo dell&#8217;immagine che, con 361 like, ha vinto la sfida online dell&#8217;edizione 2020 di Scatta in Parrocchia. Don Wladimiro e gli altri concelebranti stendono [&hellip;]<\/p>\n","protected":false},"author":6,"featured_media":2112,"comment_status":"open","ping_status":"open","sticky":false,"template":"","format":"standard","meta":{"footnotes":""},"categories":[25],"tags":[],"class_list":["post-2111","post","type-post","status-publish","format-standard","has-post-thumbnail","hentry","category-concorsi"],"_links":{"self":[{"href":"https:\/\/www.diocesidiroma.it\/utsroma\/index.php\/wp-json\/wp\/v2\/posts\/2111","targetHints":{"allow":["GET"]}}],"collection":[{"href":"https:\/\/www.diocesidiroma.it\/utsroma\/index.php\/wp-json\/wp\/v2\/posts"}],"about":[{"href":"https:\/\/www.diocesidiroma.it\/utsroma\/index.php\/wp-json\/wp\/v2\/types\/post"}],"author":[{"embeddable":true,"href":"https:\/\/www.diocesidiroma.it\/utsroma\/index.php\/wp-json\/wp\/v2\/users\/6"}],"replies":[{"embeddable":true,"href":"https:\/\/www.diocesidiroma.it\/utsroma\/index.php\/wp-json\/wp\/v2\/comments?post=2111"}],"version-history":[{"count":2,"href":"https:\/\/www.diocesidiroma.it\/utsroma\/index.php\/wp-json\/wp\/v2\/posts\/2111\/revisions"}],"predecessor-version":[{"id":2119,"href":"https:\/\/www.diocesidiroma.it\/utsroma\/index.php\/wp-json\/wp\/v2\/posts\/2111\/revisions\/2119"}],"wp:featuredmedia":[{"embeddable":true,"href":"https:\/\/www.diocesidiroma.it\/utsroma\/index.php\/wp-json\/wp\/v2\/media\/2112"}],"wp:attachment":[{"href":"https:\/\/www.diocesidiroma.it\/utsroma\/index.php\/wp-json\/wp\/v2\/media?parent=2111"}],"wp:term":[{"taxonomy":"category","embeddable":true,"href":"https:\/\/www.diocesidiroma.it\/utsroma\/index.php\/wp-json\/wp\/v2\/categories?post=2111"},{"taxonomy":"post_tag","embeddable":true,"href":"https:\/\/www.diocesidiroma.it\/utsroma\/index.php\/wp-json\/wp\/v2\/tags?post=2111"}],"curies":[{"name":"wp","href":"https:\/\/api.w.org\/{rel}","templated":true}]}}