{"id":2114,"date":"2020-06-04T14:44:09","date_gmt":"2020-06-04T12:44:09","guid":{"rendered":"https:\/\/www.diocesidiroma.it\/utsroma\/\/?p=2114"},"modified":"2020-06-04T14:49:00","modified_gmt":"2020-06-04T12:49:00","slug":"we-run-together-dall8-giugno-lasta-sportiva-di-beneficenza-promossa-dal-papa","status":"publish","type":"post","link":"https:\/\/www.diocesidiroma.it\/utsroma\/index.php\/we-run-together-dall8-giugno-lasta-sportiva-di-beneficenza-promossa-dal-papa\/","title":{"rendered":"We run together. Dall&#8217;8 giugno l&#8217;asta sportiva di beneficenza promossa dal Papa"},"content":{"rendered":"<h2>We run together: la corsa con il cuore<\/h2>\n<p>Correre insieme, non con le gambe, ma con il cuore. Rispondere concretamente a un momento di difficolt\u00e0, isolamento e paura. \u00c8 questo lo spirito di <strong>We run togher<\/strong>, l&#8217;asta sportiva di beneficenza che, attiva dall&#8217;8 giugno sulla piattaforma <a href=\"https:\/\/www.charitystars.com\/\">CharityStars.com.,<\/a> \u00e8 volta a sostenere due ospedali che si sono particolarmente distinti nella gestione della pandemia da Covid-19: il Papa Giovanni XXIII di Bergamo e la Fondazione Poliambulanza di Brescia.<\/p>\n<figure id=\"attachment_36955\" aria-describedby=\"caption-attachment-36955\" style=\"width: 468px\" class=\"wp-caption alignright\"><img loading=\"lazy\" decoding=\"async\" class=\"wp-image-36955 \" src=\"https:\/\/www.radiopiu.eu\/wp-content\/uploads\/2020\/06\/EY8JGVaWkAALZKF.jpg\" alt=\"we run together\" width=\"468\" height=\"326\" \/><figcaption id=\"caption-attachment-36955\" class=\"wp-caption-text\">La bici messa all&#8217;asta da Francesco. Foto Specialized Italia<\/figcaption><\/figure>\n<p>Una &#8220;gara&#8221; online che, almeno, per ora, sostituir\u00e0 l&#8217;importante incontro di\u00a0 Castelporziano in cui campioni olimpici avrebbero dovuto correre al fianco di atleti paralimpici, sportivi con disabilit\u00e0 mentali, rifugiati, migranti e carcerati.<\/p>\n<p>Sostenitore speciale dell&#8217;iniziativa organizzata da <a href=\"https:\/\/www.radiopiu.eu\/athletica-vaticana-lallenamento-spirituale\/\">Athletica Vaticana<\/a>, il gruppo sportivo Fiamme Gialle della Guardia di Finanza, il \u201cCortile dei Gentili\u201d e Fidal Lazio, lo stesso Papa Francesco che, per l&#8217;occasione, metter\u00e0 all&#8217;asta la bicicletta Specialized personalizzata, donatagli dal campione del mondo Peter Sagan.<\/p>\n<p>Ma non solo. In palio anche una maglia della Roma in edizione limitata e la fascia di capitano, entrambe autografate da Francesco Totti, il body da gara autografato di Filippo Tortu e allenamento e cena con l\u2019atleta a Milano, il costume e la cuffia di Federica Pellegrini autografati, gli scarponi da gara autografati della campionessa di sci Sofia Goggia. E ancora, una visita per due persone alla base logistica di Luna Rossa a Cagliari e la maglia del team autografata da tutto l\u2019equipaggio, una cena a Castellammare di Stabia in compagnia dei fratelli Abbagnale e la maglia che Alex Zanardi ha indossato alle Olimpiadi di Rio nel 2016.<\/p>\n<h2>We run together: all&#8217;asta anche una cena a casa di Valerio Aspromonte<\/h2>\n<p>Metteranno all&#8217;asta una cena per due nella loro casa anche i campioni di scherma Carolina Erba e Valerio Aspromonte. \u00ab<em>We run together<\/em> \u00e8 un progetto molto ambizioso. Obiettivo \u00e8 quello di aiutare questi ospedali che in questi momenti si sono trovati in enormi difficolt\u00e0\u00bb racconta ai nostri microfoni l&#8217;atleta delle <em>Fiamme Gialle, <\/em>Medaglia d&#8217;oro nel torneo di fioretto a squadre ai giochi olimpici di Londra nel 2012. \u00abIl generale Vincenzo Parrinello ha voluto che tutti noi atleti, chi pi\u00f9 chi meno, come voleva e poteva, contribuisse in qualche modo.<\/p>\n<p>Io ho gentilmente offerto una cena a casa mia, con la mia famiglia, mia moglie e mio figlio. Penso che sia un bel gesto cercare di condividere un momento cos\u00ec conviviale, come una cena in casa,<strong> con delle persone sconosciute ma che stanno facendo un&#8217;opera di bene<\/strong>. E poi sono un ottimo cuoco\u00bb.<\/p>\n<p><iframe loading=\"lazy\" src=\"https:\/\/widget.spreaker.com\/player?episode_id=29277309&#038;theme=light&#038;playlist=false&#038;playlist-continuous=false&#038;autoplay=false&#038;live-autoplay=false&#038;chapters-image=true&#038;episode_image_position=right&#038;hide-logo=false&#038;hide-likes=false&#038;hide-comments=false&#038;hide-sharing=false&#038;hide-download=true\" width=\"100%\" height=\"200px\" frameborder=\"0\"><\/iframe><br \/>\n<strong><em>Valerio, non \u00e8 la prima volta che diciamo apri le porte della tua casa. Gi\u00e0 durante il lockdown hai proposto degli esercizi fisici dal tono ironico e leggero\u2026<\/em><\/strong><\/p>\n<figure id=\"attachment_36954\" aria-describedby=\"caption-attachment-36954\" style=\"width: 359px\" class=\"wp-caption alignright\"><img loading=\"lazy\" decoding=\"async\" class=\"wp-image-36954 \" src=\"https:\/\/www.radiopiu.eu\/wp-content\/uploads\/2020\/06\/unnamed.jpg\" alt=\"we run together, valerio aspromonte \" width=\"359\" height=\"419\" \/><figcaption id=\"caption-attachment-36954\" class=\"wp-caption-text\">Valerio Aspromonte &#8211; Foto Fiamme Gialle<\/figcaption><\/figure>\n<p>\u00abSiamo stati costretti a rimanere a casa. L&#8217;aspetto psicologico non era dei migliori quindi mi \u00e8 stata piacevolmente offerta la possibilit\u00e0 di creare un video con degli esercizi, molto semplici ma che facessero tenere in movimento, produrre endorfine, far fare anche due risate.<\/p>\n<p>\u00c8 un&#8217;occasione che ho colto al volo. Io sono dell&#8217;idea che se tutti quanti noi atleti, vip, personaggi dello mondo delle spettacolo in generale, contribuissimo allo star bene delle persone potremmo davvero fare qualcosa di buono\u00bb.<\/p>\n<p><strong><em>Ed \u00e8 un po&#8217; il messaggio che ha lanciato lo stesso Papa Francesco promuovendo We run together ricordando come lo sport sia un ponte di pace, di solidariet\u00e0, di inclusione..<\/em><\/strong><\/p>\n<p>\u00abIo credo che il Papa abbia colpito nel segno. Penso che lo sport sia davvero un elemento importantissimo per cercare di creare unione tra i popoli, le persone, i bambini, socializzazione. \u00c8 importante non solo dal punto di vista fisico ma mentale, psicologico. Educa i bambini alle regole, allo spirito di sacrificio, al rispetto dell&#8217;avversario, dell&#8217;arbitro. Sono cose che noi sportivi ci portiamo sempre dietro nella nostra vita.<\/p>\n<p>Pensiamo ai cinque cerchi, al simbolo delle olimpiadi: i cinque continenti uniti nell&#8217;unico scopo di festeggiare insieme un evento importante e parlare una lingua comune a tutti. Pensiamo alle olimpiadi antiche: venivano fatte venivano annullate tutte le guerre per festeggiare e fare un dono agli dei.<\/p>\n<p>\u00c8 normale che ci siano tifoserie, sfott\u00f2 tra una tribuna ed un&#8217;altra, tra una nazione e un&#8217;altra. Quello fa parte del gioco. Ma la cosa pi\u00f9 importante \u00e8 quella di unire pi\u00f9 persone dentro lo stesso stadio, dentro la stessa pedana, dentro lo stesso palazzetto, condividere dei momenti di felicit\u00e0 e di gioia. Questo \u00e8 il messaggio che dovrebbe essere sempre attaccato alla parola sport\u00bb.<\/p>\n<p><strong><em>We run together &#8211; Il messaggio di Papa Francesco\u00a0<\/em><\/strong><\/p>\n<p><iframe loading=\"lazy\" title=\"Il messaggio di Papa Francesco\" width=\"696\" height=\"392\" src=\"https:\/\/www.youtube.com\/embed\/q815DM9Jt2A?feature=oembed\" frameborder=\"0\" allow=\"accelerometer; autoplay; encrypted-media; gyroscope; picture-in-picture\" allowfullscreen><\/iframe><\/p>\n","protected":false},"excerpt":{"rendered":"<p>We run together: la corsa con il cuore Correre insieme, non con le gambe, ma con il cuore. Rispondere concretamente a un momento di difficolt\u00e0, isolamento e paura. \u00c8 questo lo spirito di We run togher, l&#8217;asta sportiva di beneficenza che, attiva dall&#8217;8 giugno sulla piattaforma CharityStars.com., \u00e8 volta a sostenere due ospedali che si [&hellip;]<\/p>\n","protected":false},"author":6,"featured_media":2115,"comment_status":"open","ping_status":"open","sticky":false,"template":"","format":"standard","meta":{"footnotes":""},"categories":[20],"tags":[],"class_list":["post-2114","post","type-post","status-publish","format-standard","has-post-thumbnail","hentry","category-notizie"],"_links":{"self":[{"href":"https:\/\/www.diocesidiroma.it\/utsroma\/index.php\/wp-json\/wp\/v2\/posts\/2114","targetHints":{"allow":["GET"]}}],"collection":[{"href":"https:\/\/www.diocesidiroma.it\/utsroma\/index.php\/wp-json\/wp\/v2\/posts"}],"about":[{"href":"https:\/\/www.diocesidiroma.it\/utsroma\/index.php\/wp-json\/wp\/v2\/types\/post"}],"author":[{"embeddable":true,"href":"https:\/\/www.diocesidiroma.it\/utsroma\/index.php\/wp-json\/wp\/v2\/users\/6"}],"replies":[{"embeddable":true,"href":"https:\/\/www.diocesidiroma.it\/utsroma\/index.php\/wp-json\/wp\/v2\/comments?post=2114"}],"version-history":[{"count":3,"href":"https:\/\/www.diocesidiroma.it\/utsroma\/index.php\/wp-json\/wp\/v2\/posts\/2114\/revisions"}],"predecessor-version":[{"id":2118,"href":"https:\/\/www.diocesidiroma.it\/utsroma\/index.php\/wp-json\/wp\/v2\/posts\/2114\/revisions\/2118"}],"wp:featuredmedia":[{"embeddable":true,"href":"https:\/\/www.diocesidiroma.it\/utsroma\/index.php\/wp-json\/wp\/v2\/media\/2115"}],"wp:attachment":[{"href":"https:\/\/www.diocesidiroma.it\/utsroma\/index.php\/wp-json\/wp\/v2\/media?parent=2114"}],"wp:term":[{"taxonomy":"category","embeddable":true,"href":"https:\/\/www.diocesidiroma.it\/utsroma\/index.php\/wp-json\/wp\/v2\/categories?post=2114"},{"taxonomy":"post_tag","embeddable":true,"href":"https:\/\/www.diocesidiroma.it\/utsroma\/index.php\/wp-json\/wp\/v2\/tags?post=2114"}],"curies":[{"name":"wp","href":"https:\/\/api.w.org\/{rel}","templated":true}]}}