{"id":2126,"date":"2020-06-17T10:56:13","date_gmt":"2020-06-17T08:56:13","guid":{"rendered":"https:\/\/www.diocesidiroma.it\/utsroma\/\/?p=2126"},"modified":"2020-06-17T11:01:47","modified_gmt":"2020-06-17T09:01:47","slug":"scatta-in-parrocchia-rita-collalti-la-foto-e-un-ponte-per-il-futuro","status":"publish","type":"post","link":"https:\/\/www.diocesidiroma.it\/utsroma\/index.php\/scatta-in-parrocchia-rita-collalti-la-foto-e-un-ponte-per-il-futuro\/","title":{"rendered":"Scatta in Parrocchia: Rita Collalti, \u201cLa foto \u00e8 un ponte per il futuro\u201d"},"content":{"rendered":"<h2>Scatta in Parrocchia: la chiusura del mese mariano a Sant\u2019Ignazio di Antiochia<\/h2>\n<p>\u00c8 il\u00a0<strong>31 maggio 2019<\/strong>. I raggi di sole penetrano nel cielo rigonfio di nuvole. Un Vigile del Fuoco porge il saluto militare alla Madonna dopo aver deposto la corona di fiori, preparata dai parrocchiani, ai piedi della statua sul tetto di\u00a0<strong>Sant\u2019Ignazio di Antiochia allo Statuario<\/strong>.<\/p>\n<p>\u00abIn occasione della chiusura del mese mariano\u00bb, ricorda\u00a0<strong>Rita Collalti<\/strong>, autrice della foto tra<a href=\"https:\/\/www.radiopiu.eu\/scatta-in-parrocchia-2020-le-foto-vincitrici\/\">\u00a0le vincitrici della terza edizione di Scatta in Parrocchia<\/a>, \u00ababbiamo celebrato una bellissima Messa alla presenza di monsignor Giuseppe Mani e poi abbiamo fatto una piccola processione che ci ha portato fino al nostro oratorio. L\u00ec ci aspettava un\u2019automontante dei Vigili del Fuoco. Per noi \u00e8 stato un momento molto sentito. L\u2019omaggio alla Madonna rimarr\u00e0 nel cuore di tutti\u00bb.<\/p>\n<div id=\"attachment_36733\" class=\"wp-caption alignright\">\n<p><img loading=\"lazy\" decoding=\"async\" class=\"wp-image-36733 \" src=\"https:\/\/www.radiopiu.eu\/wp-content\/uploads\/2020\/05\/Rita-Collalti-1-SantIgnazio-di-Antiochia.jpg\" sizes=\"auto, (max-width: 315px) 100vw, 315px\" srcset=\"https:\/\/www.radiopiu.eu\/wp-content\/uploads\/2020\/05\/Rita-Collalti-1-SantIgnazio-di-Antiochia.jpg 768w, https:\/\/www.radiopiu.eu\/wp-content\/uploads\/2020\/05\/Rita-Collalti-1-SantIgnazio-di-Antiochia-225x300.jpg 225w\" alt=\"scatta in parrocchia, sant'ignazio di antiochia\" width=\"315\" height=\"420\" aria-describedby=\"caption-attachment-36733\" \/><\/p>\n<p id=\"caption-attachment-36733\" class=\"wp-caption-text\">Rita Collalti \u2013 Sant\u2019Ignazio di Antiochia<\/p>\n<\/div>\n<p>Nonostante la pandemia da coronavirus, anche lo scorso 31 maggio, racconta Rita, \u00ababbiamo cercato di rimanere fedeli alle nostre tradizioni, abbiamo fatto la Messa all\u2019aperto sul sagrato della nostra Chiesa che \u00e8 piuttosto grande e riesce ad accogliere tante persone che ci hanno aiutato proprio per mantenere e rispettare le norme del distanziamento sociale.<\/p>\n<p>Abbiamo fatto la celebrazione sempre con il vescovo Mani e poi abbiamo recitato il rosario\u00a0<em>aux\u00a0flambeaux<\/em>\u00a0sempre alla presenza della statua della Madonna.<\/p>\n<div class=\"google-auto-placed ap_container\"><\/div>\n<p>C\u2019\u00e8 da notare \u2013 rivela ancora Rita \u2013 che lo Statutario \u00e8 molto legato alla Madonna, tanto \u00e8 vero che il parroco fondatore,\u00a0<a href=\"https:\/\/signaziodiantiochia.wordpress.com\/tag\/don-giovanni-scorza\/\" target=\"_blank\" rel=\"noopener noreferrer\">don Giovanni Scorza,<\/a>\u00a0ha voluto questa bellissima statua proprio sul tetto della chiesa a protezione di noi cittadini.<\/p>\n<p>Troviamo poi nel nostro quartiere la presenza di tantissime\u00a0<strong>edicole mariane<\/strong>, venerate ancora oggi. Ci sono tantissime persone del quartiere che se ne prendono cura, le puliscono, mettono fiori e lumini\u00bb.<\/p>\n<p><em><strong>Ascolta l\u2019intervista a Rita Collalti\u00a0<\/strong><\/em><\/p>\n<p><iframe loading=\"lazy\" src=\"https:\/\/widget.spreaker.com\/player?episode_id=31393825&amp;theme=light&amp;playlist=false&amp;playlist-continuous=false&amp;chapters-image=true&amp;autoplay=false&amp;live-autoplay=false&amp;episode_image_position=right&amp;hide-likes=false&amp;hide-comments=false&amp;hide-sharing=false&amp;hide-logo=false&amp;hide-download=true\" width=\"100%\" height=\"200px\" frameborder=\"0\" data-mce-fragment=\"1\"><\/iframe><\/p>\n<h2>Scatta in Parrocchia: Rita, \u201cNon un rimpianto, ma fiducia nel futuro\u201d<\/h2>\n<p>Rita, che fa parte del consiglio pastorale di Sant\u2019Ignazio di Antiochia, racconta come lo Statuario sia \u00abnato proprio intorno alla chiesa. Quindi la parrocchia, dove si svolgono tantissime attivit\u00e0, \u00e8 una realt\u00e0 veramente sentita e vissuta. Io cerco di essere presente laddove c\u2019\u00e8 necessit\u00e0.<img loading=\"lazy\" decoding=\"async\" class=\"alignright wp-image-37035 \" src=\"https:\/\/www.radiopiu.eu\/wp-content\/uploads\/2020\/06\/scatta-in-parrocchia-1-1024x587.jpg\" sizes=\"auto, (max-width: 349px) 100vw, 349px\" srcset=\"https:\/\/www.radiopiu.eu\/wp-content\/uploads\/2020\/06\/scatta-in-parrocchia-1-1024x587.jpg 1024w, https:\/\/www.radiopiu.eu\/wp-content\/uploads\/2020\/06\/scatta-in-parrocchia-1-300x172.jpg 300w, https:\/\/www.radiopiu.eu\/wp-content\/uploads\/2020\/06\/scatta-in-parrocchia-1-768x440.jpg 768w, https:\/\/www.radiopiu.eu\/wp-content\/uploads\/2020\/06\/scatta-in-parrocchia-1.jpg 1315w\" alt=\"scatta in parrocchia\" width=\"349\" height=\"200\" \/><\/p>\n<p>Mi occupo anche della pagina Facebook di Sant\u2019Ignazio dove vengono pubblicati quotidianamente Vangelo, meditazioni, e immagini della nostra vita parrocchiale che ci fanno rivivere quelle che sono le nostre attivit\u00e0: dalla celebrazione, alla festa, alla processione\u00bb.<\/p>\n<p>Da qui l\u2019idea, dice Rita, che da sempre ha \u00abcercato di immortalare i momenti e i luoghi che hanno un particolare significato\u00bb nella sua storia personale\u00a0di partecipare a\u00a0<em>Scatta in Parrocchia<\/em>.<\/p>\n<div id=\"attachment_37033\" class=\"wp-caption alignright\"><\/div>\n<p>E di cogliere l\u2019attimo con lo scatto del saluto del Vigile del Fuoco alla Madonna. \u00abS\u00ec, forse uno non se ne rende neanche conto. Questa immagine poi \u00e8 corredata da tantissime altre foto. C\u2019\u00e8 il momento in cui si mette la corona alla Madonna e il momento successivo.<\/p>\n<p>Soprattutto quest\u2019anno, in cui per vari motivi non abbiamo potuto essere insieme come avremmo voluto, si sente ancora di pi\u00f9 questo ricordo.<\/p>\n<p><strong>Queste immagini ci accompagnano e fanno da ponte per il futuro<\/strong>. Non \u00e8 un rimpianto. Ci devono assolutamente far essere fiduciosi: il prossimo anno faremo una cosa altrettanto bella\u00bb.<\/p>\n<p>Leggi anche<\/p>\n<ul>\n<li><a href=\"https:\/\/www.radiopiu.eu\/scatta-in-parrocchia-giovanni-nannini\/\">Scatta in Parrocchia: Giovanni Nannini, \u201cFare foto \u00e8 un po\u2019 come pregare\u201d<\/a><\/li>\n<li><a href=\"https:\/\/www.radiopiu.eu\/scatta-in-parrocchia-davide-caia\/\">Scatta in Parrocchia: Davide Caia, \u201cUna foto che ci appartiene tantissimo\u201d\u00a0<\/a><\/li>\n<\/ul>\n","protected":false},"excerpt":{"rendered":"<p>Scatta in Parrocchia: la chiusura del mese mariano a Sant\u2019Ignazio di Antiochia \u00c8 il\u00a031 maggio 2019. I raggi di sole penetrano nel cielo rigonfio di nuvole. Un Vigile del Fuoco porge il saluto militare alla Madonna dopo aver deposto la corona di fiori, preparata dai parrocchiani, ai piedi della statua sul tetto di\u00a0Sant\u2019Ignazio di Antiochia [&hellip;]<\/p>\n","protected":false},"author":6,"featured_media":2127,"comment_status":"open","ping_status":"open","sticky":false,"template":"","format":"standard","meta":{"footnotes":""},"categories":[25],"tags":[],"class_list":["post-2126","post","type-post","status-publish","format-standard","has-post-thumbnail","hentry","category-concorsi"],"_links":{"self":[{"href":"https:\/\/www.diocesidiroma.it\/utsroma\/index.php\/wp-json\/wp\/v2\/posts\/2126","targetHints":{"allow":["GET"]}}],"collection":[{"href":"https:\/\/www.diocesidiroma.it\/utsroma\/index.php\/wp-json\/wp\/v2\/posts"}],"about":[{"href":"https:\/\/www.diocesidiroma.it\/utsroma\/index.php\/wp-json\/wp\/v2\/types\/post"}],"author":[{"embeddable":true,"href":"https:\/\/www.diocesidiroma.it\/utsroma\/index.php\/wp-json\/wp\/v2\/users\/6"}],"replies":[{"embeddable":true,"href":"https:\/\/www.diocesidiroma.it\/utsroma\/index.php\/wp-json\/wp\/v2\/comments?post=2126"}],"version-history":[{"count":3,"href":"https:\/\/www.diocesidiroma.it\/utsroma\/index.php\/wp-json\/wp\/v2\/posts\/2126\/revisions"}],"predecessor-version":[{"id":2130,"href":"https:\/\/www.diocesidiroma.it\/utsroma\/index.php\/wp-json\/wp\/v2\/posts\/2126\/revisions\/2130"}],"wp:featuredmedia":[{"embeddable":true,"href":"https:\/\/www.diocesidiroma.it\/utsroma\/index.php\/wp-json\/wp\/v2\/media\/2127"}],"wp:attachment":[{"href":"https:\/\/www.diocesidiroma.it\/utsroma\/index.php\/wp-json\/wp\/v2\/media?parent=2126"}],"wp:term":[{"taxonomy":"category","embeddable":true,"href":"https:\/\/www.diocesidiroma.it\/utsroma\/index.php\/wp-json\/wp\/v2\/categories?post=2126"},{"taxonomy":"post_tag","embeddable":true,"href":"https:\/\/www.diocesidiroma.it\/utsroma\/index.php\/wp-json\/wp\/v2\/tags?post=2126"}],"curies":[{"name":"wp","href":"https:\/\/api.w.org\/{rel}","templated":true}]}}