{"id":2131,"date":"2020-06-18T11:22:58","date_gmt":"2020-06-18T09:22:58","guid":{"rendered":"https:\/\/www.diocesidiroma.it\/utsroma\/\/?p=2131"},"modified":"2020-07-08T08:41:36","modified_gmt":"2020-07-08T06:41:36","slug":"un-giorno-al-laterano","status":"publish","type":"post","link":"https:\/\/www.diocesidiroma.it\/utsroma\/index.php\/un-giorno-al-laterano\/","title":{"rendered":"Un giorno al Laterano, un viaggio tra la bellezza di ieri e di oggi"},"content":{"rendered":"<h2>Laterano: alla scoperta della bellezza<\/h2>\n<p>La cattedrale, il chiostro, il Battistero. E poi ancora la Scala Santa, il palazzo Lateranense e il Seminario Maggiore. Sono le tappe di &#8220;Un giorno al Laterano&#8221;, un viaggio virtuale che \u00e8 possibile percorrere dallo scorso 24 giugno, festa di San Giovanni Battista, collegandosi al canale Youtube del <a href=\"https:\/\/www.youtube.com\/watch?v=CsglzN3YfI4\">Servizio per la Cultura e l&#8217;Universit\u00e0 della Diocesi di Roma<\/a>.<\/p>\n<figure id=\"attachment_37042\" aria-describedby=\"caption-attachment-37042\" style=\"width: 256px\" class=\"wp-caption alignright\"><img loading=\"lazy\" decoding=\"async\" class=\"wp-image-37042 size-medium\" src=\"https:\/\/www.radiopiu.eu\/wp-content\/uploads\/2020\/06\/laterano-256x300.jpeg\" alt=\"laterano\" width=\"256\" height=\"300\" \/><figcaption id=\"caption-attachment-37042\" class=\"wp-caption-text\">Foto di Annalisa Maria Ceravolo<\/figcaption><\/figure>\n<p>\u00ab\u00c8 il desiderio\u00bb rivela il direttore monsignor Andrea Lonardo \u00abdi mostrare a tutta la citt\u00e0 la bellezza sia della storia ma anche dell&#8217;oggi\u00bb.<\/p>\n<p>\u00abMolti romani per esempio non conoscono neanche la differenza tra il Vicariato e il Vaticano. Non sanno che il Papa \u00e8 l&#8217;unico vescovo che ha due curie, il Vaticano che \u00e8 la curia per il mondo intero e il Vicariato che \u00e8 la curia per Roma\u00bb.<\/p>\n<p>Obiettivo \u00e8 dunque quello di \u00abaiutare le persone a capire la realt\u00e0 odierna della Chiesa e tutta la storia di ricchezza che noi abbiamo.<\/p>\n<p>L&#8217;idea originale &#8211; spiega ancora don Andrea &#8211; era di fare un percorso aperto, reale. Sarebbe stata una giornata dalle 10 del mattino fino a mezzanotte con gruppi di universitari, professori, che avrebbero accolto le persone in tutti quanti i luoghi. Ma abbiamo deciso di rimandare all&#8217;anno prossimo la versione reale e di fare almeno una piccola visita virtuale\u00bb.<\/p>\n<p><strong><em>Ascolta l&#8217;intervista a monsignor Andrea Lonardo:<\/em><\/strong><\/p>\n<p><iframe loading=\"lazy\" src=\"https:\/\/widget.spreaker.com\/player?episode_id=31629189&amp;theme=light&amp;playlist=false&amp;playlist-continuous=false&amp;autoplay=false&amp;live-autoplay=false&amp;chapters-image=true&amp;episode_image_position=right&amp;hide-logo=false&amp;hide-likes=false&amp;hide-comments=false&amp;hide-sharing=false&amp;hide-download=true\" width=\"100%\" height=\"200px\" frameborder=\"0\"><\/iframe><\/p>\n<p>&nbsp;<\/p>\n<h2>San Giovanni in Laterano: <em>caput e mater\u00a0<\/em><\/h2>\n<figure id=\"attachment_37041\" aria-describedby=\"caption-attachment-37041\" style=\"width: 401px\" class=\"wp-caption alignright\"><img loading=\"lazy\" decoding=\"async\" class=\"wp-image-37041\" src=\"https:\/\/www.radiopiu.eu\/wp-content\/uploads\/2020\/06\/b11e4a5e-e21f-4dc2-8baa-2869ca73552f-814x1024.jpg\" alt=\"laterano, un giorno al laterano\" width=\"401\" height=\"505\" \/><figcaption id=\"caption-attachment-37041\" class=\"wp-caption-text\">Foto di Annalisa Maria Ceravolo<\/figcaption><\/figure>\n<p>Un percorso, tramite pc o smartphone, ma non per questo meno intenso. Tra i protagonisti del documentario anche il quartetto vocale &#8220;Errar Cantando&#8221;, ensemble vocale maschile, specializzato nel repertorio madrigalistico del &#8216;500 e del &#8216;600. Poi, \u00abascolteremo un brano di Antoni Gaud\u00ec il quale dice che le grandi chiese storiche vengono costruite nel giro di secoli\u00bb.<\/p>\n<p>L'&#8221;architetto di Dio&#8221;, parlando della sua \u00abSagrada Familia, fa riferimento a ogni chiesa. Anche San Giovanni in Laterano \u00e8 una chiesa che ha, ormai, pi\u00f9 di 1700 anni: ogni generazione ha aggiunto qualcosa. Abbiamo il lavoro di Papa Silvestro, di Costantino, di Paolo VI e persino di Papa Francesco. Convive questo rapporto tra presente e antico\u00bb.<\/p>\n<p>Non a caso il video sar\u00e0 pubblicato in una data significativa: il 24 giugno, giorno in cui la Chiesa ricorda la Nativit\u00e0 di San Giovanni Battista, \u00abtradizionalmente\u00a0 &#8211; spiega ancora il direttore del Servizio per la Cultura e l&#8217;Universit\u00e0 della Diocesi di Roma &#8211; la festa della Cattedrale di Roma. In alcuni periodi ci sono state anche nella piazza di San Giovanni in Laterano bancarelle, feste, musica.<\/p>\n<p>L&#8217;idea \u00e8 proprio quella di tornare a fare una festa non solo liturgica, non solo degli &#8220;addetti a lavori&#8221;, ma anche una festa proprio della Cattedrale.<\/p>\n<p>San Giovanni \u00e8 la chiesa di tutti i romani, \u00e8 la chiesa dove c&#8217;\u00e8 la sede del Papa e quindi \u00e8 il luogo <em>caput e mater<\/em> di tutte le chiese ma innanzitutto della nostra citt\u00e0\u00bb.<\/p>\n<h3>\u00abIl preziosissimo lavoro delle guide turistiche\u00bb<\/h3>\n<p><em>Un giorno al Laterano<\/em> \u00e8 il frutto di un lavoro di sinergia tra l&#8217;ufficio diretto da don Andrea Lonardo e l&#8217;<a href=\"https:\/\/www.diocesidiroma.it\/utsroma\/\/\">Ufficio per la Pastorale del Tempo libero, del turismo e dello sport della Diocesi di Roma<\/a><em><a href=\"https:\/\/www.diocesidiroma.it\/utsroma\/\/\">.<\/a> \u00a0<\/em>\u00abQuesto \u00e8 molto bello, molto prezioso, \u00e8 un segno di comunione,\u00a0 &#8211; continua monsignor Lonardo &#8211; questi due uffici hanno lavorato alla pari perch\u00e9 una cosa del genere ha a che fare con la cultura e la storia di Roma ma anche con il turismo\u00bb. Il documentario diviene cos\u00ec anche un supporto per le guide \u00abperch\u00e9 a loro volta possano spiegare\u00bb quanto appreso \u00abai pellegrini\u00bb.<\/p>\n<p>\u00abUna riflessione che stiamo facendo con don Francesco Indelicato, direttore dell&#8217;Ufficio per la Pastorale del Tempo libero, turismo e sport, che ha curato sia la registrazione che il montaggio, \u00e8 che \u00e8 proprio bello tornare a dare una mano alle guide che fanno un lavoro preziosissimo.<\/p>\n<p>Oggi sono in crisi, il turismo \u00e8 stato fermato dal coronavirus. Quindi affermare che il loro lavoro \u00e8 importante e che ci si pu\u00f2 preparare in maniera nuova ad accogliere i pellegrini \u00e8 davvero molto significativo\u00bb.<\/p>\n<p><strong><em>Un giorno al Laterano:\u00a0<\/em><\/strong><\/p>\n<p><iframe loading=\"lazy\" title=\"Un giorno al Laterano promo\" width=\"696\" height=\"392\" src=\"https:\/\/www.youtube.com\/embed\/4HULHXyr-yE?feature=oembed\" frameborder=\"0\" allow=\"accelerometer; autoplay; encrypted-media; gyroscope; picture-in-picture\" allowfullscreen><\/iframe><\/p>\n","protected":false},"excerpt":{"rendered":"<p>Laterano: alla scoperta della bellezza La cattedrale, il chiostro, il Battistero. E poi ancora la Scala Santa, il palazzo Lateranense e il Seminario Maggiore. Sono le tappe di &#8220;Un giorno al Laterano&#8221;, un viaggio virtuale che \u00e8 possibile percorrere dallo scorso 24 giugno, festa di San Giovanni Battista, collegandosi al canale Youtube del Servizio per [&hellip;]<\/p>\n","protected":false},"author":6,"featured_media":2134,"comment_status":"open","ping_status":"open","sticky":false,"template":"","format":"standard","meta":{"footnotes":""},"categories":[20],"tags":[],"class_list":["post-2131","post","type-post","status-publish","format-standard","has-post-thumbnail","hentry","category-notizie"],"_links":{"self":[{"href":"https:\/\/www.diocesidiroma.it\/utsroma\/index.php\/wp-json\/wp\/v2\/posts\/2131","targetHints":{"allow":["GET"]}}],"collection":[{"href":"https:\/\/www.diocesidiroma.it\/utsroma\/index.php\/wp-json\/wp\/v2\/posts"}],"about":[{"href":"https:\/\/www.diocesidiroma.it\/utsroma\/index.php\/wp-json\/wp\/v2\/types\/post"}],"author":[{"embeddable":true,"href":"https:\/\/www.diocesidiroma.it\/utsroma\/index.php\/wp-json\/wp\/v2\/users\/6"}],"replies":[{"embeddable":true,"href":"https:\/\/www.diocesidiroma.it\/utsroma\/index.php\/wp-json\/wp\/v2\/comments?post=2131"}],"version-history":[{"count":6,"href":"https:\/\/www.diocesidiroma.it\/utsroma\/index.php\/wp-json\/wp\/v2\/posts\/2131\/revisions"}],"predecessor-version":[{"id":2147,"href":"https:\/\/www.diocesidiroma.it\/utsroma\/index.php\/wp-json\/wp\/v2\/posts\/2131\/revisions\/2147"}],"wp:featuredmedia":[{"embeddable":true,"href":"https:\/\/www.diocesidiroma.it\/utsroma\/index.php\/wp-json\/wp\/v2\/media\/2134"}],"wp:attachment":[{"href":"https:\/\/www.diocesidiroma.it\/utsroma\/index.php\/wp-json\/wp\/v2\/media?parent=2131"}],"wp:term":[{"taxonomy":"category","embeddable":true,"href":"https:\/\/www.diocesidiroma.it\/utsroma\/index.php\/wp-json\/wp\/v2\/categories?post=2131"},{"taxonomy":"post_tag","embeddable":true,"href":"https:\/\/www.diocesidiroma.it\/utsroma\/index.php\/wp-json\/wp\/v2\/tags?post=2131"}],"curies":[{"name":"wp","href":"https:\/\/api.w.org\/{rel}","templated":true}]}}