{"id":2137,"date":"2020-07-07T11:10:47","date_gmt":"2020-07-07T09:10:47","guid":{"rendered":"https:\/\/www.diocesidiroma.it\/utsroma\/\/?p=2137"},"modified":"2020-07-07T11:10:47","modified_gmt":"2020-07-07T09:10:47","slug":"oratori-estivi-di-roma-radiopiu","status":"publish","type":"post","link":"https:\/\/www.diocesidiroma.it\/utsroma\/index.php\/oratori-estivi-di-roma-radiopiu\/","title":{"rendered":"Oratori estivi di Roma: su Radiopi\u00f9 voci e musica dalle parrocchie"},"content":{"rendered":"<h2>Oratori estivi di Roma: al via &#8220;Ores Radio&#8221;<\/h2>\n<p>Le notizie del giorno, tra giochi e momenti di riflessione, le hit dell&#8217;estate, le dediche. \u00c8\u00a0 <strong>&#8220;Ores Radio &#8211; voci e musica dagli oratori estivi di Roma&#8221;<\/strong>, il\u00a0 nuovo programma in onda mercoled\u00ec, gioved\u00ec e venerd\u00ec a partire dalle 11.35 su Radiopi\u00f9 Roma.<\/p>\n<p>Realizzato nell&#8217;ambito delle attivit\u00e0 estive del COR e di <a class=\"profileLink\" href=\"https:\/\/www.facebook.com\/oresroma\/?__tn__=K-R&amp;eid=ARD_Esz01xZCfFoSVVIrj4GUZCnqvCbFUX7Bm25oWLCe_mkV78U78MlzyYsSNGlXwcedgzd1aU3Els21&amp;fref=mentions&amp;__xts__%5B0%5D=68.ARDRJONLg8ucbmveMwjXJwF8AZCjdRgJn3Y5vszPdUgAOPwrUWww8HVwi3Nkbqy8vZmmbq8KEj5ww7eUOGsu8kQtoWWNNb8aYLf47ZhS-75ML3QNZZJQIilqdvM_fglRwvCKRJz6MtWcMu7zmeGZp2EnWKAX5AoU_6ZJkFy0Tbe09WLJX0o0RdaGOn8m6GkBQDyZdEqz2CuaFTk-F3mHyZKInYs48mcWSuogj6So955JDtJk7Hu_NyGMHoXNj2G4ya5rTOWi6RqwevWwV2RCigawUNcvYeIDXfgxrqZZhwocwxe8zmroKNwToFiMXRS3060gREwij7BkkGP0ZA\" data-hovercard=\"\/ajax\/hovercard\/page.php?id=575528565794800&amp;extragetparams=%7B%22__tn__%22%3A%22%2CdK-R-R%22%2C%22eid%22%3A%22ARD_Esz01xZCfFoSVVIrj4GUZCnqvCbFUX7Bm25oWLCe_mkV78U78MlzyYsSNGlXwcedgzd1aU3Els21%22%2C%22fref%22%3A%22mentions%22%7D\" data-hovercard-prefer-more-content-show=\"1\">Oratori Estivi Romani,<\/a> in <img loading=\"lazy\" decoding=\"async\" class=\"size-medium wp-image-37178 alignright\" src=\"https:\/\/www.radiopiu.eu\/wp-content\/uploads\/2020\/07\/photo-of-child-using-headphones-3891209-1-300x200.jpg\" alt=\"oratori estivi di roma, bambina\" width=\"300\" height=\"200\" \/>collaborazione con l&#8217;Ufficio per la pastorale del tempo libero, del turismo e dello sport della Diocesi di Roma, Ores Radio \u00e8 un concentrato di leggerezza e creativit\u00e0. In circa 20 minuti, si alterneranno, i pi\u00f9 disparati brani musicali a voci.<\/p>\n<h2>Oratori estivi di Roma: la parola ai pi\u00f9 piccoli<\/h2>\n<p>Protagonisti i bambini, i ragazzi e gli animatori che racconteranno la bellezza di queste settimane, trascorse anche quest&#8217;anno, nonostante le <a href=\"https:\/\/www.radiopiu.eu\/oratori-estivi-2020-don-magnotta\/\">norme sul distanziamento sociale,<\/a> tra attivit\u00e0, divertimento e condivisione.<\/p>\n<p>Si parte l&#8217;8 luglio con l&#8217;oratorio della parrocchia di San Bonaventura da Bagnoregio, nel quartiere don Bosco. Si prosegue nei giorni successivi con i piccoli di San Gaspare del Bufalo a Cinecitt\u00e0 e quelli\u00a0 di \u201c<em>Columella City<\/em>\u201d, il centro estivo promosso dal COR al Quadraro.<\/p>\n<p><span class=\"text_exposed_show\">Tutte le parrocchie e comunit\u00e0 che volessero aderire all&#8217;iniziativa e proporre la propria &#8216;puntata&#8217; possono inviare\u00a0 una e-mail con i propri contatti a info@oresroma.org.<\/span><\/p>\n<p><iframe loading=\"lazy\" title=\"Ores Radio\" width=\"696\" height=\"392\" src=\"https:\/\/www.youtube.com\/embed\/LtPIvEmQdNk?feature=oembed\" frameborder=\"0\" allow=\"accelerometer; autoplay; encrypted-media; gyroscope; picture-in-picture\" allowfullscreen><\/iframe><\/p>\n","protected":false},"excerpt":{"rendered":"<p>Oratori estivi di Roma: al via &#8220;Ores Radio&#8221; Le notizie del giorno, tra giochi e momenti di riflessione, le hit dell&#8217;estate, le dediche. \u00c8\u00a0 &#8220;Ores Radio &#8211; voci e musica dagli oratori estivi di Roma&#8221;, il\u00a0 nuovo programma in onda mercoled\u00ec, gioved\u00ec e venerd\u00ec a partire dalle 11.35 su Radiopi\u00f9 Roma. Realizzato nell&#8217;ambito delle attivit\u00e0 [&hellip;]<\/p>\n","protected":false},"author":6,"featured_media":2138,"comment_status":"open","ping_status":"open","sticky":false,"template":"","format":"standard","meta":{"footnotes":""},"categories":[20],"tags":[],"class_list":["post-2137","post","type-post","status-publish","format-standard","has-post-thumbnail","hentry","category-notizie"],"_links":{"self":[{"href":"https:\/\/www.diocesidiroma.it\/utsroma\/index.php\/wp-json\/wp\/v2\/posts\/2137","targetHints":{"allow":["GET"]}}],"collection":[{"href":"https:\/\/www.diocesidiroma.it\/utsroma\/index.php\/wp-json\/wp\/v2\/posts"}],"about":[{"href":"https:\/\/www.diocesidiroma.it\/utsroma\/index.php\/wp-json\/wp\/v2\/types\/post"}],"author":[{"embeddable":true,"href":"https:\/\/www.diocesidiroma.it\/utsroma\/index.php\/wp-json\/wp\/v2\/users\/6"}],"replies":[{"embeddable":true,"href":"https:\/\/www.diocesidiroma.it\/utsroma\/index.php\/wp-json\/wp\/v2\/comments?post=2137"}],"version-history":[{"count":1,"href":"https:\/\/www.diocesidiroma.it\/utsroma\/index.php\/wp-json\/wp\/v2\/posts\/2137\/revisions"}],"predecessor-version":[{"id":2139,"href":"https:\/\/www.diocesidiroma.it\/utsroma\/index.php\/wp-json\/wp\/v2\/posts\/2137\/revisions\/2139"}],"wp:featuredmedia":[{"embeddable":true,"href":"https:\/\/www.diocesidiroma.it\/utsroma\/index.php\/wp-json\/wp\/v2\/media\/2138"}],"wp:attachment":[{"href":"https:\/\/www.diocesidiroma.it\/utsroma\/index.php\/wp-json\/wp\/v2\/media?parent=2137"}],"wp:term":[{"taxonomy":"category","embeddable":true,"href":"https:\/\/www.diocesidiroma.it\/utsroma\/index.php\/wp-json\/wp\/v2\/categories?post=2137"},{"taxonomy":"post_tag","embeddable":true,"href":"https:\/\/www.diocesidiroma.it\/utsroma\/index.php\/wp-json\/wp\/v2\/tags?post=2137"}],"curies":[{"name":"wp","href":"https:\/\/api.w.org\/{rel}","templated":true}]}}