{"id":2152,"date":"2020-09-14T17:42:30","date_gmt":"2020-09-14T15:42:30","guid":{"rendered":"https:\/\/www.diocesidiroma.it\/utsroma\/\/?p=2152"},"modified":"2020-09-15T09:54:20","modified_gmt":"2020-09-15T07:54:20","slug":"mettersi-in-gioco","status":"publish","type":"post","link":"https:\/\/www.diocesidiroma.it\/utsroma\/index.php\/mettersi-in-gioco\/","title":{"rendered":"Sport, &#8220;Mettersi in gioco&#8221;: il vademecum di Papa Francesco"},"content":{"rendered":"<h2>Mettersi in gioco: sulla scia di &#8220;We run Together&#8221;<\/h2>\n<p>L&#8217;accoglienza, il rispetto, l&#8217;incontro. E ancora il coraggio, la tenacia, il dominio di s\u00e9. Sono solo alcuni dei valori che emergono da <em>Mettersi in gioco<\/em>, presentato questa mattina allo Stadio Martellini delle Terme di Caracalla. Edito dalla <img loading=\"lazy\" decoding=\"async\" class=\"size-medium wp-image-37337 alignright\" src=\"https:\/\/www.radiopiu.eu\/wp-content\/uploads\/2020\/09\/958d97e1-3ee9-4502-a2ee-d1cf4ff0b4da-225x300.jpg\" alt=\"mettersi in gioco, sport\" width=\"225\" height=\"300\" \/>Libreria Editrice Vaticana-Dicastero per la Comunicazione della Santa Sede, con il patrocinio di Athletica Vaticana, il volume, che si inserisce nel progetto di beneficenza <a href=\"https:\/\/www.radiopiu.eu\/we-run-together-8-giugno-papa-valerio-aspromonte\/\">&#8220;We Run Together&#8221;<\/a> lanciato dal Pontefice lo scorso maggio, raccoglie i pensieri di Papa Francesco sullo sport selezionati tra i discorsi rivolti agli atleti nelle pi\u00f9 svariate occasioni.<\/p>\n<p>A fare da prefazione alle parole del Santo Padre le testimonianze di Francesco Totti, di Tegla Loroupe, responsabile del Team dei rifugiati del Comitato Olimpico Internazionale e di Alex Zanardi che ha inviato il suo contributo poco prima del grave incidente.<\/p>\n<h2>Mettersi in gioco: mons. Sanchez, &#8220;Lo sport, un piccolo miracolo&#8221;<\/h2>\n<p>\u00abNon si tratta di un manuale in senso stretto, ma di un libretto di istruzioni per il mondo dello sport. Non \u00e8 un trattato di teologia, ma un vademeucum che accompagna chi ama lo sport\u00bb precisa ai microfoni di Radiopi\u00f9 Roma <strong>monsignor Melchor S\u00e1nchez de Toca<\/strong>, sotto-segretario del Pontificio consiglio della cultura.<\/p>\n<p>Uno sport che, a causa della pandemia, cambia nelle modalit\u00e0 ma non nei valori. \u00abIl Papa, all&#8217;inizio dell&#8217;asta di beneficenza <em>We run together<\/em>, proprio perch\u00e9 non si poteva fare il <em>meeting<\/em> che era stato convocato, ha detto una cosa importante: &#8220;Anche se non si pu\u00f2 correre con le gambe, si pu\u00f2 correre con il cuore. Anche se certe modalit\u00e0 di sport<\/p>\n<figure id=\"attachment_37339\" aria-describedby=\"caption-attachment-37339\" style=\"width: 300px\" class=\"wp-caption alignright\"><img loading=\"lazy\" decoding=\"async\" class=\"size-medium wp-image-37339\" src=\"https:\/\/www.radiopiu.eu\/wp-content\/uploads\/2020\/09\/63c10859-97e3-4984-86b7-6f23a1383c31-300x225.jpg\" alt=\"mettersi in gioco \" width=\"300\" height=\"225\" \/><figcaption id=\"caption-attachment-37339\" class=\"wp-caption-text\">La presentazione del libro allo stadio delle Terme di Caracalla<\/figcaption><\/figure>\n<p>sono in questo momento precluse (lo sport con il pubblico sugli spalti, le corse popolari&#8230;) i <strong>valori rimangono<\/strong>.<\/p>\n<p>Sono quelli che fanno dello sport la realt\u00e0 che tutti noi amiamo, che ha una capacit\u00e0 di ispirazione a<strong> dare il<\/strong> <strong>meglio di s\u00e9<\/strong>, (che tra l&#8217;altro \u00e8 un <a href=\"https:\/\/press.vatican.va\/content\/salastampa\/it\/bollettino\/pubblico\/2018\/06\/01\/0401\/00856.html#italianodoc\">documento vaticano sullo sport)<\/a>, e un <strong>potenziale inclusivo: <\/strong>integrare persone con diverse provenienze e culture, con disabilit\u00e0. <strong>Lo sport fa questo piccolo miracolo<\/strong>: i ragazzi che non si capiscono quando parlano, giocano insieme e si capiscono alla perfezione\u00bb<strong>.<\/strong><\/p>\n<p>Lo sport diviene, dunque, una vera e propria palestra di vita. In effetti, continua monsignor Sanchez, \u00abil titolo del libro, <em>Mettersi in gioco<\/em>, \u00e8 tratto da un discorso del Papa al Centro sportivo italiano e a tutte le organizzazioni sportive no profit in Italia in cui diceva: &#8220;Mettetevi in gioco nella vita come fate nello sport&#8221;. \u00c8 un&#8217;espressione molto bella: &#8220;Giochi, ma ti metti anche in gioco&#8221;. <strong>Significa portare nella vita alcuni valori: il rispetto delle regole, il <em>fair play<\/em>, la lotta, lo sforzo, lo spirito di squadra<\/strong>\u00bb.<\/p>\n<blockquote class=\"twitter-tweet\">\n<p dir=\"ltr\" lang=\"it\">Un momento di <a href=\"https:\/\/twitter.com\/hashtag\/sport?src=hash&amp;ref_src=twsrc%5Etfw\">#sport<\/a>, un segno di speranza e di ripartenza. Allo Stadio delle Terme di Caracalla la presentazione del libro della LEV \u201cMettersi in Gioco. Pensieri di <a href=\"https:\/\/twitter.com\/hashtag\/PapaFrancesco?src=hash&amp;ref_src=twsrc%5Etfw\">#PapaFrancesco<\/a> sullo sport\u201d. Presenti i vertici dello sport italiano, atlete e atleti (Photo Vatican Media) <a href=\"https:\/\/t.co\/3UxyMNP7Tm\">pic.twitter.com\/3UxyMNP7Tm<\/a><\/p>\n<p>\u2014 Alessandro Gisotti (@AGisotti) <a href=\"https:\/\/twitter.com\/AGisotti\/status\/1302966908153716739?ref_src=twsrc%5Etfw\">September 7, 2020<\/a><\/p><\/blockquote>\n<p><script async=\"\" src=\"https:\/\/platform.twitter.com\/widgets.js\" charset=\"utf-8\"><\/script><\/p>\n<h2><b>Mettersi in gioco: il tempo della ripartenza\u00a0<\/b><\/h2>\n<p><em>Mettersi in gioco<\/em> \u00e8 stato presentato proprio a 60 anni delle Olimpiadi di Roma. Alla vigilia dell&#8217;inaugurazione, <strong>Giovanni XXIII<\/strong> invit\u00f2 gli atleti, che incontr\u00f2 a San Pietro per per impartire loro la benedizione, a essere <strong>modesti nella vittoria e tenaci nelle difficolt\u00e0<\/strong>.<\/p>\n<p>\u00abC&#8217;\u00e8 una grandissima continuit\u00e0 nei papi sullo sport, da San Pio X. In questo periodo &#8211; conclude monsignor Sanchez &#8211;\u00a0 ricordiamo le Olimpiadi di Roma e la stupenda conclusione con Abebe Bikila che vinse la maratona correndo scalzo. Segna per noi il tempo della ripartenza, cos\u00ec come lo \u00e8 questo libretto molto semplice di Papa Francesco: pillole, vitamine, integratori morali per ricominciare\u00bb.<\/p>\n<p><strong><em>Ascolta l&#8217;intervista a monsignor Sanchez:\u00a0<\/em><\/strong><\/p>\n<p><iframe loading=\"lazy\" src=\"https:\/\/widget.spreaker.com\/player?episode_id=40752517&amp;theme=light&amp;playlist=false&amp;playlist-continuous=false&amp;autoplay=false&amp;live-autoplay=false&amp;chapters-image=true&amp;episode_image_position=right&amp;hide-logo=false&amp;hide-likes=false&amp;hide-comments=false&amp;hide-sharing=false&amp;hide-download=true\" width=\"100%\" height=\"200px\" frameborder=\"0\"><\/iframe><\/p>\n","protected":false},"excerpt":{"rendered":"<p>Mettersi in gioco: sulla scia di &#8220;We run Together&#8221; L&#8217;accoglienza, il rispetto, l&#8217;incontro. E ancora il coraggio, la tenacia, il dominio di s\u00e9. Sono solo alcuni dei valori che emergono da Mettersi in gioco, presentato questa mattina allo Stadio Martellini delle Terme di Caracalla. Edito dalla Libreria Editrice Vaticana-Dicastero per la Comunicazione della Santa Sede, [&hellip;]<\/p>\n","protected":false},"author":6,"featured_media":2153,"comment_status":"open","ping_status":"open","sticky":false,"template":"","format":"standard","meta":{"footnotes":""},"categories":[20],"tags":[],"class_list":["post-2152","post","type-post","status-publish","format-standard","has-post-thumbnail","hentry","category-notizie"],"_links":{"self":[{"href":"https:\/\/www.diocesidiroma.it\/utsroma\/index.php\/wp-json\/wp\/v2\/posts\/2152","targetHints":{"allow":["GET"]}}],"collection":[{"href":"https:\/\/www.diocesidiroma.it\/utsroma\/index.php\/wp-json\/wp\/v2\/posts"}],"about":[{"href":"https:\/\/www.diocesidiroma.it\/utsroma\/index.php\/wp-json\/wp\/v2\/types\/post"}],"author":[{"embeddable":true,"href":"https:\/\/www.diocesidiroma.it\/utsroma\/index.php\/wp-json\/wp\/v2\/users\/6"}],"replies":[{"embeddable":true,"href":"https:\/\/www.diocesidiroma.it\/utsroma\/index.php\/wp-json\/wp\/v2\/comments?post=2152"}],"version-history":[{"count":3,"href":"https:\/\/www.diocesidiroma.it\/utsroma\/index.php\/wp-json\/wp\/v2\/posts\/2152\/revisions"}],"predecessor-version":[{"id":2156,"href":"https:\/\/www.diocesidiroma.it\/utsroma\/index.php\/wp-json\/wp\/v2\/posts\/2152\/revisions\/2156"}],"wp:featuredmedia":[{"embeddable":true,"href":"https:\/\/www.diocesidiroma.it\/utsroma\/index.php\/wp-json\/wp\/v2\/media\/2153"}],"wp:attachment":[{"href":"https:\/\/www.diocesidiroma.it\/utsroma\/index.php\/wp-json\/wp\/v2\/media?parent=2152"}],"wp:term":[{"taxonomy":"category","embeddable":true,"href":"https:\/\/www.diocesidiroma.it\/utsroma\/index.php\/wp-json\/wp\/v2\/categories?post=2152"},{"taxonomy":"post_tag","embeddable":true,"href":"https:\/\/www.diocesidiroma.it\/utsroma\/index.php\/wp-json\/wp\/v2\/tags?post=2152"}],"curies":[{"name":"wp","href":"https:\/\/api.w.org\/{rel}","templated":true}]}}