{"id":2232,"date":"2021-04-15T09:49:45","date_gmt":"2021-04-15T07:49:45","guid":{"rendered":"https:\/\/www.diocesidiroma.it\/utsroma\/\/?p=2232"},"modified":"2021-06-08T19:40:38","modified_gmt":"2021-06-08T17:40:38","slug":"cantate-inni-con-arte-la-quarta-edizione-del-festival-dei-cori","status":"publish","type":"post","link":"https:\/\/www.diocesidiroma.it\/utsroma\/index.php\/cantate-inni-con-arte-la-quarta-edizione-del-festival-dei-cori\/","title":{"rendered":"Cantate Inni con Arte: la quarta edizione del Festival dei cori"},"content":{"rendered":"<h2>Cantate Inni con Arte: torna il Festival dei cori parrocchiali<\/h2>\n<p>\u00abTutte le preoccupazioni, [\u2026] tutta questa vita in cui ci trasciniamo fatta di grida, lacrime, risate, lotte, rotture, <img loading=\"lazy\" decoding=\"async\" class=\"size-medium wp-image-35951 alignright\" src=\"https:\/\/www.radiopiu.eu\/wp-content\/uploads\/2020\/04\/DSCF4781-300x200.jpg\" alt=\"Cantate inni con arte, cantate inni con arte 2017\" width=\"300\" height=\"200\" \/>speranze deluse e possibilit\u00e0 inaspettate: tutto questo scompare di colpo quando i coristi si mettono a cantare\u00bb. Quanto scriveva nel 2006 l&#8217;autrice francese Muriel Barbery, nel romanzo &#8220;L&#8217;eleganza del riccio&#8221;, \u00e8 pi\u00f9 che mai adeguato ai tempi.<\/p>\n<p>Tempi ancora difficili, ma in cui cominciano a fare capolino barlumi di ripresa. Annullato a causa della pandemia da Covid-19 nel 2020, torna quest&#8217;anno, conservando lo spirito originario di fede e condivisione, <a href=\"https:\/\/www.youtube.com\/watch?v=WOV-wMgb4jw\">&#8220;<strong>Cantate Inni con Arte&#8221;, il festival dei cori parrocchiali<\/strong><\/a>, promosso dall&#8217;Ufficio per la Pastorale del tempo libero, del turismo e dello sport della Diocesi di Roma, in collaborazione con Radiopi\u00f9 Roma e con il patrocinio dell&#8217;Ufficio liturgico.<\/p>\n<p>L&#8217;appuntamento \u00e8 per <strong>sabato 6 novembre 2021. <\/strong>Ad accogliere i finalisti, che si esibiranno a partire dalle ore 20, alla <strong>Basilica di San Giovanni Bosco<\/strong>, la redazione di Radiopi\u00f9 Roma insieme al vicegerente della Diocesi di Roma, <strong>monsignor Gianpiero Palmieri.\u00a0<\/strong><\/p>\n<p><iframe loading=\"lazy\" title=\"Aspettando &quot;Cantate inni con arte&quot;\" width=\"696\" height=\"392\" src=\"https:\/\/www.youtube.com\/embed\/HOUHVR5wIMY?feature=oembed\" frameborder=\"0\" allow=\"accelerometer; autoplay; clipboard-write; encrypted-media; gyroscope; picture-in-picture\" allowfullscreen><\/iframe><\/p>\n<h2>Cantate Inni con Arte: come partecipare alla quarta edizione<\/h2>\n<p><a href=\"https:\/\/www.youtube.com\/watch?v=XbyU5BiqQZc\">Le iscrizioni al Festival<\/a>, rivolto <strong>ai cori delle parrocchie della Diocesi di Roma e di quelle suburbicarie<\/strong>, sono gi\u00e0 aperte.<\/p>\n<p>Ogni coro potr\u00e0 presentare <strong>entro il prossimo 27 settembre<\/strong> un brano liturgico <strong>edito<\/strong> (cio\u00e8 della consolidata tradizione liturgica) o <strong>inedito<\/strong> (scritto e musicato, laddove previsto, direttamente dal coro). In lingua <strong>italiana o latina<\/strong>, e concepito esplicitamente per la <strong>celebrazione eucaristica<\/strong>, dovr\u00e0 avere la durata massima di<strong> 5 minuti<\/strong>.<\/p>\n<p>Una volta registrato, in<strong> formato mp3<\/strong>, il brano dovr\u00e0 essere inviato all\u2019indirizzo e-mail <a href=\"mailto:concorsiradiopiu@gmail.com%20\">concorsiradiopiu@gmail.com<\/a> insieme a:<\/p>\n<ul>\n<li>una <strong>scheda di adesione<\/strong> (<a href=\"https:\/\/www.radiopiu.eu\/wp-content\/uploads\/2021\/04\/Scheda-di-adesione-Festival-2021-1.docx\"><strong>clicca qui per scaricarla<\/strong><\/a>) da compilare e firmare in ogni sua parte<\/li>\n<li>la<strong> ricevuta dell\u2019avvenuto pagamento<\/strong>. (Costo di iscrizione \u00e8 di <strong>50 euro<\/strong> per coro).<\/li>\n<\/ul>\n<p><a href=\"https:\/\/www.radiopiu.eu\/wp-content\/uploads\/2021\/04\/cantate-inni-con-arte-2021-regolamento.pdf\"><strong>Clicca qui per leggere e scaricare il regolamento completo.<\/strong><\/a><\/p>\n<h2>Cantate Inni con Arte: giuria e premi per i tre vincitori<\/h2>\n<p>La giuria sar\u00e0 formata da figure di rilevanza nazionale e internazionale esperte in campo musicale: <strong>Carlo Donadio<\/strong>, direttore d\u2019orchestra, Teatro dell\u2019Opera di Roma, <strong>Alvaro Vatri<\/strong>, presidente dell\u2019Associazione cori del Lazio, <strong>Francesco d\u2019Alfonso<\/strong>, critico musicale dell&#8217;Ufficio per la Cultura e Universit\u00e0 del Vicariato di Roma.<\/p>\n<p><strong>A presiederla, anche per il 2021, monsignor Marco Frisina <\/strong>che, nel corso delle varie edizioni del Festival, ha pi\u00f9 volte messo in evidenza \u00abl&#8217;importanza di un momento bellissimo &#8211; come quello di &#8220;Cantate Inni con Arte&#8221; &#8211; in cui scambiare le proprie esperienze\u00bb. Obiettivo del concorso, ha ricordato il direttore del Coro della Diocesi di Roma durante la<a href=\"https:\/\/www.radiopiu.eu\/cantate-inni-con-arte-2019-i-vincitori\/\"> serata finale del 2019<\/a>, \u00e8 quello di \u00abaumentare da una parte la <strong>qualit\u00e0<\/strong>\u00a0dei cori e dall\u2019altra la\u00a0<strong>creativit\u00e0.<\/strong> \u00c8 un lavoro diocesano, \u00e8 Roma che si esprime nelle sue parrocchie\u00bb.<\/p>\n<p><img loading=\"lazy\" decoding=\"async\" class=\"alignnone wp-image-39289 size-full\" src=\"https:\/\/www.radiopiu.eu\/wp-content\/uploads\/2021\/04\/74391686_1696301183835355_8445010249265446912_n.jpg\" alt=\"cantate inni con arte, frisina, parrocchie di roma, radiopiu roma\" width=\"2048\" height=\"1365\" \/><\/p>\n<p>Tra tutti i cori partecipanti <strong>saranno 12 (sei per ogni sezione: brano inedito\/brano edito) quelli selezionati\u00a0 per la finale<\/strong>. A questo si aggiunger\u00e0 quello pi\u00f9 votato sulle piattaforme online di Radiopi\u00f9 Roma che avr\u00e0 la possibilit\u00e0 di esibirsi, il 6 novembre, fuori concorso.<\/p>\n<p>Durante quella sera, la giuria decreter\u00e0 i vincitori delle due sezioni. Entrambi, oltre a ricevere una targa premio (destinata anche al coro vincitore online), avranno diritto a un <strong>buono del valore di 250 euro<\/strong> da spendere in acquisto di prodotti musicali. Stesso premio, ma del valore di <strong>100 euro<\/strong>, sar\u00e0 consegnato al vincitore della sfida sul web.<\/p>\n<h3>Cantate Inni con Arte: l&#8217;ultima edizione<\/h3>\n<p>Il video dell&#8217;ultima edizione del Festival, il 20 ottobre 2019, alla parrocchia di San Frumenzio:<\/p>\n<p><iframe loading=\"lazy\" title=\"Cantate inni con arte 2019\" width=\"696\" height=\"392\" src=\"https:\/\/www.youtube.com\/embed\/ID9YV1Z_60s?feature=oembed\" frameborder=\"0\" allow=\"accelerometer; autoplay; clipboard-write; encrypted-media; gyroscope; picture-in-picture\" allowfullscreen><\/iframe><\/p>\n","protected":false},"excerpt":{"rendered":"<p>Cantate Inni con Arte: torna il Festival dei cori parrocchiali \u00abTutte le preoccupazioni, [\u2026] tutta questa vita in cui ci trasciniamo fatta di grida, lacrime, risate, lotte, rotture, speranze deluse e possibilit\u00e0 inaspettate: tutto questo scompare di colpo quando i coristi si mettono a cantare\u00bb. Quanto scriveva nel 2006 l&#8217;autrice francese Muriel Barbery, nel romanzo [&hellip;]<\/p>\n","protected":false},"author":6,"featured_media":2233,"comment_status":"open","ping_status":"open","sticky":false,"template":"","format":"standard","meta":{"footnotes":""},"categories":[25],"tags":[],"class_list":["post-2232","post","type-post","status-publish","format-standard","has-post-thumbnail","hentry","category-concorsi"],"_links":{"self":[{"href":"https:\/\/www.diocesidiroma.it\/utsroma\/index.php\/wp-json\/wp\/v2\/posts\/2232","targetHints":{"allow":["GET"]}}],"collection":[{"href":"https:\/\/www.diocesidiroma.it\/utsroma\/index.php\/wp-json\/wp\/v2\/posts"}],"about":[{"href":"https:\/\/www.diocesidiroma.it\/utsroma\/index.php\/wp-json\/wp\/v2\/types\/post"}],"author":[{"embeddable":true,"href":"https:\/\/www.diocesidiroma.it\/utsroma\/index.php\/wp-json\/wp\/v2\/users\/6"}],"replies":[{"embeddable":true,"href":"https:\/\/www.diocesidiroma.it\/utsroma\/index.php\/wp-json\/wp\/v2\/comments?post=2232"}],"version-history":[{"count":6,"href":"https:\/\/www.diocesidiroma.it\/utsroma\/index.php\/wp-json\/wp\/v2\/posts\/2232\/revisions"}],"predecessor-version":[{"id":2260,"href":"https:\/\/www.diocesidiroma.it\/utsroma\/index.php\/wp-json\/wp\/v2\/posts\/2232\/revisions\/2260"}],"wp:featuredmedia":[{"embeddable":true,"href":"https:\/\/www.diocesidiroma.it\/utsroma\/index.php\/wp-json\/wp\/v2\/media\/2233"}],"wp:attachment":[{"href":"https:\/\/www.diocesidiroma.it\/utsroma\/index.php\/wp-json\/wp\/v2\/media?parent=2232"}],"wp:term":[{"taxonomy":"category","embeddable":true,"href":"https:\/\/www.diocesidiroma.it\/utsroma\/index.php\/wp-json\/wp\/v2\/categories?post=2232"},{"taxonomy":"post_tag","embeddable":true,"href":"https:\/\/www.diocesidiroma.it\/utsroma\/index.php\/wp-json\/wp\/v2\/tags?post=2232"}],"curies":[{"name":"wp","href":"https:\/\/api.w.org\/{rel}","templated":true}]}}