{"id":2272,"date":"2021-06-14T21:32:45","date_gmt":"2021-06-14T19:32:45","guid":{"rendered":"https:\/\/www.diocesidiroma.it\/utsroma\/\/?p=2272"},"modified":"2021-06-17T09:16:06","modified_gmt":"2021-06-17T07:16:06","slug":"scatta-in-parrocchia-gabriele-nella-mia-foto-la-rinascita-dopo-il-buio","status":"publish","type":"post","link":"https:\/\/www.diocesidiroma.it\/utsroma\/index.php\/scatta-in-parrocchia-gabriele-nella-mia-foto-la-rinascita-dopo-il-buio\/","title":{"rendered":"Scatta in Parrocchia. Gabriele, &#8220;Nella mia foto la rinascita dopo il buio&#8221;"},"content":{"rendered":"<h2>Scatta in Parrocchia: a San Romano Martire la luce dopo il buio<\/h2>\n<p>3 aprile 2021. Sabato santo. Una finestra aperta sullo sfondo e le candele della veglia di Pasqua rischiarano l&#8217;oscurit\u00e0, anche se sono ancora le 18 del pomeriggio ed \u00e8 da poco ritornata l&#8217;ora legale.<\/p>\n<p>\u00abCristo \u00e8 la luce che illumina il nostro cammino anche nella notte pi\u00f9 buia\u00bb. Descrive cos\u00ec il giovane <strong>Gabriele Pallai<\/strong> la sua foto, <a href=\"https:\/\/www.radiopiu.eu\/scatta-in-parrocchia-2021-le-foto-vincitrici\/\">prima in classifica nella sfida online<\/a> di <strong>Scatta in Parrocchia 2021<\/strong>, ricordando la particolarit\u00e0 di quella celebrazione di \u00abrinascita\u00bb, anticipata di qualche ora per via del &#8220;coprifuoco&#8221;.<\/p>\n<p>In primo piano, nello foto scattata con la macchina fotografica a <strong>San Romano Martire<\/strong>, il parroco don <strong>Julio Lavin<\/strong>, \u00abun caro amico. \u00c8 come se fosse della famiglia, anche questo mi ha aiutato nella realizzazione dello scatto\u00bb cos\u00ec vero, per nulla artefatto, il cui messaggio, precisa Gabriele, \u00e8 la \u00abricerca della salvezza dopo un anno di sofferenza e morte\u00bb.<\/p>\n<p>\u00abAdoro la mia parrocchia, mi rispecchia. C&#8217;\u00e8 una comunit\u00e0 molto unita. \u00c8 molto viva, attiva, impegnata in servizi come le <a href=\"https:\/\/www.facebook.com\/radiopiunetwork\/photos\/a.2231451880320280\/2278726755592792\">Misericordie <\/a>e in diverse attivit\u00e0 tra cui la Caritas che ha <a href=\"https:\/\/www.facebook.com\/radiopiunetwork\/photos\/a.2231451880320280\/2237721499693318\">raccontato mio padre con il suo scatto.<\/a><\/p>\n<figure id=\"attachment_39631\" aria-describedby=\"caption-attachment-39631\" style=\"width: 1723px\" class=\"wp-caption alignnone\"><img loading=\"lazy\" decoding=\"async\" class=\"size-full wp-image-39631\" src=\"https:\/\/www.radiopiu.eu\/wp-content\/uploads\/2021\/05\/Gabriele-Pallai-San-Romano-Martire.jpg\" alt=\"scatta in parrocchia, gabriele pallai\" width=\"1723\" height=\"1149\" \/><figcaption id=\"caption-attachment-39631\" class=\"wp-caption-text\">Gabriele Pallai &#8211; San Romano Martire<\/figcaption><\/figure>\n<h2>Scatta in parrocchia: la passione di Gabriele per il \u00abpazzo mondo\u00bb della fotografia<\/h2>\n<p>Ed \u00e8 stato proprio Gian Luca, fotografo, pap\u00e0 di Gabriele, (anche lui tra i concorrenti di Scatta in Parrocchia) a trasmettere al giovane vincitore la passione per la fotografia.<\/p>\n<p>\u00abFin da piccolo mi sono sempre avvicinato a questo &#8220;pazzo mondo&#8221;. Mio padre mi ha messo in mano le prime Kodak usa e getta, quelle a rullino, che buttavi dopo un giorno. Io giravo per casa con queste macchinette. Poi la passione \u00e8 esplosa con una fotocamera bridge che mi \u00e8 stata regalata alla mia prima Comunione. Da l\u00ec\u00a0 &#8211; ricorda Gabriele &#8211; \u00e8 stato tutto un crescendo. Tramite varie esperienze sono finito a scattare anche alla Festa del Cinema di Roma, due anni fa, e ho vinto un concorso fotografico\u00bb.<\/p>\n<p>Accantonata nei mesi di lockdown, per via dello studio e delle interrogazioni, \u00abla fotografia mi \u00e8 mancata molto. Ma ho rimediato con lo <em><a href=\"https:\/\/it.wikipedia.org\/wiki\/Still_life_(fotografia)\">still life<\/a><\/em>, per cercare un po&#8217; di normalit\u00e0\u00bb in una routine fatta di didattica a distanza. \u00abHo comprato persino degli oggetti online solo per poterli fotografare\u00bb.<\/p>\n<p>\u00ab\u00c8 stato un periodo complicato. La mia difficolt\u00e0 pi\u00f9 grande non \u00e8 stato tanto non uscire, ma non staccare mai: la casa \u00e8 diventata la scuola stessa. Fortunatamente i miei fratelli mi hanno molto aiutato, soprattutto a rilassarmi\u00bb.<\/p>\n<figure id=\"attachment_39735\" aria-describedby=\"caption-attachment-39735\" style=\"width: 1600px\" class=\"wp-caption alignnone\"><img loading=\"lazy\" decoding=\"async\" class=\"size-full wp-image-39735\" src=\"https:\/\/www.radiopiu.eu\/wp-content\/uploads\/2021\/06\/022981a0-c534-455d-ab94-8bfdc4241a6d.jpg\" alt=\"scatta in parrocchia, gabriele pallai \" width=\"1600\" height=\"1066\" \/><figcaption id=\"caption-attachment-39735\" class=\"wp-caption-text\">La fotografa Alessia Torregrossa consegna il premio al vincitore online di Scatta in Parrocchia 2021, Gabriele Pallai<\/figcaption><\/figure>\n<p>Ascolta l&#8217;intervista integrale a Gabriele Pallai:<\/p>\n<p><iframe loading=\"lazy\" src=\"https:\/\/widget.spreaker.com\/player?episode_id=45295662&amp;theme=light&amp;playlist=false&amp;playlist-continuous=false&amp;autoplay=false&amp;live-autoplay=false&amp;chapters-image=true&amp;episode_image_position=right&amp;hide-logo=false&amp;hide-likes=false&amp;hide-comments=false&amp;hide-sharing=false&amp;hide-download=true\" width=\"100%\" height=\"200px\" frameborder=\"0\"><\/iframe><\/p>\n","protected":false},"excerpt":{"rendered":"<p>Scatta in Parrocchia: a San Romano Martire la luce dopo il buio 3 aprile 2021. Sabato santo. Una finestra aperta sullo sfondo e le candele della veglia di Pasqua rischiarano l&#8217;oscurit\u00e0, anche se sono ancora le 18 del pomeriggio ed \u00e8 da poco ritornata l&#8217;ora legale. \u00abCristo \u00e8 la luce che illumina il nostro cammino [&hellip;]<\/p>\n","protected":false},"author":4,"featured_media":2273,"comment_status":"open","ping_status":"open","sticky":false,"template":"","format":"standard","meta":{"footnotes":""},"categories":[25],"tags":[],"class_list":["post-2272","post","type-post","status-publish","format-standard","has-post-thumbnail","hentry","category-concorsi"],"_links":{"self":[{"href":"https:\/\/www.diocesidiroma.it\/utsroma\/index.php\/wp-json\/wp\/v2\/posts\/2272","targetHints":{"allow":["GET"]}}],"collection":[{"href":"https:\/\/www.diocesidiroma.it\/utsroma\/index.php\/wp-json\/wp\/v2\/posts"}],"about":[{"href":"https:\/\/www.diocesidiroma.it\/utsroma\/index.php\/wp-json\/wp\/v2\/types\/post"}],"author":[{"embeddable":true,"href":"https:\/\/www.diocesidiroma.it\/utsroma\/index.php\/wp-json\/wp\/v2\/users\/4"}],"replies":[{"embeddable":true,"href":"https:\/\/www.diocesidiroma.it\/utsroma\/index.php\/wp-json\/wp\/v2\/comments?post=2272"}],"version-history":[{"count":2,"href":"https:\/\/www.diocesidiroma.it\/utsroma\/index.php\/wp-json\/wp\/v2\/posts\/2272\/revisions"}],"predecessor-version":[{"id":2275,"href":"https:\/\/www.diocesidiroma.it\/utsroma\/index.php\/wp-json\/wp\/v2\/posts\/2272\/revisions\/2275"}],"wp:featuredmedia":[{"embeddable":true,"href":"https:\/\/www.diocesidiroma.it\/utsroma\/index.php\/wp-json\/wp\/v2\/media\/2273"}],"wp:attachment":[{"href":"https:\/\/www.diocesidiroma.it\/utsroma\/index.php\/wp-json\/wp\/v2\/media?parent=2272"}],"wp:term":[{"taxonomy":"category","embeddable":true,"href":"https:\/\/www.diocesidiroma.it\/utsroma\/index.php\/wp-json\/wp\/v2\/categories?post=2272"},{"taxonomy":"post_tag","embeddable":true,"href":"https:\/\/www.diocesidiroma.it\/utsroma\/index.php\/wp-json\/wp\/v2\/tags?post=2272"}],"curies":[{"name":"wp","href":"https:\/\/api.w.org\/{rel}","templated":true}]}}