{"id":2276,"date":"2021-06-17T09:22:19","date_gmt":"2021-06-17T07:22:19","guid":{"rendered":"https:\/\/www.diocesidiroma.it\/utsroma\/\/?p=2276"},"modified":"2021-06-17T09:22:19","modified_gmt":"2021-06-17T07:22:19","slug":"scatta-in-parrocchia-gianluca-ha-vinto-la-spontaneita","status":"publish","type":"post","link":"https:\/\/www.diocesidiroma.it\/utsroma\/index.php\/scatta-in-parrocchia-gianluca-ha-vinto-la-spontaneita\/","title":{"rendered":"Scatta in Parrocchia. Gianluca: &#8220;Una vittoria inaspettata&#8221;"},"content":{"rendered":"<h2>Scatta in Parrocchia: ha vinto la spontaneit\u00e0<\/h2>\n<p>\u00abDopo la Messa, celebrata nel campetto per via della pandemia, sono entrato un attimo in chiesa perch\u00e9 c&#8217;era l&#8217;adorazione della Croce. L&#8217;atmosfera era mistica. Mi sono seduto al primo banco sulla destra e ho pensato di scattare una foto. Cos\u00ec, spontaneamente. Nulla di preparato\u00bb. Gianluca De Mutiis, sistemista informatico, \u00e8 ancora incredulo <a href=\"https:\/\/www.radiopiu.eu\/scatta-in-parrocchia-2021-le-foto-vincitrici\/?fbclid=IwAR2bYmRt_PHBisYE1elyhkCEvGsdzEHc4BD8rW8HNtKIxtV9pM-55W-OFWI\">della sua vittoria all&#8217;edizione 2021 di Scatta in Parrocchia<\/a>.<\/p>\n<p>A spronarlo a partecipare al concorso fotografico, con il suo scatto realizzato lo scorso 2 aprile, venerd\u00ec santo, a <a href=\"https:\/\/www.facebook.com\/sssacramento.it\/\">Santissimo Sacramento a Tor de&#8217; Schiavi<\/a>, il parroco, don Maurizio Mirilli. \u00abNon pensavo di vincere. \u00c8 stato come un gioco per me\u00bb.<\/p>\n<p>Eppure la sua foto, apparentemente semplice, \u00e8 ricca di significato: una donna, con la mascherina, ormai simbolo del nostro tempo, prega in ginocchio di fronte al Crocifisso. Tutto intorno silenzio e luce, che, come la speranza, si fa strada tra le crepe pi\u00f9 nascoste.<\/p>\n<p>&nbsp;<\/p>\n<figure id=\"attachment_39637\" aria-describedby=\"caption-attachment-39637\" style=\"width: 1809px\" class=\"wp-caption alignnone\"><img loading=\"lazy\" decoding=\"async\" class=\"size-full wp-image-39637\" src=\"https:\/\/www.radiopiu.eu\/wp-content\/uploads\/2021\/05\/Gianluca-De-Mutiis-SS-Sacramento-a-Tor-de-Schiavi-2-scaled.jpeg\" alt=\"scatta in parrocchia 2021, gianluca de mutiis, santissimo sacramento a tor de schiavi\" width=\"1809\" height=\"2560\" \/><figcaption id=\"caption-attachment-39637\" class=\"wp-caption-text\">Gianluca De Mutiis- SS Sacramento a Tor de&#8217; Schiavi<\/figcaption><\/figure>\n<h2>Scatta in Parrocchia: non solo foto a Santissimo Sacramento a Tor de Schiavi<\/h2>\n<p>\u00abL&#8217;ho solo resa in bianco e nero per mettere in evidenza la drammaticit\u00e0 del momento\u00bb racconta Gianluca, da sempre appassionato di fotografia. Ho anche una reflex. Per\u00f2 non sempre la porto dietro con me. In certe occasione il cellulare ti d\u00e0 una mano. Quando vedo una situazione che mi piace scatto, magari poi modifico le tonalit\u00e0, salvo o cancello a seconda di quello che viene fuori\u00bb.<\/p>\n<p>Non solo foto. Gianluca nella parrocchia di largo Agosta, che frequenta da circa due anni, suona anche la chitarra. \u00abLa parrocchia \u00e8 abbastanza viva, ci sono molte attivit\u00e0, l&#8217;oratorio, la comunit\u00e0 \u00e8 grande. Sono in tanti che partecipano, dalla sistemazione del giardino alle pulizie. Siamo una bella famiglia\u00bb.<\/p>\n<p>Ascolta l&#8217;intervista integrale a Gianluca de Mutiis:<\/p>\n<p><iframe loading=\"lazy\" src=\"https:\/\/widget.spreaker.com\/player?episode_id=45321944&amp;theme=light&amp;playlist=false&amp;playlist-continuous=false&amp;autoplay=false&amp;live-autoplay=false&amp;chapters-image=true&amp;episode_image_position=right&amp;hide-logo=false&amp;hide-likes=false&amp;hide-comments=false&amp;hide-sharing=false&amp;hide-download=true\" width=\"100%\" height=\"200px\" frameborder=\"0\"><\/iframe><\/p>\n<figure id=\"attachment_39756\" aria-describedby=\"caption-attachment-39756\" style=\"width: 1600px\" class=\"wp-caption alignnone\"><img loading=\"lazy\" decoding=\"async\" class=\"wp-image-39756 size-full\" src=\"https:\/\/www.radiopiu.eu\/wp-content\/uploads\/2021\/06\/010af300-d13f-4055-81a5-2e9443c13a8f.jpg\" alt=\"scatta in parrocchia, gianluca de mutiis, alessia torregrossa\" width=\"1600\" height=\"1066\" \/><figcaption id=\"caption-attachment-39756\" class=\"wp-caption-text\">La fotografa Alessia Torregrossa consegna il premio al vincitore di Scatta in Parrocchia, Gianluca de Mutiis<\/figcaption><\/figure>\n<p>&nbsp;<\/p>\n","protected":false},"excerpt":{"rendered":"<p>Scatta in Parrocchia: ha vinto la spontaneit\u00e0 \u00abDopo la Messa, celebrata nel campetto per via della pandemia, sono entrato un attimo in chiesa perch\u00e9 c&#8217;era l&#8217;adorazione della Croce. L&#8217;atmosfera era mistica. Mi sono seduto al primo banco sulla destra e ho pensato di scattare una foto. Cos\u00ec, spontaneamente. Nulla di preparato\u00bb. Gianluca De Mutiis, sistemista [&hellip;]<\/p>\n","protected":false},"author":6,"featured_media":2277,"comment_status":"open","ping_status":"open","sticky":false,"template":"","format":"standard","meta":{"footnotes":""},"categories":[25],"tags":[],"class_list":["post-2276","post","type-post","status-publish","format-standard","has-post-thumbnail","hentry","category-concorsi"],"_links":{"self":[{"href":"https:\/\/www.diocesidiroma.it\/utsroma\/index.php\/wp-json\/wp\/v2\/posts\/2276","targetHints":{"allow":["GET"]}}],"collection":[{"href":"https:\/\/www.diocesidiroma.it\/utsroma\/index.php\/wp-json\/wp\/v2\/posts"}],"about":[{"href":"https:\/\/www.diocesidiroma.it\/utsroma\/index.php\/wp-json\/wp\/v2\/types\/post"}],"author":[{"embeddable":true,"href":"https:\/\/www.diocesidiroma.it\/utsroma\/index.php\/wp-json\/wp\/v2\/users\/6"}],"replies":[{"embeddable":true,"href":"https:\/\/www.diocesidiroma.it\/utsroma\/index.php\/wp-json\/wp\/v2\/comments?post=2276"}],"version-history":[{"count":1,"href":"https:\/\/www.diocesidiroma.it\/utsroma\/index.php\/wp-json\/wp\/v2\/posts\/2276\/revisions"}],"predecessor-version":[{"id":2278,"href":"https:\/\/www.diocesidiroma.it\/utsroma\/index.php\/wp-json\/wp\/v2\/posts\/2276\/revisions\/2278"}],"wp:featuredmedia":[{"embeddable":true,"href":"https:\/\/www.diocesidiroma.it\/utsroma\/index.php\/wp-json\/wp\/v2\/media\/2277"}],"wp:attachment":[{"href":"https:\/\/www.diocesidiroma.it\/utsroma\/index.php\/wp-json\/wp\/v2\/media?parent=2276"}],"wp:term":[{"taxonomy":"category","embeddable":true,"href":"https:\/\/www.diocesidiroma.it\/utsroma\/index.php\/wp-json\/wp\/v2\/categories?post=2276"},{"taxonomy":"post_tag","embeddable":true,"href":"https:\/\/www.diocesidiroma.it\/utsroma\/index.php\/wp-json\/wp\/v2\/tags?post=2276"}],"curies":[{"name":"wp","href":"https:\/\/api.w.org\/{rel}","templated":true}]}}