{"id":2321,"date":"2022-10-25T19:17:19","date_gmt":"2022-10-25T17:17:19","guid":{"rendered":"https:\/\/www.diocesidiroma.it\/utsroma\/\/?p=2321"},"modified":"2022-10-25T19:17:19","modified_gmt":"2022-10-25T17:17:19","slug":"gmg-cercasi-coro-per-lanimazione-liturgica","status":"publish","type":"post","link":"https:\/\/www.diocesidiroma.it\/utsroma\/index.php\/gmg-cercasi-coro-per-lanimazione-liturgica\/","title":{"rendered":"Gmg, cercasi coro per l&#8217;animazione liturgica del 20 novembre"},"content":{"rendered":"<h2>Gmg diocesana: un coro<\/h2>\n<p>La <a href=\"https:\/\/www.diocesidiroma.it\/pastoralegiovanileroma\/\">Pastorale Giovanile<\/a> \u00e8 alla ricerca di un coro parrocchiale della Diocesi di Roma che possa animare un momento di preghiera, in occasione della GMG diocesana, nella notte tra <strong>sabato 19 e domenica 20 novembre<\/strong>, al <strong>Santuario del Divino Amore<\/strong>.<\/p>\n<p>Quanti interessati potranno inviare, <strong>entro e non oltre il 2 novembre<\/strong>, un&#8217;email all&#8217;indirizzo uts@diocesidiroma.it, indicando i titoli di massimo 5 brani liturgici da eseguire. L&#8217;animazione, che preceder\u00e0 la Messa delle ore 5 con il cardinale vicario, Angelo De Donatis, sar\u00e0 affidata al coro che per primo invier\u00e0 la propria candidatura.<\/p>\n<h2>Gmg diocesana: il programma<\/h2>\n<p>Il coro \u00e8 comunque invitato a prendere parte, insieme a tutti gli altri partecipanti, all&#8217;intera serata di condivisione, festa e preghiera pensata in preparazione alla GMG di Lisbona.<\/p>\n<p>Si comincia con l&#8217;accoglienza e la registrazione alle ore 18:00. A seguire, sessioni di streetgym per prendersi cura di s\u00e9 stessi, immersi tra arte, storia e fede. A partire dalle ore 19:00, poi, saranno aperti gli stand dove sar\u00e0 possibile acquistare da mangiare.<\/p>\n<p>Alle ore 21:00 \u00e8 la volta della grande festa all\u2019Auditorium con band di musica dal vivo e\u00a0 giochi interattivi. A partire dalle 00:30 e fino alle 02:00 \u00e8 in programma la veglia (flambeaux \u2013 cori di musica sacra \u2013 esposizione del Santissimo \u2013 testimonianze &#8211; spazio per le confessioni). Ancora, dalle 02:00-04:30 ci saranno stand interattivi, spazio alla preghiera personale e alle confessioni.<\/p>\n<p>La nottata si concluder\u00e0 alle ore 5 con la Messa presieduta dal cardinale vicario.<\/p>\n<h2>Gmg diocesana: le parole di Papa Francesco<\/h2>\n<p>Anche quest\u2019anno, in occasione della GMG,\u00a0 Papa Francesco affida tutti i ragazzi a Maria, madre e al tempo stesso giovane donna.<\/p>\n<p><em>Ecco la serva del Signore: avvenga per me secondo la tua parola<\/em>\u00bb (<em>Lc\u00a0<\/em>1,38) era il tema della GMG di Panama. \u00abDopo quell\u2019evento &#8211; ricorda il Pontefice &#8211; abbiamo ripreso la strada verso una nuova meta, Lisbona 2023, lasciando echeggiare nei nostri cuori l\u2019invito pressante di Dio ad <em>alzarci<\/em>.<\/p>\n<p>Nel 2020 abbiamo meditato sulla parola di Ges\u00f9: <em>Giovane, dico a te, alzati!<\/em>\u00a0(<em>Lc\u00a0<\/em>7,14). L\u2019anno scorso ci ha ispirato la figura di San Paolo apostolo, a cui il Signore Risorto disse: <em>Alzati! Ti costituisco testimone di quel che hai visto.<\/em>\u00a0(cfr\u00a0<em>At\u00a0<\/em>26,16).<\/p>\n<p>Nel tratto che ancora ci manca per giungere a Lisbona cammineremo insieme alla Vergine di Nazareth che, subito dopo l\u2019annunciazione, <em>si alz\u00f2 e and\u00f2 in fretta<\/em>\u00a0(<em>Lc\u00a0<\/em>1,39) per andare ad aiutare la cugina Elisabetta. Il verbo comune ai tre temi \u00e8\u00a0<em>alzarsi<\/em>, espressione che \u2013 \u00e8 bene ricordare \u2013 assume anche il significato di \u201crisorgere\u201d, \u201crisvegliarsi alla vita\u201d\u00bb.<\/p>\n<p>&nbsp;<\/p>\n","protected":false},"excerpt":{"rendered":"<p>Gmg diocesana: un coro La Pastorale Giovanile \u00e8 alla ricerca di un coro parrocchiale della Diocesi di Roma che possa animare un momento di preghiera, in occasione della GMG diocesana, nella notte tra sabato 19 e domenica 20 novembre, al Santuario del Divino Amore. Quanti interessati potranno inviare, entro e non oltre il 2 novembre, [&hellip;]<\/p>\n","protected":false},"author":4,"featured_media":2322,"comment_status":"open","ping_status":"open","sticky":false,"template":"","format":"standard","meta":{"footnotes":""},"categories":[20],"tags":[],"class_list":["post-2321","post","type-post","status-publish","format-standard","has-post-thumbnail","hentry","category-notizie"],"_links":{"self":[{"href":"https:\/\/www.diocesidiroma.it\/utsroma\/index.php\/wp-json\/wp\/v2\/posts\/2321","targetHints":{"allow":["GET"]}}],"collection":[{"href":"https:\/\/www.diocesidiroma.it\/utsroma\/index.php\/wp-json\/wp\/v2\/posts"}],"about":[{"href":"https:\/\/www.diocesidiroma.it\/utsroma\/index.php\/wp-json\/wp\/v2\/types\/post"}],"author":[{"embeddable":true,"href":"https:\/\/www.diocesidiroma.it\/utsroma\/index.php\/wp-json\/wp\/v2\/users\/4"}],"replies":[{"embeddable":true,"href":"https:\/\/www.diocesidiroma.it\/utsroma\/index.php\/wp-json\/wp\/v2\/comments?post=2321"}],"version-history":[{"count":1,"href":"https:\/\/www.diocesidiroma.it\/utsroma\/index.php\/wp-json\/wp\/v2\/posts\/2321\/revisions"}],"predecessor-version":[{"id":2323,"href":"https:\/\/www.diocesidiroma.it\/utsroma\/index.php\/wp-json\/wp\/v2\/posts\/2321\/revisions\/2323"}],"wp:featuredmedia":[{"embeddable":true,"href":"https:\/\/www.diocesidiroma.it\/utsroma\/index.php\/wp-json\/wp\/v2\/media\/2322"}],"wp:attachment":[{"href":"https:\/\/www.diocesidiroma.it\/utsroma\/index.php\/wp-json\/wp\/v2\/media?parent=2321"}],"wp:term":[{"taxonomy":"category","embeddable":true,"href":"https:\/\/www.diocesidiroma.it\/utsroma\/index.php\/wp-json\/wp\/v2\/categories?post=2321"},{"taxonomy":"post_tag","embeddable":true,"href":"https:\/\/www.diocesidiroma.it\/utsroma\/index.php\/wp-json\/wp\/v2\/tags?post=2321"}],"curies":[{"name":"wp","href":"https:\/\/api.w.org\/{rel}","templated":true}]}}