{"id":768,"date":"2018-09-06T13:04:43","date_gmt":"2018-09-06T11:04:43","guid":{"rendered":"https:\/\/www.diocesidiroma.it\/utsroma\/\/?p=768"},"modified":"2018-09-06T13:58:29","modified_gmt":"2018-09-06T11:58:29","slug":"festa-di-fine-estate-insieme-al-cor-a-a-cinecitta-world","status":"publish","type":"post","link":"https:\/\/www.diocesidiroma.it\/utsroma\/index.php\/festa-di-fine-estate-insieme-al-cor-a-a-cinecitta-world\/","title":{"rendered":"Festa di fine estate insieme al Cor a Cinecitt\u00e0 World"},"content":{"rendered":"<p><span style=\"margin: 0px; color: #333333; font-family: 'Times New Roman',serif; font-size: 12pt;\"><strong>Il 15 settembre a Cinecitt\u00e0 World il Centro oratori romani (Cor)<\/strong> festegger\u00e0 la fine delle vacanze estive insieme ai ragazzi che hanno frequentano i campus estivi di formazione del Cor, a tutti i giovani che hanno prestato servizio nelle parrocchie durante il periodo di oratorio estivo e a qualsiasi ragazzo che faccia parte di un oratorio o di un gruppo parrocchiale giovanile! L\u2019evento (<a href=\"https:\/\/docs.google.com\/forms\/d\/1x5tdDY3hT-6KAovn9VQ2V0hcMO8jmkSD4N6skft01RY\/viewform?edit_requested=true\">iscrizioni<\/a> aperte fino a luned\u00ec 10 settembre), spiegano gli organizzatori, sar\u00e0 anche l\u2019occasione \u00abper ricordare i momenti vissuti insieme!!!\u00bb.<\/span><\/p>\n<p><span style=\"margin: 0px; color: #333333; font-family: 'Times New Roman',serif; font-size: 12pt;\"><a href=\"https:\/\/docs.google.com\/forms\/d\/1x5tdDY3hT-6KAovn9VQ2V0hcMO8jmkSD4N6skft01RY\/viewform?edit_requested=true\"><img loading=\"lazy\" decoding=\"async\" class=\"aligncenter size-medium wp-image-769\" src=\"https:\/\/www.diocesidiroma.it\/utsroma\/\/wp-content\/uploads\/2018\/09\/Cor_Festa-di-fine-estate-300x169.png\" alt=\"\" width=\"300\" height=\"169\" srcset=\"https:\/\/www.diocesidiroma.it\/utsroma\/wp-content\/uploads\/2018\/09\/Cor_Festa-di-fine-estate-300x169.png 300w, https:\/\/www.diocesidiroma.it\/utsroma\/wp-content\/uploads\/2018\/09\/Cor_Festa-di-fine-estate-768x431.png 768w, https:\/\/www.diocesidiroma.it\/utsroma\/wp-content\/uploads\/2018\/09\/Cor_Festa-di-fine-estate-696x391.png 696w, https:\/\/www.diocesidiroma.it\/utsroma\/wp-content\/uploads\/2018\/09\/Cor_Festa-di-fine-estate-748x420.png 748w, https:\/\/www.diocesidiroma.it\/utsroma\/wp-content\/uploads\/2018\/09\/Cor_Festa-di-fine-estate.png 908w\" sizes=\"auto, (max-width: 300px) 100vw, 300px\" \/><\/a><strong>La giornata prender\u00e0 il via alle 14<\/strong> con la partenza in pullman da San Giovanni in Laterano. All\u2019arrivo a Cinecitt\u00e0 World, previsto per le 15, ci sar\u00e0 l\u2019accoglienza dei gruppi el\u2019inizio delle attrazioni. Alle 18 \u201cMemORES\u201d &#8211; memoria di un\u2019estate insieme e a seguire, intorno alle 19, il Dj Set presso Cinecitt\u00e0 Street. La serata proseguir\u00e0 fino alle 22.30 quando si ripartir\u00e0 con la navetta alla volta di San Giovanni.<\/span><\/p>\n<p><strong><span style=\"margin: 0px; color: #333333; font-family: 'Times New Roman',serif; font-size: 12pt;\">\u00a0<\/span><\/strong><span style=\"margin: 0px; color: #333333; line-height: 107%; font-family: 'Times New Roman',serif; font-size: 12pt;\"><strong>La quota di partecipazione \u00e8 di 12 euro<\/strong> e comprende l\u2019ingresso al parco e la navetta andata\/ritorno. Per chi vorr\u00e0 ci sar\u00e0 la possibilit\u00e0 di cenare con il Men\u00f9 Cowboy (panino con hamburger o cotoletta di pollo o cotoletta vegetariana, patatine fritte, bibita) al costo aggiuntivo di 5 euro.<\/span><\/p>\n","protected":false},"excerpt":{"rendered":"<p>Il 15 settembre a Cinecitt\u00e0 World il Centro oratori romani (Cor) festegger\u00e0 la fine delle vacanze estive insieme ai ragazzi che hanno frequentano i campus estivi di formazione del Cor, a tutti i giovani che hanno prestato servizio nelle parrocchie durante il periodo di oratorio estivo e a qualsiasi ragazzo che faccia parte di un [&hellip;]<\/p>\n","protected":false},"author":3,"featured_media":770,"comment_status":"open","ping_status":"open","sticky":false,"template":"","format":"standard","meta":{"footnotes":""},"categories":[20],"tags":[58,59],"class_list":["post-768","post","type-post","status-publish","format-standard","has-post-thumbnail","hentry","category-notizie","tag-famiglia","tag-parrocchie"],"_links":{"self":[{"href":"https:\/\/www.diocesidiroma.it\/utsroma\/index.php\/wp-json\/wp\/v2\/posts\/768","targetHints":{"allow":["GET"]}}],"collection":[{"href":"https:\/\/www.diocesidiroma.it\/utsroma\/index.php\/wp-json\/wp\/v2\/posts"}],"about":[{"href":"https:\/\/www.diocesidiroma.it\/utsroma\/index.php\/wp-json\/wp\/v2\/types\/post"}],"author":[{"embeddable":true,"href":"https:\/\/www.diocesidiroma.it\/utsroma\/index.php\/wp-json\/wp\/v2\/users\/3"}],"replies":[{"embeddable":true,"href":"https:\/\/www.diocesidiroma.it\/utsroma\/index.php\/wp-json\/wp\/v2\/comments?post=768"}],"version-history":[{"count":4,"href":"https:\/\/www.diocesidiroma.it\/utsroma\/index.php\/wp-json\/wp\/v2\/posts\/768\/revisions"}],"predecessor-version":[{"id":782,"href":"https:\/\/www.diocesidiroma.it\/utsroma\/index.php\/wp-json\/wp\/v2\/posts\/768\/revisions\/782"}],"wp:featuredmedia":[{"embeddable":true,"href":"https:\/\/www.diocesidiroma.it\/utsroma\/index.php\/wp-json\/wp\/v2\/media\/770"}],"wp:attachment":[{"href":"https:\/\/www.diocesidiroma.it\/utsroma\/index.php\/wp-json\/wp\/v2\/media?parent=768"}],"wp:term":[{"taxonomy":"category","embeddable":true,"href":"https:\/\/www.diocesidiroma.it\/utsroma\/index.php\/wp-json\/wp\/v2\/categories?post=768"},{"taxonomy":"post_tag","embeddable":true,"href":"https:\/\/www.diocesidiroma.it\/utsroma\/index.php\/wp-json\/wp\/v2\/tags?post=768"}],"curies":[{"name":"wp","href":"https:\/\/api.w.org\/{rel}","templated":true}]}}