{"id":773,"date":"2018-09-05T13:09:49","date_gmt":"2018-09-05T11:09:49","guid":{"rendered":"https:\/\/www.diocesidiroma.it\/utsroma\/\/?p=773"},"modified":"2018-09-06T13:21:48","modified_gmt":"2018-09-06T11:21:48","slug":"da-aosta-a-roma-850-chilometri-a-piedi-per-la-ricerca-del-bambino-gesu","status":"publish","type":"post","link":"https:\/\/www.diocesidiroma.it\/utsroma\/index.php\/da-aosta-a-roma-850-chilometri-a-piedi-per-la-ricerca-del-bambino-gesu\/","title":{"rendered":"Da Aosta a Roma, 850 chilometri a piedi per la ricerca del Bambino Ges\u00f9"},"content":{"rendered":"<p><strong>50 chilometri al<\/strong> <strong>giorno<\/strong> lungo la Via Francigena, dall\u20198 al 23 settembre, per raccogliere fondi in favore\u00a0della ricerca nel campo delle malattie neurodegenerative, condotta dall\u2019Ospedale pediatrico Bambino Ges\u00f9. \u00c8 la marcia di\u00a0Alessandro Ronald Sabelli, istruttore e personal trainer, direttore del Dipartimento sportivo della\u00a0John Cabot University,\u00a0 che insieme alla societ\u00e0 dilettantistica Stone Tower ha creato il progetto <a href=\"http:\/\/www.fondazionebambinogesu.it\/presta\/home\/42-878-walk-for-research.html\">Walk For Research<\/a>. In tutto, 850 chilometri a piedi. Un\u2019iniziativa che si ripete per il terzo anno e che quest\u2019anno sar\u00e0 a sostegno della Fondazione Bambino Ges\u00f9 onlus.<\/p>\n<p><strong>Il cronoprogramma della<\/strong> marcia prevede la partenza da Chatillon \u2013 Saint Vincent, in provincia di Aosta, con tappe previste anche a Pavia, Piacenza e Siena. Quindi l\u2019arrivo, programmato per domenica 23 settembre proprio all\u2019Ospedale pediatrico romano. Tappa dopo tappa, la camminata di Alessandro sar\u00e0 seguita dal pubblico e raccontata sui canali social della onlus del Bambino Ges\u00f9, attraverso i quali sar\u00e0 possibile\u00a0effettuare una donazione.<\/p>\n<p>\u00ab<strong>Camminare \u00e8 il viaggio<\/strong> pi\u00f9 bello della mia vita &#8211; dichiara Alessandro Ronald Sabelli -, poi donare e <img loading=\"lazy\" decoding=\"async\" class=\"alignleft size-full wp-image-774\" src=\"https:\/\/www.diocesidiroma.it\/utsroma\/\/wp-content\/uploads\/2018\/09\/walk-for-research_interna.jpg\" alt=\"\" width=\"249\" height=\"180\" \/>sostenere la ricerca, soprattutto se rivolta ai bambini, credo sia davvero la gioia pi\u00f9 grande. Non scorder\u00f2 mai una bambina di cinque anni e mezzo che aveva trascorso gran parte della vita al Royal Marsden: vedendomi arrivare nella sua scuola mi \u00e8 venuta incontro e prendendomi la mano mi ha detto: \u201cThank you\u201d\u00bb.<\/p>\n","protected":false},"excerpt":{"rendered":"<p>50 chilometri al giorno lungo la Via Francigena, dall\u20198 al 23 settembre, per raccogliere fondi in favore\u00a0della ricerca nel campo delle malattie neurodegenerative, condotta dall\u2019Ospedale pediatrico Bambino Ges\u00f9. \u00c8 la marcia di\u00a0Alessandro Ronald Sabelli, istruttore e personal trainer, direttore del Dipartimento sportivo della\u00a0John Cabot University,\u00a0 che insieme alla societ\u00e0 dilettantistica Stone Tower ha creato il [&hellip;]<\/p>\n","protected":false},"author":3,"featured_media":775,"comment_status":"open","ping_status":"open","sticky":false,"template":"","format":"standard","meta":{"footnotes":""},"categories":[20],"tags":[],"class_list":["post-773","post","type-post","status-publish","format-standard","has-post-thumbnail","hentry","category-notizie"],"_links":{"self":[{"href":"https:\/\/www.diocesidiroma.it\/utsroma\/index.php\/wp-json\/wp\/v2\/posts\/773","targetHints":{"allow":["GET"]}}],"collection":[{"href":"https:\/\/www.diocesidiroma.it\/utsroma\/index.php\/wp-json\/wp\/v2\/posts"}],"about":[{"href":"https:\/\/www.diocesidiroma.it\/utsroma\/index.php\/wp-json\/wp\/v2\/types\/post"}],"author":[{"embeddable":true,"href":"https:\/\/www.diocesidiroma.it\/utsroma\/index.php\/wp-json\/wp\/v2\/users\/3"}],"replies":[{"embeddable":true,"href":"https:\/\/www.diocesidiroma.it\/utsroma\/index.php\/wp-json\/wp\/v2\/comments?post=773"}],"version-history":[{"count":1,"href":"https:\/\/www.diocesidiroma.it\/utsroma\/index.php\/wp-json\/wp\/v2\/posts\/773\/revisions"}],"predecessor-version":[{"id":776,"href":"https:\/\/www.diocesidiroma.it\/utsroma\/index.php\/wp-json\/wp\/v2\/posts\/773\/revisions\/776"}],"wp:featuredmedia":[{"embeddable":true,"href":"https:\/\/www.diocesidiroma.it\/utsroma\/index.php\/wp-json\/wp\/v2\/media\/775"}],"wp:attachment":[{"href":"https:\/\/www.diocesidiroma.it\/utsroma\/index.php\/wp-json\/wp\/v2\/media?parent=773"}],"wp:term":[{"taxonomy":"category","embeddable":true,"href":"https:\/\/www.diocesidiroma.it\/utsroma\/index.php\/wp-json\/wp\/v2\/categories?post=773"},{"taxonomy":"post_tag","embeddable":true,"href":"https:\/\/www.diocesidiroma.it\/utsroma\/index.php\/wp-json\/wp\/v2\/tags?post=773"}],"curies":[{"name":"wp","href":"https:\/\/api.w.org\/{rel}","templated":true}]}}